{"id":1063,"date":"2019-11-08T22:13:56","date_gmt":"2019-11-08T22:13:56","guid":{"rendered":"https:\/\/blogs.correiobraziliense.com.br\/primeirainfancia\/?p=1063"},"modified":"2019-11-08T22:13:56","modified_gmt":"2019-11-08T22:13:56","slug":"app-de-empresa-junior-da-usp-mostra-exames-mais-rapido-a-gestantes-de-go","status":"publish","type":"post","link":"https:\/\/blogs.correiobraziliense.com.br\/primeirainfancia\/2019\/11\/08\/app-de-empresa-junior-da-usp-mostra-exames-mais-rapido-a-gestantes-de-go\/","title":{"rendered":"App de empresa j\u00fanior da USP mostra exames mais r\u00e1pido a gestantes de GO"},"content":{"rendered":"<p>Sistema desenvolvido pela Poli J\u00fanior leva informa\u00e7\u00f5es sobre os resultados de exames at\u00e9 87% mais r\u00e1pido do que o m\u00e9todo tradicional para as mam\u00e3es em Goi\u00e1s. A situa\u00e7\u00e3o da sa\u00fade p\u00fablica no Brasil \u00e9 sempre preocupante, principalmente quando se trata de mulheres gr\u00e1vidas. N\u00e3o \u00e9 incomum que muitas percam os beb\u00eas devido a atrasos no atendimento.<\/p>\n<figure id=\"attachment_1064\" aria-describedby=\"caption-attachment-1064\" style=\"width: 300px\" class=\"wp-caption aligncenter\"><img loading=\"lazy\" decoding=\"async\" class=\"size-full wp-image-1064\" src=\"https:\/\/blogs.correiobraziliense.com.br\/primeirainfancia\/wp-content\/uploads\/sites\/49\/2019\/11\/1-1.jpg\" alt=\"\" width=\"300\" height=\"533\" srcset=\"https:\/\/blogs.correiobraziliense.com.br\/primeirainfancia\/wp-content\/uploads\/sites\/49\/2019\/11\/1-1.jpg 300w, https:\/\/blogs.correiobraziliense.com.br\/primeirainfancia\/wp-content\/uploads\/sites\/49\/2019\/11\/1-1-169x300.jpg 169w, https:\/\/blogs.correiobraziliense.com.br\/primeirainfancia\/wp-content\/uploads\/sites\/49\/2019\/11\/1-1-230x409.jpg 230w\" sizes=\"auto, (max-width: 300px) 100vw, 300px\" \/><figcaption id=\"caption-attachment-1064\" class=\"wp-caption-text\">Sistema mostra mensagens e resultados personalizados<\/figcaption><\/figure>\n<p>Em fun\u00e7\u00e3o deste cen\u00e1rio a, Poli J\u00fanior, empresa j\u00fanior formada por alunos de engenharia da Universidade de S\u00e3o Paulo (USP), criaram o aplicativo Teste da mam\u00e3e. O app surgiu a partir do desafio proposto por um dos laborat\u00f3rios de biomedicina de atendimento do Programa de Prote\u00e7\u00e3o \u00e0 Gestante (PPG) do Estado de Goi\u00e1s.<\/p>\n<p>Operando desde o in\u00edcio do ano gratuitamente, para usu\u00e1rios do sistema Android, o projeto \u00e9 capaz de entregar as informa\u00e7\u00f5es para as gr\u00e1vidas at\u00e9 87% mais r\u00e1pido do que a maneira tradicional, que conta com filas, horas em p\u00e9 e desencontro de informa\u00e7\u00f5es.<\/p>\n<figure id=\"attachment_1065\" aria-describedby=\"caption-attachment-1065\" style=\"width: 750px\" class=\"wp-caption aligncenter\"><img loading=\"lazy\" decoding=\"async\" class=\"size-full wp-image-1065\" src=\"https:\/\/blogs.correiobraziliense.com.br\/primeirainfancia\/wp-content\/uploads\/sites\/49\/2019\/11\/2-1.jpg\" alt=\"\" width=\"750\" height=\"500\" srcset=\"https:\/\/blogs.correiobraziliense.com.br\/primeirainfancia\/wp-content\/uploads\/sites\/49\/2019\/11\/2-1.jpg 750w, https:\/\/blogs.correiobraziliense.com.br\/primeirainfancia\/wp-content\/uploads\/sites\/49\/2019\/11\/2-1-300x200.jpg 300w, https:\/\/blogs.correiobraziliense.com.br\/primeirainfancia\/wp-content\/uploads\/sites\/49\/2019\/11\/2-1-550x367.jpg 550w, https:\/\/blogs.correiobraziliense.com.br\/primeirainfancia\/wp-content\/uploads\/sites\/49\/2019\/11\/2-1-230x153.jpg 230w\" sizes=\"auto, (max-width: 750px) 100vw, 750px\" \/><figcaption id=\"caption-attachment-1065\" class=\"wp-caption-text\">Estudantes de engenharia da Universidade de S\u00e3o Paulo criaram o aplicativo<\/figcaption><\/figure>\n<p>Os estudantes desenvolveram o aplicativo com o uso de intelig\u00eancia artificial capaz de aproximar gestantes dos postos de sa\u00fade, dando acesso mais \u00e1gil aos resultados dos exames realizados no pr\u00e9-natal.<\/p>\n<p>Al\u00e9m disso, o sistema conta com informa\u00e7\u00f5es gerais para tirar d\u00favidas frequentes sobre a gravidez, para as mam\u00e3es conseguirem acompanhar o desenvolvimento do beb\u00ea de forma mais saud\u00e1vel e humanizada.<\/p>\n<figure id=\"attachment_1066\" aria-describedby=\"caption-attachment-1066\" style=\"width: 750px\" class=\"wp-caption aligncenter\"><img loading=\"lazy\" decoding=\"async\" class=\"size-full wp-image-1066\" src=\"https:\/\/blogs.correiobraziliense.com.br\/primeirainfancia\/wp-content\/uploads\/sites\/49\/2019\/11\/3.jpg\" alt=\"\" width=\"750\" height=\"500\" srcset=\"https:\/\/blogs.correiobraziliense.com.br\/primeirainfancia\/wp-content\/uploads\/sites\/49\/2019\/11\/3.jpg 750w, https:\/\/blogs.correiobraziliense.com.br\/primeirainfancia\/wp-content\/uploads\/sites\/49\/2019\/11\/3-300x200.jpg 300w, https:\/\/blogs.correiobraziliense.com.br\/primeirainfancia\/wp-content\/uploads\/sites\/49\/2019\/11\/3-550x367.jpg 550w, https:\/\/blogs.correiobraziliense.com.br\/primeirainfancia\/wp-content\/uploads\/sites\/49\/2019\/11\/3-230x153.jpg 230w\" sizes=\"auto, (max-width: 750px) 100vw, 750px\" \/><figcaption id=\"caption-attachment-1066\" class=\"wp-caption-text\">Alunos trabalharam depois por encomenda de laborat\u00f3rio goiano<\/figcaption><\/figure>\n<p>O p\u00fablico-alvo s\u00e3o mulheres de baixa renda que moram em locais distantes dos postos de sa\u00fade e, como moram no interior de Goi\u00e1s, t\u00eam baixo acesso a informa\u00e7\u00f5es e n\u00e3o \u00e9 c\u00f4modo realizarem o trajeto de ida e volta entre posto de sa\u00fade e suas resid\u00eancias regularmente.<\/p>\n","protected":false},"excerpt":{"rendered":"<p>Sistema desenvolvido pela Poli J\u00fanior leva informa\u00e7\u00f5es sobre os resultados de exames at\u00e9 87% mais r\u00e1pido do que o m\u00e9todo tradicional para as mam\u00e3es em Goi\u00e1s. A situa\u00e7\u00e3o da sa\u00fade p\u00fablica no Brasil \u00e9 sempre preocupante, principalmente quando se trata de mulheres gr\u00e1vidas. N\u00e3o \u00e9 incomum que muitas percam os beb\u00eas devido a atrasos no atendimento. Em fun\u00e7\u00e3o deste cen\u00e1rio [&hellip;]<\/p>\n","protected":false},"author":106,"featured_media":1065,"comment_status":"open","ping_status":"open","sticky":false,"template":"","format":"standard","meta":{"footnotes":""},"categories":[1],"tags":[],"class_list":["post-1063","post","type-post","status-publish","format-standard","has-post-thumbnail","hentry","category-sem-categoria"],"_links":{"self":[{"href":"https:\/\/blogs.correiobraziliense.com.br\/primeirainfancia\/wp-json\/wp\/v2\/posts\/1063","targetHints":{"allow":["GET"]}}],"collection":[{"href":"https:\/\/blogs.correiobraziliense.com.br\/primeirainfancia\/wp-json\/wp\/v2\/posts"}],"about":[{"href":"https:\/\/blogs.correiobraziliense.com.br\/primeirainfancia\/wp-json\/wp\/v2\/types\/post"}],"author":[{"embeddable":true,"href":"https:\/\/blogs.correiobraziliense.com.br\/primeirainfancia\/wp-json\/wp\/v2\/users\/106"}],"replies":[{"embeddable":true,"href":"https:\/\/blogs.correiobraziliense.com.br\/primeirainfancia\/wp-json\/wp\/v2\/comments?post=1063"}],"version-history":[{"count":1,"href":"https:\/\/blogs.correiobraziliense.com.br\/primeirainfancia\/wp-json\/wp\/v2\/posts\/1063\/revisions"}],"predecessor-version":[{"id":1067,"href":"https:\/\/blogs.correiobraziliense.com.br\/primeirainfancia\/wp-json\/wp\/v2\/posts\/1063\/revisions\/1067"}],"wp:featuredmedia":[{"embeddable":true,"href":"https:\/\/blogs.correiobraziliense.com.br\/primeirainfancia\/wp-json\/wp\/v2\/media\/1065"}],"wp:attachment":[{"href":"https:\/\/blogs.correiobraziliense.com.br\/primeirainfancia\/wp-json\/wp\/v2\/media?parent=1063"}],"wp:term":[{"taxonomy":"category","embeddable":true,"href":"https:\/\/blogs.correiobraziliense.com.br\/primeirainfancia\/wp-json\/wp\/v2\/categories?post=1063"},{"taxonomy":"post_tag","embeddable":true,"href":"https:\/\/blogs.correiobraziliense.com.br\/primeirainfancia\/wp-json\/wp\/v2\/tags?post=1063"}],"curies":[{"name":"wp","href":"https:\/\/api.w.org\/{rel}","templated":true}]}}