{"id":1041,"date":"2019-10-22T00:20:24","date_gmt":"2019-10-22T00:20:24","guid":{"rendered":"https:\/\/blogs.correiobraziliense.com.br\/primeirainfancia\/?p=1041"},"modified":"2019-10-22T01:03:21","modified_gmt":"2019-10-22T01:03:21","slug":"brasiliense-faz-vaquinha-para-publicar-livro-sobre-gravidez-inesperada","status":"publish","type":"post","link":"https:\/\/blogs.correiobraziliense.com.br\/primeirainfancia\/2019\/10\/22\/brasiliense-faz-vaquinha-para-publicar-livro-sobre-gravidez-inesperada\/","title":{"rendered":"Brasiliense faz vaquinha para publicar livro sobre gravidez inesperada"},"content":{"rendered":"<p><strong>Com Luiz Neto*<\/strong><\/p>\n<p>Jovem autora brasiliense organiza campanha de financiamento coletivo no <a href=\"https:\/\/www.catarse.me\/queridobebe\">Catarse<\/a>\u00a0para lan\u00e7ar livro premiado em plataforma de leitura na internet e tem 10 dias para bater a meta. Julia Braga, 26 anos, publicou 13 obras no <a href=\"https:\/\/www.wattpad.com\/user\/JuliaBT\">Wattpad<\/a>, entre elas <em>Querido Beb\u00ea<\/em>, que ganhou o pr\u00eamio Wattys 2016 &#8211; Edi\u00e7\u00e3o de Colecionador.<\/p>\n<figure id=\"attachment_1043\" aria-describedby=\"caption-attachment-1043\" style=\"width: 400px\" class=\"wp-caption aligncenter\"><img loading=\"lazy\" decoding=\"async\" class=\"size-full wp-image-1043\" src=\"https:\/\/blogs.correiobraziliense.com.br\/primeirainfancia\/wp-content\/uploads\/sites\/49\/2019\/10\/5-1.jpg\" alt=\"\" width=\"400\" height=\"559\" srcset=\"https:\/\/blogs.correiobraziliense.com.br\/primeirainfancia\/wp-content\/uploads\/sites\/49\/2019\/10\/5-1.jpg 400w, https:\/\/blogs.correiobraziliense.com.br\/primeirainfancia\/wp-content\/uploads\/sites\/49\/2019\/10\/5-1-215x300.jpg 215w, https:\/\/blogs.correiobraziliense.com.br\/primeirainfancia\/wp-content\/uploads\/sites\/49\/2019\/10\/5-1-230x321.jpg 230w\" sizes=\"auto, (max-width: 400px) 100vw, 400px\" \/><figcaption id=\"caption-attachment-1043\" class=\"wp-caption-text\">A capa do livro que conquistou 4 milh\u00f5es de leitores no Wattpad<\/figcaption><\/figure>\n<p>O selo celebra os textos mais adicionados \u00e0 biblioteca pessoal dos leitores. No Wattpad, o livro de Julia, voltado ao p\u00fablico jovem adulto, conquistou 4 milh\u00f5es de leitores. Outras publica\u00e7\u00f5es da autora brasiliense s\u00e3o <em>Eu, Cupido<\/em> e <em>Eu N\u00e3o Amo Voc\u00ea<\/em>. Atualmente, ela est\u00e1 escrevendo v\u00e1rios livros ao mesmo tempo e postando os cap\u00edtulos no Wattpad. Algumas das obras em andamento s\u00e3o <em>Psicologia Reversa<\/em> e <em>Senhor Cupido<\/em>.<\/p>\n<figure id=\"attachment_1044\" aria-describedby=\"caption-attachment-1044\" style=\"width: 750px\" class=\"wp-caption aligncenter\"><img loading=\"lazy\" decoding=\"async\" class=\"size-full wp-image-1044\" src=\"https:\/\/blogs.correiobraziliense.com.br\/primeirainfancia\/wp-content\/uploads\/sites\/49\/2019\/10\/2-3.jpg\" alt=\"\" width=\"750\" height=\"500\" srcset=\"https:\/\/blogs.correiobraziliense.com.br\/primeirainfancia\/wp-content\/uploads\/sites\/49\/2019\/10\/2-3.jpg 750w, https:\/\/blogs.correiobraziliense.com.br\/primeirainfancia\/wp-content\/uploads\/sites\/49\/2019\/10\/2-3-300x200.jpg 300w, https:\/\/blogs.correiobraziliense.com.br\/primeirainfancia\/wp-content\/uploads\/sites\/49\/2019\/10\/2-3-550x367.jpg 550w, https:\/\/blogs.correiobraziliense.com.br\/primeirainfancia\/wp-content\/uploads\/sites\/49\/2019\/10\/2-3-230x153.jpg 230w\" sizes=\"auto, (max-width: 750px) 100vw, 750px\" \/><figcaption id=\"caption-attachment-1044\" class=\"wp-caption-text\">Julia Braga conquistou milh\u00f5es de leitores on-line<\/figcaption><\/figure>\n<p>Depois do sucesso na internet, a escritora decidiu lan\u00e7ar, em parceira com o grupo editorial Mapalab, a vers\u00e3o f\u00edsica do livro <em>Querido Beb\u00ea<\/em>. Ter a obra impressa em m\u00e3os, inclusive, era um pedido antigo dos leitores. Para realizar o objetivo, Julia busca ajuda do p\u00fablico: ela lan\u00e7ou uma vaquinha virtual a fim de financiar o projeto. De 1\u00ba de outubro at\u00e9 agora, a escritora arrecadou R$ 14.950.<\/p>\n<p>Julia relata que os leitores reagiram positivamente \u00e0 iniciativa de trazer o livro para o mundo real. \u201cNa primeira semana, a gente arrecadou, tipo, R$10 mil e eu n\u00e3o esperava isso. Eles est\u00e3o apoiando muito, fazendo uma divulga\u00e7\u00e3o pesada\u201d, comemora. \u201cEu sabia que os meus leitores ajudariam, mas eu n\u00e3o tinha no\u00e7\u00e3o do quanto\u201d, disse a autora.<\/p>\n<figure id=\"attachment_1045\" aria-describedby=\"caption-attachment-1045\" style=\"width: 750px\" class=\"wp-caption aligncenter\"><img loading=\"lazy\" decoding=\"async\" class=\"size-full wp-image-1045\" src=\"https:\/\/blogs.correiobraziliense.com.br\/primeirainfancia\/wp-content\/uploads\/sites\/49\/2019\/10\/3-1.jpg\" alt=\"\" width=\"750\" height=\"530\" srcset=\"https:\/\/blogs.correiobraziliense.com.br\/primeirainfancia\/wp-content\/uploads\/sites\/49\/2019\/10\/3-1.jpg 750w, https:\/\/blogs.correiobraziliense.com.br\/primeirainfancia\/wp-content\/uploads\/sites\/49\/2019\/10\/3-1-300x212.jpg 300w, https:\/\/blogs.correiobraziliense.com.br\/primeirainfancia\/wp-content\/uploads\/sites\/49\/2019\/10\/3-1-550x389.jpg 550w, https:\/\/blogs.correiobraziliense.com.br\/primeirainfancia\/wp-content\/uploads\/sites\/49\/2019\/10\/3-1-230x163.jpg 230w\" sizes=\"auto, (max-width: 750px) 100vw, 750px\" \/><figcaption id=\"caption-attachment-1045\" class=\"wp-caption-text\">Gr\u00e1fico explica como o total arrecadado em financiamento coletivo ser\u00e1 usado<\/figcaption><\/figure>\n<p>A meta \u00e9 alcan\u00e7ar R$ 19.800 no total. Restam 10 dias para o fim da campanha, e interessados em colaborar com o financiamento coletivo devem clicar no <a href=\"https:\/\/www.catarse.me\/queridobebe\">link<\/a>\u00a0at\u00e9 31 de outubro. A campanha \u00e9 no estilo &#8220;tudo ou nada&#8221;. Isso quer dizer que, se a meta n\u00e3o for atingida, todos os colaboradores receber\u00e3o seu dinheiro de volta, e o projeto ser\u00e1 cancelado.<\/p>\n<p>Para incentivar leitores a ajudarem, a autora disponibiliza recompensas para os apoiadores do projeto. Trechos in\u00e9ditos, final alternativo, carta manuscrita, marcadores, bottons, ecobag com ilustra\u00e7\u00e3o definida em concurso on-line na <a href=\"https:\/\/www.wattpad.com\/user\/JuliaBT\">p\u00e1gina da autora no Wattpad<\/a>\u00a0e at\u00e9 o nome de um personagem que pode ser escolhido por voc\u00ea s\u00e3o alguns dos pr\u00eamios poss\u00edveis por ajudar o projeto.<\/p>\n<figure id=\"attachment_1046\" aria-describedby=\"caption-attachment-1046\" style=\"width: 750px\" class=\"wp-caption aligncenter\"><img loading=\"lazy\" decoding=\"async\" class=\"size-full wp-image-1046\" src=\"https:\/\/blogs.correiobraziliense.com.br\/primeirainfancia\/wp-content\/uploads\/sites\/49\/2019\/10\/4.jpg\" alt=\"\" width=\"750\" height=\"500\" srcset=\"https:\/\/blogs.correiobraziliense.com.br\/primeirainfancia\/wp-content\/uploads\/sites\/49\/2019\/10\/4.jpg 750w, https:\/\/blogs.correiobraziliense.com.br\/primeirainfancia\/wp-content\/uploads\/sites\/49\/2019\/10\/4-300x200.jpg 300w, https:\/\/blogs.correiobraziliense.com.br\/primeirainfancia\/wp-content\/uploads\/sites\/49\/2019\/10\/4-550x367.jpg 550w, https:\/\/blogs.correiobraziliense.com.br\/primeirainfancia\/wp-content\/uploads\/sites\/49\/2019\/10\/4-230x153.jpg 230w\" sizes=\"auto, (max-width: 750px) 100vw, 750px\" \/><figcaption id=\"caption-attachment-1046\" class=\"wp-caption-text\">Escritora oferece recompensas exclusivas para quem colaborar com a vaquinha virtual, como ecobags e outros brindes<\/figcaption><\/figure>\n<p>O livro <em>Querido Beb\u00ea: um livro sobre planos imprevistos e encontros<\/em> conta a hist\u00f3ria de Isabela, uma estudante do 3\u00ba ano que tinha grandes planos, at\u00e9 descobrir a gravidez. Na hist\u00f3ria, a adolescente encontra uma forma de alivar os dramas e as d\u00favidas de uma gesta\u00e7\u00e3o inesperada ao escrever cartas para o beb\u00ea em sua barriga e public\u00e1-las em um blog, chamado Querido beb\u00ea.<\/p>\n<figure id=\"attachment_1048\" aria-describedby=\"caption-attachment-1048\" style=\"width: 600px\" class=\"wp-caption aligncenter\"><img loading=\"lazy\" decoding=\"async\" class=\"size-full wp-image-1048\" src=\"https:\/\/blogs.correiobraziliense.com.br\/primeirainfancia\/wp-content\/uploads\/sites\/49\/2019\/10\/1-9.jpg\" alt=\"\" width=\"600\" height=\"598\" srcset=\"https:\/\/blogs.correiobraziliense.com.br\/primeirainfancia\/wp-content\/uploads\/sites\/49\/2019\/10\/1-9.jpg 600w, https:\/\/blogs.correiobraziliense.com.br\/primeirainfancia\/wp-content\/uploads\/sites\/49\/2019\/10\/1-9-150x150.jpg 150w, https:\/\/blogs.correiobraziliense.com.br\/primeirainfancia\/wp-content\/uploads\/sites\/49\/2019\/10\/1-9-300x300.jpg 300w, https:\/\/blogs.correiobraziliense.com.br\/primeirainfancia\/wp-content\/uploads\/sites\/49\/2019\/10\/1-9-550x548.jpg 550w, https:\/\/blogs.correiobraziliense.com.br\/primeirainfancia\/wp-content\/uploads\/sites\/49\/2019\/10\/1-9-230x229.jpg 230w\" sizes=\"auto, (max-width: 600px) 100vw, 600px\" \/><figcaption id=\"caption-attachment-1048\" class=\"wp-caption-text\">Este \u00e9 o mote do livro Querido Beb\u00ea<\/figcaption><\/figure>\n<p>O portal come\u00e7a a ter mais acessos que o esperado e a jovem passa a compartilhar sua nova vida com algumas milhares de pessoas. Uma semelhan\u00e7a com a vida de Julia \u00e9 que, assim como a Isabela do livro, ela n\u00e3o esperava ter tantos acessos nas hist\u00f3rias que publica on-line. Para ler Querido Beb\u00ea on-line, acesse o <a href=\"https:\/\/www.wattpad.com\/story\/48438493-querido-beb%C3%AA-apoie-no-catarse\">site<\/a>.<\/p>\n<p><strong>Confira relatos de leitores de Querido Beb\u00ea e um recado da autora no v\u00eddeo:<\/strong><\/p>\n<p><iframe loading=\"lazy\" width=\"1440\" height=\"810\" src=\"https:\/\/www.youtube.com\/embed\/BUqkva4nL44?feature=oembed\" frameborder=\"0\" allow=\"accelerometer; autoplay; encrypted-media; gyroscope; picture-in-picture\" allowfullscreen><\/iframe><\/p>\n<h3>Saiba mais sobre a autora<\/h3>\n<p>Julia Braga tem 26 anos, n\u00e3o tem filhos, nasceu na capital federal e cursou letras na Universidade de Bras\u00edlia (UnB). Depois, mudou-se para S\u00e3o Paulo, onde mora at\u00e9 hoje. Segundo ela, a cidade oferece mais possibilidades para escritores. Fez tamb\u00e9m um curso de escrita criativa na Irlanda, onde fez interc\u00e2mbio em 2017.<\/p>\n<p>Apesar do sucesso on-line, infelizmente, Julia ainda n\u00e3o se sustenta com a escrita. &#8220;At\u00e9 agora, eu n\u00e3o ganhei dinheiro com a literatura. Eu escrevo para os meus leitores&#8221;, explica ela, que \u00e9 estagi\u00e1ria numa editora. Julia cursa produ\u00e7\u00e3o editoria na Universidade Anhembi Morumbi, em S\u00e3o Paulo.<\/p>\n<p>Julia conta como nascem suas obras: &#8220;A hist\u00f3ria vem para mim e eu come\u00e7o a pesquisar. Vou para o YouTube, vejo discuss\u00f5es das pessoas sobre o assunto e converso com quem vive a realidade que eu quero retratar&#8221;. O processo de escrita dela \u00e9 bem org\u00e2nico. &#8220;Deixo a hist\u00f3ria correr solta e depois volto para ajeitar.&#8221;<\/p>\n<p>Julia come\u00e7ou a escrever um livro aos 11 anos e, aos 16, passou a compartilhar hist\u00f3rias na internet. No come\u00e7o, at\u00e9 o extinto Orkut servia de espa\u00e7o. O livro preferido de Julia \u00e9 <em>O conto da aia<\/em>, da autora canadense Margaret Atwood. A obra, de 1985, inspirou \u00f3pera, filme, romance gr\u00e1fico e, mais recentemente, uma s\u00e9rie televisiva estadunidense, conhecida pelo t\u00edtulo original <em>The Handmaid&#8217;s Tale<\/em>.<\/p>\n<p>&nbsp;<\/p>\n<p><strong>*Estagi\u00e1rio sob supervis\u00e3o de Ana Paula Lisboa<\/strong><\/p>\n","protected":false},"excerpt":{"rendered":"<p>Com Luiz Neto* Jovem autora brasiliense organiza campanha de financiamento coletivo no Catarse\u00a0para lan\u00e7ar livro premiado em plataforma de leitura na internet e tem 10 dias para bater a meta. Julia Braga, 26 anos, publicou 13 obras no Wattpad, entre elas Querido Beb\u00ea, que ganhou o pr\u00eamio Wattys 2016 &#8211; Edi\u00e7\u00e3o de Colecionador. O selo celebra os textos mais adicionados [&hellip;]<\/p>\n","protected":false},"author":106,"featured_media":1044,"comment_status":"open","ping_status":"open","sticky":false,"template":"","format":"standard","meta":{"footnotes":""},"categories":[1],"tags":[243,241,30,240,242,239],"class_list":["post-1041","post","type-post","status-publish","format-standard","has-post-thumbnail","hentry","category-sem-categoria","tag-catarse","tag-julia-braga","tag-livro","tag-mapalab","tag-querido-bebe","tag-wattpad"],"_links":{"self":[{"href":"https:\/\/blogs.correiobraziliense.com.br\/primeirainfancia\/wp-json\/wp\/v2\/posts\/1041","targetHints":{"allow":["GET"]}}],"collection":[{"href":"https:\/\/blogs.correiobraziliense.com.br\/primeirainfancia\/wp-json\/wp\/v2\/posts"}],"about":[{"href":"https:\/\/blogs.correiobraziliense.com.br\/primeirainfancia\/wp-json\/wp\/v2\/types\/post"}],"author":[{"embeddable":true,"href":"https:\/\/blogs.correiobraziliense.com.br\/primeirainfancia\/wp-json\/wp\/v2\/users\/106"}],"replies":[{"embeddable":true,"href":"https:\/\/blogs.correiobraziliense.com.br\/primeirainfancia\/wp-json\/wp\/v2\/comments?post=1041"}],"version-history":[{"count":7,"href":"https:\/\/blogs.correiobraziliense.com.br\/primeirainfancia\/wp-json\/wp\/v2\/posts\/1041\/revisions"}],"predecessor-version":[{"id":1055,"href":"https:\/\/blogs.correiobraziliense.com.br\/primeirainfancia\/wp-json\/wp\/v2\/posts\/1041\/revisions\/1055"}],"wp:featuredmedia":[{"embeddable":true,"href":"https:\/\/blogs.correiobraziliense.com.br\/primeirainfancia\/wp-json\/wp\/v2\/media\/1044"}],"wp:attachment":[{"href":"https:\/\/blogs.correiobraziliense.com.br\/primeirainfancia\/wp-json\/wp\/v2\/media?parent=1041"}],"wp:term":[{"taxonomy":"category","embeddable":true,"href":"https:\/\/blogs.correiobraziliense.com.br\/primeirainfancia\/wp-json\/wp\/v2\/categories?post=1041"},{"taxonomy":"post_tag","embeddable":true,"href":"https:\/\/blogs.correiobraziliense.com.br\/primeirainfancia\/wp-json\/wp\/v2\/tags?post=1041"}],"curies":[{"name":"wp","href":"https:\/\/api.w.org\/{rel}","templated":true}]}}