{"id":1037,"date":"2019-10-18T23:19:53","date_gmt":"2019-10-18T23:19:53","guid":{"rendered":"https:\/\/blogs.correiobraziliense.com.br\/primeirainfancia\/?p=1037"},"modified":"2019-10-18T23:19:53","modified_gmt":"2019-10-18T23:19:53","slug":"programa-distribui-36-milhoes-de-livros-infantis-para-publico-em-geral-alem-de-600-mil-kits-para-escolas-publicas-em-2019","status":"publish","type":"post","link":"https:\/\/blogs.correiobraziliense.com.br\/primeirainfancia\/2019\/10\/18\/programa-distribui-36-milhoes-de-livros-infantis-para-publico-em-geral-alem-de-600-mil-kits-para-escolas-publicas-em-2019\/","title":{"rendered":"Programa distribui 3,6 milh\u00f5es de livros infantis para p\u00fablico em geral, al\u00e9m de 600 mil kits para escolas p\u00fablicas em 2019"},"content":{"rendered":"<p>Ao longo de 2019, o programa Leia Para Uma Crian\u00e7a 2019 distribuir\u00e1 3,6 milh\u00f5es de livros infantis gratuitos para pessoas f\u00edsicas, al\u00e9m de 600 mil kits para escolas p\u00fablicas de regi\u00f5es vulner\u00e1veis. Em 2018, o total de obras enviadas para quem se cadastrou no site individualmente foi o mesmo: 3,6 milh\u00f5es. O total de kits para col\u00e9gios de locais carentes \u00e9 que aumentou: este ano, s\u00e3o 400 mil a mais.<\/p>\n<p><img loading=\"lazy\" decoding=\"async\" class=\"aligncenter size-full wp-image-1038\" src=\"https:\/\/blogs.correiobraziliense.com.br\/primeirainfancia\/wp-content\/uploads\/sites\/49\/2019\/10\/1-6.jpg\" alt=\"\" width=\"750\" height=\"500\" srcset=\"https:\/\/blogs.correiobraziliense.com.br\/primeirainfancia\/wp-content\/uploads\/sites\/49\/2019\/10\/1-6.jpg 750w, https:\/\/blogs.correiobraziliense.com.br\/primeirainfancia\/wp-content\/uploads\/sites\/49\/2019\/10\/1-6-300x200.jpg 300w, https:\/\/blogs.correiobraziliense.com.br\/primeirainfancia\/wp-content\/uploads\/sites\/49\/2019\/10\/1-6-550x367.jpg 550w, https:\/\/blogs.correiobraziliense.com.br\/primeirainfancia\/wp-content\/uploads\/sites\/49\/2019\/10\/1-6-230x153.jpg 230w\" sizes=\"auto, (max-width: 750px) 100vw, 750px\" \/><\/p>\n<p>A iniciativa \u00e9 organizado pelo Ita\u00fa-Unibanco e pelo Ita\u00fa Social. Os livros infantis do Leia Para Uma Crian\u00e7a s\u00e3o selecionados por meio de edital: as obras passam por curadoria de especialistas em literatura infantil, organiza\u00e7\u00f5es da sociedade civil (OSCs), secretarias de educa\u00e7\u00e3o, cultura e assist\u00eancia social, bem como volunt\u00e1rios, adultos e crian\u00e7as de diversas regi\u00f5es do pa\u00eds. Este ano, est\u00e3o sendo distribu\u00eddos 400 mil kits a mais do que no ano passado.<\/p>\n<p>Desde a cria\u00e7\u00e3o do programa, mais de 54 milh\u00f5es de livros impressos foram distribu\u00eddos, incluindo edi\u00e7\u00f5es em braile e letra expandida. Embora o estoque deste ano tenha acabado, interessados ainda podem acessar 13 livros digitais no <a href=\"https:\/\/www.euleioparaumacrianca.com.br\/sobre\/\">site<\/a>.<\/p>\n<h3>Conhe\u00e7a os livros da cole\u00e7\u00e3o 2019<\/h3>\n<h3>Leo e a Baleia<\/h3>\n<p>Leo e seu pai vivem em uma casa perto do mar. Todos os dias, o pai de Leo sai cedo para trabalhar como pescador, e o menino passa o dia na companhia de seus gatinhos. Certa manh\u00e3, ap\u00f3s forte tempestade, Leo encontra uma baleia na areia da praia e a leva para casa, pensando em ter uma companhia para ouvir suas hist\u00f3rias (a baleia \u00e9 \u00f3tima ouvinte). Ele tenta manter a nova amiga em segredo, mas o plano n\u00e3o dura muito tempo, porque seu pai a encontra escondida na banheira. O gesto de Leo muda a vida dos dois, que se unem para levar a baleia de volta para o mar. Uma emocionante hist\u00f3ria sobre amizade.<\/p>\n<h3>O Tupi que voc\u00ea fala<\/h3>\n<p>O livro apresenta \u00e0s crian\u00e7as o lado curumim de cada um de n\u00f3s, ao revelar a influ\u00eancia ind\u00edgena nas palavras que usamos em nosso dia a dia, como guri, pipoca, saci, guaran\u00e1, abacaxi, entre outras. As palavras de origem ind\u00edgena fazem parte do nosso cotidiano, e com o livro as crian\u00e7as descobrir\u00e3o que v\u00e1rios alimentos, animais e plantas t\u00eam nomes dados pelos \u00edndios, de forma divertida e agu\u00e7ando a curiosidade dos pequenos a descobrir a origem das palavras.<\/p>\n<h3>Quer se formar em media\u00e7\u00e3o de leitura?<\/h3>\n<p>A forma\u00e7\u00e3o de media\u00e7\u00e3o de leitura Inf\u00e2ncias e leituras, promovida on-line pelo Ita\u00fa Social, est\u00e1 com inscri\u00e7\u00f5es abertas para uma nova turma. Para se inscrever gratuitamente, basta acessar o <a href=\"https:\/\/polo.org.br\/\">link<\/a>.<\/p>\n","protected":false},"excerpt":{"rendered":"<p>Ao longo de 2019, o programa Leia Para Uma Crian\u00e7a 2019 distribuir\u00e1 3,6 milh\u00f5es de livros infantis gratuitos para pessoas f\u00edsicas, al\u00e9m de 600 mil kits para escolas p\u00fablicas de regi\u00f5es vulner\u00e1veis. Em 2018, o total de obras enviadas para quem se cadastrou no site individualmente foi o mesmo: 3,6 milh\u00f5es. O total de kits para col\u00e9gios de locais carentes [&hellip;]<\/p>\n","protected":false},"author":106,"featured_media":1038,"comment_status":"open","ping_status":"open","sticky":false,"template":"","format":"standard","meta":{"footnotes":""},"categories":[1],"tags":[237,238,236,32,69,70],"class_list":["post-1037","post","type-post","status-publish","format-standard","has-post-thumbnail","hentry","category-sem-categoria","tag-itau-social","tag-itau-unibanco","tag-leia-para-uma-crianca","tag-literatura-infantil","tag-livros","tag-livros-infantis"],"_links":{"self":[{"href":"https:\/\/blogs.correiobraziliense.com.br\/primeirainfancia\/wp-json\/wp\/v2\/posts\/1037","targetHints":{"allow":["GET"]}}],"collection":[{"href":"https:\/\/blogs.correiobraziliense.com.br\/primeirainfancia\/wp-json\/wp\/v2\/posts"}],"about":[{"href":"https:\/\/blogs.correiobraziliense.com.br\/primeirainfancia\/wp-json\/wp\/v2\/types\/post"}],"author":[{"embeddable":true,"href":"https:\/\/blogs.correiobraziliense.com.br\/primeirainfancia\/wp-json\/wp\/v2\/users\/106"}],"replies":[{"embeddable":true,"href":"https:\/\/blogs.correiobraziliense.com.br\/primeirainfancia\/wp-json\/wp\/v2\/comments?post=1037"}],"version-history":[{"count":1,"href":"https:\/\/blogs.correiobraziliense.com.br\/primeirainfancia\/wp-json\/wp\/v2\/posts\/1037\/revisions"}],"predecessor-version":[{"id":1039,"href":"https:\/\/blogs.correiobraziliense.com.br\/primeirainfancia\/wp-json\/wp\/v2\/posts\/1037\/revisions\/1039"}],"wp:featuredmedia":[{"embeddable":true,"href":"https:\/\/blogs.correiobraziliense.com.br\/primeirainfancia\/wp-json\/wp\/v2\/media\/1038"}],"wp:attachment":[{"href":"https:\/\/blogs.correiobraziliense.com.br\/primeirainfancia\/wp-json\/wp\/v2\/media?parent=1037"}],"wp:term":[{"taxonomy":"category","embeddable":true,"href":"https:\/\/blogs.correiobraziliense.com.br\/primeirainfancia\/wp-json\/wp\/v2\/categories?post=1037"},{"taxonomy":"post_tag","embeddable":true,"href":"https:\/\/blogs.correiobraziliense.com.br\/primeirainfancia\/wp-json\/wp\/v2\/tags?post=1037"}],"curies":[{"name":"wp","href":"https:\/\/api.w.org\/{rel}","templated":true}]}}