{"id":1011,"date":"2019-10-13T20:26:17","date_gmt":"2019-10-13T20:26:17","guid":{"rendered":"https:\/\/blogs.correiobraziliense.com.br\/primeirainfancia\/?p=1011"},"modified":"2019-10-13T20:26:17","modified_gmt":"2019-10-13T20:26:17","slug":"simposio-internacional-de-medicina-fetal-ocorre-em-sao-paulo","status":"publish","type":"post","link":"https:\/\/blogs.correiobraziliense.com.br\/primeirainfancia\/2019\/10\/13\/simposio-internacional-de-medicina-fetal-ocorre-em-sao-paulo\/","title":{"rendered":"Simp\u00f3sio internacional de medicina fetal ocorre em S\u00e3o Paulo"},"content":{"rendered":"<p>O Centro de Ensino Superior Especializado em Diagn\u00f3stico por Imagem (Cetrus) organiza o Simp\u00f3sio Internacional de Medicina Fetal. O evento ser\u00e1 em 19 de outubro em S\u00e3o Paulo, no Bourbon Convention Ibirapuera Hotel. O objetivo do simp\u00f3sio \u00e9 debater temas como a pr\u00e1tica di\u00e1ria dos obstetras e fet\u00f3logos. Autoridades nacionais e internacionais participar\u00e3o, alguns presencialmente e outros por videoconfer\u00eancia.<\/p>\n<figure id=\"attachment_1012\" aria-describedby=\"caption-attachment-1012\" style=\"width: 698px\" class=\"wp-caption aligncenter\"><img loading=\"lazy\" decoding=\"async\" class=\"size-full wp-image-1012\" src=\"https:\/\/blogs.correiobraziliense.com.br\/primeirainfancia\/wp-content\/uploads\/sites\/49\/2019\/10\/1-2.jpg\" alt=\"\" width=\"698\" height=\"300\" srcset=\"https:\/\/blogs.correiobraziliense.com.br\/primeirainfancia\/wp-content\/uploads\/sites\/49\/2019\/10\/1-2.jpg 698w, https:\/\/blogs.correiobraziliense.com.br\/primeirainfancia\/wp-content\/uploads\/sites\/49\/2019\/10\/1-2-300x129.jpg 300w, https:\/\/blogs.correiobraziliense.com.br\/primeirainfancia\/wp-content\/uploads\/sites\/49\/2019\/10\/1-2-550x236.jpg 550w, https:\/\/blogs.correiobraziliense.com.br\/primeirainfancia\/wp-content\/uploads\/sites\/49\/2019\/10\/1-2-230x99.jpg 230w\" sizes=\"auto, (max-width: 698px) 100vw, 698px\" \/><figcaption id=\"caption-attachment-1012\" class=\"wp-caption-text\">F\u00e1bio Peralta, Simone Pedra e Katia Bilardo: alguns dos especialistas que se apresentar\u00e3o no evento<\/figcaption><\/figure>\n<p>O valor da inscri\u00e7\u00e3o \u00e9 R$ 1.200 e pode ser feita at\u00e9 19 de outubro, no dia do evento. Mais informa\u00e7\u00f5es podem ser encontrados no <a href=\"https:\/\/www.cetrus.com.br\/cursos\/ead\/simposio-internacional-de-medicina-fetal-publico-geral?utm_source=pr&amp;utm_campaign=pr_simp%C3%B3sio\">link.<\/a><\/p>\n<h3>Conhe\u00e7a alguns dos palestrantes:<\/h3>\n<p>Simone Pedra (Brasil): chefe do departamento de Cardiologia Fetal do Instituto Dante Pazzanese, chefe da Ecocardiografia Fetal do Hospital do Cora\u00e7\u00e3o e influente pesquisadora em cardiologia fetal e interven\u00e7\u00f5es card\u00edacas no feto. Falar\u00e1 sobre cardiopatias fetais, o que diagnosticar no primeiro trimestre, suspeita e progn\u00f3stico, al\u00e9m de interven\u00e7\u00f5es no cora\u00e7\u00e3o fetal a partir de resultados no Brasil e no mundo.<\/p>\n<p>F\u00e1bio Peralta (Brasil): doutor em medicina pela Universidade de S\u00e3o Paulo (USP), p\u00f3s-doutor em medicina fetal e respons\u00e1vel pelo setor de Medicina Fetal do Cetrus.<\/p>\n<p>Daniel Rolnik (Austr\u00e1lia): professor de ginecologia, obstetr\u00edcia e medicina fetal da Universidade de Monash, autor do ASPRE trial e um dos grandes pesquisadores da atualidade em rastreamento e preven\u00e7\u00e3o de pr\u00e9-ecl\u00e2mpsia. No evento, abordar\u00e1 as tem\u00e1ticas rastreamento e preven\u00e7\u00e3o da pr\u00e9-ecl\u00e2mpsia em gesta\u00e7\u00f5es \u00fanicas e gemelares.<\/p>\n<p>Katia Bilardo (Holanda): professora de medicina fetal, diagn\u00f3stico pr\u00e9-natal e tratamento do feto da Universidade de Groningen, organizadora do TRUFFLE trial e uma das mais influentes pesquisadoras em vitalidade fetal. Palestrar\u00e1 sobre diagn\u00f3stico e conduta na restri\u00e7\u00e3o de crescimento fetal e resultados p\u00f3s-natais.<\/p>\n","protected":false},"excerpt":{"rendered":"<p>O Centro de Ensino Superior Especializado em Diagn\u00f3stico por Imagem (Cetrus) organiza o Simp\u00f3sio Internacional de Medicina Fetal. O evento ser\u00e1 em 19 de outubro em S\u00e3o Paulo, no Bourbon Convention Ibirapuera Hotel. O objetivo do simp\u00f3sio \u00e9 debater temas como a pr\u00e1tica di\u00e1ria dos obstetras e fet\u00f3logos. Autoridades nacionais e internacionais participar\u00e3o, alguns presencialmente e outros por videoconfer\u00eancia. O [&hellip;]<\/p>\n","protected":false},"author":106,"featured_media":1012,"comment_status":"open","ping_status":"open","sticky":false,"template":"","format":"standard","meta":{"footnotes":""},"categories":[1],"tags":[176,226,2,15],"class_list":["post-1011","post","type-post","status-publish","format-standard","has-post-thumbnail","hentry","category-sem-categoria","tag-gestacao","tag-medicina-fetal","tag-primeira-infancia","tag-simposio"],"_links":{"self":[{"href":"https:\/\/blogs.correiobraziliense.com.br\/primeirainfancia\/wp-json\/wp\/v2\/posts\/1011","targetHints":{"allow":["GET"]}}],"collection":[{"href":"https:\/\/blogs.correiobraziliense.com.br\/primeirainfancia\/wp-json\/wp\/v2\/posts"}],"about":[{"href":"https:\/\/blogs.correiobraziliense.com.br\/primeirainfancia\/wp-json\/wp\/v2\/types\/post"}],"author":[{"embeddable":true,"href":"https:\/\/blogs.correiobraziliense.com.br\/primeirainfancia\/wp-json\/wp\/v2\/users\/106"}],"replies":[{"embeddable":true,"href":"https:\/\/blogs.correiobraziliense.com.br\/primeirainfancia\/wp-json\/wp\/v2\/comments?post=1011"}],"version-history":[{"count":1,"href":"https:\/\/blogs.correiobraziliense.com.br\/primeirainfancia\/wp-json\/wp\/v2\/posts\/1011\/revisions"}],"predecessor-version":[{"id":1013,"href":"https:\/\/blogs.correiobraziliense.com.br\/primeirainfancia\/wp-json\/wp\/v2\/posts\/1011\/revisions\/1013"}],"wp:featuredmedia":[{"embeddable":true,"href":"https:\/\/blogs.correiobraziliense.com.br\/primeirainfancia\/wp-json\/wp\/v2\/media\/1012"}],"wp:attachment":[{"href":"https:\/\/blogs.correiobraziliense.com.br\/primeirainfancia\/wp-json\/wp\/v2\/media?parent=1011"}],"wp:term":[{"taxonomy":"category","embeddable":true,"href":"https:\/\/blogs.correiobraziliense.com.br\/primeirainfancia\/wp-json\/wp\/v2\/categories?post=1011"},{"taxonomy":"post_tag","embeddable":true,"href":"https:\/\/blogs.correiobraziliense.com.br\/primeirainfancia\/wp-json\/wp\/v2\/tags?post=1011"}],"curies":[{"name":"wp","href":"https:\/\/api.w.org\/{rel}","templated":true}]}}