{"id":1006,"date":"2019-10-11T23:38:54","date_gmt":"2019-10-11T23:38:54","guid":{"rendered":"https:\/\/blogs.correiobraziliense.com.br\/primeirainfancia\/?p=1006"},"modified":"2019-10-11T23:38:54","modified_gmt":"2019-10-11T23:38:54","slug":"ainda-nao-sabe-o-que-fazer-no-dia-das-criancas-google-assistente-pode-contar-historias-para-a-garotada","status":"publish","type":"post","link":"https:\/\/blogs.correiobraziliense.com.br\/primeirainfancia\/2019\/10\/11\/ainda-nao-sabe-o-que-fazer-no-dia-das-criancas-google-assistente-pode-contar-historias-para-a-garotada\/","title":{"rendered":"Ainda n\u00e3o sabe o que fazer no Dia das Crian\u00e7as? Google Assistente pode contar hist\u00f3rias para a garotada"},"content":{"rendered":"<p>Como est\u00e1 a sua programa\u00e7\u00e3o para o Dia das Crian\u00e7as? Na v\u00e9spera desse dia, a tecnologia pode ajudar a contar historinhas para crian\u00e7as. A partir de agora, o Google Assistente tem mais uma fun\u00e7\u00e3o: contar hist\u00f3rias infantis. Ao falar \u201cOk Google, conte uma hist\u00f3ria\u201d, o programa ir\u00e1 atender, de forma gratuita, o pedido. S\u00e3o mais de 30 audiolivros. Para ter acesso \u00e0 ferramenta, \u00e9 necess\u00e1rio ter um smartphone e instalar o app GooglePlay Livros, ou, uma das caixas de som inteligente com Google Assistente.<\/p>\n<p>Para personalizar ainda mais a busca, o usu\u00e1rio pode pedir a hist\u00f3ria que deseja ouvir: &#8220;Ok Google, me conte a hist\u00f3ria da iara&#8221; ou &#8220;Ok Google, me conte a hist\u00f3ria da Rapunzel&#8221;. Os \u00e1udios t\u00eam entre quatro e 20 minutos de dura\u00e7\u00e3o. As crian\u00e7as tamb\u00e9m podem brincar como se estivessem conversando com personagens de desenhos animados da Cartoon Network. Para isso, basta usar o comando: \u201cOk Google, falar com Gumball Medieval\u201d ou \u201cOk Google, falar com Ursos sem Curso&#8221;.<\/p>\n<figure id=\"attachment_1007\" aria-describedby=\"caption-attachment-1007\" style=\"width: 1394px\" class=\"wp-caption aligncenter\"><img loading=\"lazy\" decoding=\"async\" class=\"size-full wp-image-1007\" src=\"https:\/\/blogs.correiobraziliense.com.br\/primeirainfancia\/wp-content\/uploads\/sites\/49\/2019\/10\/cinderella-horz.jpg\" alt=\"\" width=\"1394\" height=\"1124\" srcset=\"https:\/\/blogs.correiobraziliense.com.br\/primeirainfancia\/wp-content\/uploads\/sites\/49\/2019\/10\/cinderella-horz.jpg 1394w, https:\/\/blogs.correiobraziliense.com.br\/primeirainfancia\/wp-content\/uploads\/sites\/49\/2019\/10\/cinderella-horz-300x242.jpg 300w, https:\/\/blogs.correiobraziliense.com.br\/primeirainfancia\/wp-content\/uploads\/sites\/49\/2019\/10\/cinderella-horz-768x619.jpg 768w, https:\/\/blogs.correiobraziliense.com.br\/primeirainfancia\/wp-content\/uploads\/sites\/49\/2019\/10\/cinderella-horz-1024x826.jpg 1024w, https:\/\/blogs.correiobraziliense.com.br\/primeirainfancia\/wp-content\/uploads\/sites\/49\/2019\/10\/cinderella-horz-550x443.jpg 550w, https:\/\/blogs.correiobraziliense.com.br\/primeirainfancia\/wp-content\/uploads\/sites\/49\/2019\/10\/cinderella-horz-230x185.jpg 230w\" sizes=\"auto, (max-width: 1394px) 100vw, 1394px\" \/><figcaption id=\"caption-attachment-1007\" class=\"wp-caption-text\">\u00c0 esquerda, o pedido para que o Google conte a hist\u00f3ria. \u00c0 direita, a hist\u00f3ria sendo reproduzida<\/figcaption><\/figure>\n<p>Al\u00e9m disso, com a permiss\u00e3o dos pais, menores de 13 anos tamb\u00e9m podem ter a pr\u00f3pria experi\u00eancia personalizada no Assistente do Google ao fazer login com conta fornecida pelo Family Link, aplicativo que ajuda os pais a terem mais controle sobre o conte\u00fado que os filhos est\u00e3o visualizando, e, bloque\u00e1-lo, se for o caso.<\/p>\n<p>Entre as hist\u00f3rias j\u00e1 dispon\u00edveis, est\u00e3o <em>Jo\u00e3o e Maria<\/em>, <em>Cinderela,<\/em>\u00a0<em>Rapunzel<\/em>,\u00a0<em>Um Dia de Praia<\/em> (Galinha Pintadinha), <em>Iara<\/em>,<em> Lobisomem<\/em> e <em>Os tr\u00eas porquinhos<\/em>. Os contos s\u00e3o personalizados com m\u00fasica para ajudar a crian\u00e7a a embarcar na hist\u00f3ria contada. A narra\u00e7\u00e3o tamb\u00e9m varia de acordo com o contexto. Algumas hist\u00f3rias s\u00e3o contadas por voz de mulher, outras, por timbre de homem.<\/p>\n","protected":false},"excerpt":{"rendered":"<p>Como est\u00e1 a sua programa\u00e7\u00e3o para o Dia das Crian\u00e7as? Na v\u00e9spera desse dia, a tecnologia pode ajudar a contar historinhas para crian\u00e7as. A partir de agora, o Google Assistente tem mais uma fun\u00e7\u00e3o: contar hist\u00f3rias infantis. Ao falar \u201cOk Google, conte uma hist\u00f3ria\u201d, o programa ir\u00e1 atender, de forma gratuita, o pedido. S\u00e3o mais de 30 audiolivros. Para ter [&hellip;]<\/p>\n","protected":false},"author":106,"featured_media":1007,"comment_status":"open","ping_status":"open","sticky":false,"template":"","format":"standard","meta":{"footnotes":""},"categories":[49],"tags":[223,221,224,225,222],"class_list":["post-1006","post","type-post","status-publish","format-standard","has-post-thumbnail","hentry","category-livros","tag-alexa","tag-assistente-google","tag-contos","tag-fabulas","tag-historias-infantis"],"_links":{"self":[{"href":"https:\/\/blogs.correiobraziliense.com.br\/primeirainfancia\/wp-json\/wp\/v2\/posts\/1006","targetHints":{"allow":["GET"]}}],"collection":[{"href":"https:\/\/blogs.correiobraziliense.com.br\/primeirainfancia\/wp-json\/wp\/v2\/posts"}],"about":[{"href":"https:\/\/blogs.correiobraziliense.com.br\/primeirainfancia\/wp-json\/wp\/v2\/types\/post"}],"author":[{"embeddable":true,"href":"https:\/\/blogs.correiobraziliense.com.br\/primeirainfancia\/wp-json\/wp\/v2\/users\/106"}],"replies":[{"embeddable":true,"href":"https:\/\/blogs.correiobraziliense.com.br\/primeirainfancia\/wp-json\/wp\/v2\/comments?post=1006"}],"version-history":[{"count":1,"href":"https:\/\/blogs.correiobraziliense.com.br\/primeirainfancia\/wp-json\/wp\/v2\/posts\/1006\/revisions"}],"predecessor-version":[{"id":1008,"href":"https:\/\/blogs.correiobraziliense.com.br\/primeirainfancia\/wp-json\/wp\/v2\/posts\/1006\/revisions\/1008"}],"wp:featuredmedia":[{"embeddable":true,"href":"https:\/\/blogs.correiobraziliense.com.br\/primeirainfancia\/wp-json\/wp\/v2\/media\/1007"}],"wp:attachment":[{"href":"https:\/\/blogs.correiobraziliense.com.br\/primeirainfancia\/wp-json\/wp\/v2\/media?parent=1006"}],"wp:term":[{"taxonomy":"category","embeddable":true,"href":"https:\/\/blogs.correiobraziliense.com.br\/primeirainfancia\/wp-json\/wp\/v2\/categories?post=1006"},{"taxonomy":"post_tag","embeddable":true,"href":"https:\/\/blogs.correiobraziliense.com.br\/primeirainfancia\/wp-json\/wp\/v2\/tags?post=1006"}],"curies":[{"name":"wp","href":"https:\/\/api.w.org\/{rel}","templated":true}]}}