{"id":5645,"date":"2016-07-27T16:54:16","date_gmt":"2016-07-27T19:54:16","guid":{"rendered":"https:\/\/blogs.correiobraziliense.com.br\/papodeconcurseiro\/?p=5645"},"modified":"2016-07-27T16:54:16","modified_gmt":"2016-07-27T19:54:16","slug":"tribunal-de-contas-de-pernambuco-suspende-todos-os-concursos-do-estado","status":"publish","type":"post","link":"https:\/\/blogs.correiobraziliense.com.br\/papodeconcurseiro\/tribunal-de-contas-de-pernambuco-suspende-todos-os-concursos-do-estado\/","title":{"rendered":"Tribunal de Contas de Pernambuco suspende todos os concursos do estado"},"content":{"rendered":"<p>A situa\u00e7\u00e3o est\u00e1, no m\u00ednimo, cr\u00edtica para os concurseiros de Pernambuco. Semana passada, o Tribunal de Contas do estado enviou um \u201calerta de responsabiliza\u00e7\u00e3o\u201d aos 148 prefeitos pernambucanos, informando que todos concursos p\u00fablicos dever\u00e3o ser suspensos at\u00e9 janeiro de 2017. A determina\u00e7\u00e3o vale tanto para as sele\u00e7\u00f5es em andamento quanto \u00e0s anunciadas para sa\u00edrem neste per\u00edodo.<\/p>\n<p>&nbsp;<\/p>\n<p>De acordo com o TCE\/PE, a vil\u00e3 da vez \u00e9 uma velha conhecida dos concurseiros aqui da capital federal: a Lei de Responsabilidade Fiscal (LRF). Isso mesmo, pelo menos 128 munic\u00edpios do estado est\u00e3o descumprindo o limite estabelecido pela LRF com despesas de pessoal, ao comprometerem mais de 54% da receita corrente l\u00edquida da folha de pagamento dos servidores.<\/p>\n<p>&nbsp;<\/p>\n<p>Ainda segundo o alerta, mesmo aqueles munic\u00edpios que est\u00e3o abaixo do limite prudencial da legisla\u00e7\u00e3o n\u00e3o devem abrir concurso porque h\u00e1 veda\u00e7\u00e3o expressa na LRF proibindo o aumento de despesas com pessoal do mandato de prefeito.<\/p>\n","protected":false},"excerpt":{"rendered":"<p>A situa\u00e7\u00e3o est\u00e1, no m\u00ednimo, cr\u00edtica para os concurseiros de Pernambuco. Semana passada, o Tribunal de Contas do estado enviou um \u201calerta de responsabiliza\u00e7\u00e3o\u201d aos 148 prefeitos pernambucanos, informando que todos concursos p\u00fablicos dever\u00e3o ser suspensos at\u00e9 janeiro de 2017. A determina\u00e7\u00e3o vale tanto para as sele\u00e7\u00f5es em andamento quanto \u00e0s anunciadas para sa\u00edrem neste per\u00edodo. &nbsp; De acordo com [&hellip;]<\/p>\n","protected":false},"author":33,"featured_media":5646,"comment_status":"open","ping_status":"closed","sticky":false,"template":"","format":"standard","meta":{"footnotes":""},"categories":[1],"tags":[151,55,307],"class_list":["post-5645","post","type-post","status-publish","format-standard","has-post-thumbnail","hentry","category-sem-categoria","tag-pernambuco","tag-suspensao","tag-tribunal-de-contas"],"_links":{"self":[{"href":"https:\/\/blogs.correiobraziliense.com.br\/papodeconcurseiro\/wp-json\/wp\/v2\/posts\/5645","targetHints":{"allow":["GET"]}}],"collection":[{"href":"https:\/\/blogs.correiobraziliense.com.br\/papodeconcurseiro\/wp-json\/wp\/v2\/posts"}],"about":[{"href":"https:\/\/blogs.correiobraziliense.com.br\/papodeconcurseiro\/wp-json\/wp\/v2\/types\/post"}],"author":[{"embeddable":true,"href":"https:\/\/blogs.correiobraziliense.com.br\/papodeconcurseiro\/wp-json\/wp\/v2\/users\/33"}],"replies":[{"embeddable":true,"href":"https:\/\/blogs.correiobraziliense.com.br\/papodeconcurseiro\/wp-json\/wp\/v2\/comments?post=5645"}],"version-history":[{"count":2,"href":"https:\/\/blogs.correiobraziliense.com.br\/papodeconcurseiro\/wp-json\/wp\/v2\/posts\/5645\/revisions"}],"predecessor-version":[{"id":5648,"href":"https:\/\/blogs.correiobraziliense.com.br\/papodeconcurseiro\/wp-json\/wp\/v2\/posts\/5645\/revisions\/5648"}],"wp:featuredmedia":[{"embeddable":true,"href":"https:\/\/blogs.correiobraziliense.com.br\/papodeconcurseiro\/wp-json\/wp\/v2\/media\/5646"}],"wp:attachment":[{"href":"https:\/\/blogs.correiobraziliense.com.br\/papodeconcurseiro\/wp-json\/wp\/v2\/media?parent=5645"}],"wp:term":[{"taxonomy":"category","embeddable":true,"href":"https:\/\/blogs.correiobraziliense.com.br\/papodeconcurseiro\/wp-json\/wp\/v2\/categories?post=5645"},{"taxonomy":"post_tag","embeddable":true,"href":"https:\/\/blogs.correiobraziliense.com.br\/papodeconcurseiro\/wp-json\/wp\/v2\/tags?post=5645"}],"curies":[{"name":"wp","href":"https:\/\/api.w.org\/{rel}","templated":true}]}}