{"id":30767,"date":"2023-08-17T17:01:10","date_gmt":"2023-08-17T20:01:10","guid":{"rendered":"https:\/\/blogs.correiobraziliense.com.br\/papodeconcurseiro\/?p=30767"},"modified":"2023-08-17T17:01:10","modified_gmt":"2023-08-17T20:01:10","slug":"concurso-policia-penal-do-df-emenda-pode-aumentar-nomeacoes-no-certame","status":"publish","type":"post","link":"https:\/\/blogs.correiobraziliense.com.br\/papodeconcurseiro\/concurso-policia-penal-do-df-emenda-pode-aumentar-nomeacoes-no-certame\/","title":{"rendered":"Concurso Pol\u00edcia Penal do DF: emenda pode aumentar nomea\u00e7\u00f5es no certame"},"content":{"rendered":"<h2>O concurso p\u00fablico da Pol\u00edcia Penal do DF ofertou 1.179 vagas para policial penal, para preenchimento imediato e forma\u00e7\u00e3o de cadastro de reserva<\/h2>\n<p><strong>Por Raphaela Peixoto \u2014<\/strong>\u00a0Uma emenda aditiva \u00e0 Lei de Diretrizes Or\u00e7ament\u00e1rias (LDO) de 2023, apresentada pelo deputado distrital Wellington Luiz (MDB), busca aumentar as nomea\u00e7\u00f5es de aprovados no \u00faltimo concurso da Pol\u00edcia Penal do Distrito Federal. De acordo com o parlamentar, a ideia \u00e9 acrescentar mais\u00a0400 nomea\u00e7\u00f5es na LDO, de forma que a corpora\u00e7\u00e3o nomeie, ainda esse ano, mais 800 candidatos \u2014 o edital do certame j\u00e1 previa 400 nomea\u00e7\u00f5es imediatas.<\/p>\n<p>&#8220;Realizei uma emenda na LDO 2023 que prev\u00ea o chamamento de 800 policiais penais ainda este ano. Estive junto ao Sindicato dos Policiais Penais do Distrito Federal (Sindpol) para agilizar a entrada desses profissionais essenciais. A situa\u00e7\u00e3o exige a\u00e7\u00e3o imediata (&#8230;)&#8221;, escreveu o deputado em publica\u00e7\u00e3o nas suas redes sociais.<\/p>\n<blockquote class=\"instagram-media\">\n<div style=\"padding: 16px\">\n<p>&nbsp;<\/p>\n<div>\n<div style=\"background-color: #f4f4f4;height: 40px;margin-right: 14px;width: 40px\"><\/div>\n<div>\n<div style=\"background-color: #f4f4f4;height: 14px;margin-bottom: 6px;width: 100px\"><\/div>\n<div style=\"background-color: #f4f4f4;height: 14px;width: 60px\"><\/div>\n<\/div>\n<\/div>\n<div style=\"padding: 19% 0\"><\/div>\n<div style=\"height: 50px;margin: 0 auto 12px;width: 50px\"><\/div>\n<div style=\"padding-top: 8px\">\n<div style=\"color: #3897f0;font-family: Arial,sans-serif;font-size: 14px;font-style: normal;font-weight: 550;line-height: 18px\">Ver essa foto no Instagram<\/div>\n<\/div>\n<div style=\"padding: 12.5% 0\"><\/div>\n<div style=\"margin-bottom: 14px\">\n<div>\n<div><\/div>\n<div><\/div>\n<div><\/div>\n<\/div>\n<div style=\"margin-left: 8px\">\n<div style=\"background-color: #f4f4f4;height: 20px;width: 20px\"><\/div>\n<div><\/div>\n<\/div>\n<div style=\"margin-left: auto\">\n<div><\/div>\n<div><\/div>\n<div><\/div>\n<\/div>\n<\/div>\n<div style=\"margin-bottom: 24px\">\n<div style=\"background-color: #f4f4f4;height: 14px;margin-bottom: 6px;width: 224px\"><\/div>\n<div style=\"background-color: #f4f4f4;height: 14px;width: 144px\"><\/div>\n<\/div>\n<p>&nbsp;<\/p>\n<p style=\"color: #c9c8cd;font-family: Arial,sans-serif;font-size: 14px;line-height: 17px;margin-bottom: 0;margin-top: 8px;overflow: hidden;padding: 8px 0 7px;text-align: center\"><a style=\"color: #c9c8cd;font-family: Arial,sans-serif;font-size: 14px;font-style: normal;font-weight: normal;line-height: 17px;text-decoration: none\" href=\"https:\/\/www.instagram.com\/reel\/CwAsg5htZmO\/?utm_source=ig_embed&amp;utm_campaign=loading\" target=\"_blank\" rel=\"noopener\">Uma publica\u00e7\u00e3o compartilhada por Wellington Luiz (@wellingtonluizdf)<\/a><\/p>\n<\/div>\n<\/blockquote>\n<p><a href=\"\/\/www.instagram.com\/embed.js\">\/\/www.instagram.com\/embed.js<\/a><\/p>\n<h3>Concurso ofertou mais de 1.100 vagas<\/h3>\n<div>O concurso p\u00fablico da Pol\u00edcia Penal do DF ofertou 1.179 vagas para policial penal, para preenchimento imediato e forma\u00e7\u00e3o de cadastro de reserva. Os aprovados receber\u00e3o a remunera\u00e7\u00e3o de R$ 5.445.<\/div>\n<div><\/div>\n<div>Al\u00e9m da prova objetiva, a sele\u00e7\u00e3o contou com as seguintes fases:<\/div>\n<div>\n<ul>\n<li>Teste de aptid\u00e3o f\u00edsica;<\/li>\n<li>Prova de aptid\u00e3o psicol\u00f3gica;<\/li>\n<li>Sindic\u00e2ncia de vida pregressa;<\/li>\n<li>Curso de forma\u00e7\u00e3o profissional.<\/li>\n<\/ul>\n<\/div>\n<div>Entre as atribui\u00e7\u00f5es do cargo de policial penal, est\u00e3o:<\/div>\n<div>\n<ul>\n<li>zelar pela disciplina e pela seguran\u00e7a da pessoa privada de liberdade e do internado;<\/li>\n<li>verificar as condi\u00e7\u00f5es de seguran\u00e7a, limpeza e higiene das celas e dos espa\u00e7os de uso di\u00e1rio da pessoa privada de liberdade e do internado;<\/li>\n<li>realizar as atividades de escoltas internas e externas;<\/li>\n<li>conduzir ve\u00edculos destinados ao sistema penitenci\u00e1rio;<\/li>\n<li>realizar a guarda e a vigil\u00e2ncia tanto interna quanto externa;<\/li>\n<li>realizar o atendimento, a orienta\u00e7\u00e3o e a vigil\u00e2ncia de visitantes da pessoa presa e do internado, dos profissionais do sistema de justi\u00e7a penal, dos grupos assistenciais e da sociedade civil;<\/li>\n<li>promover diariamente os registros administrativos e de informa\u00e7\u00f5es penais, inclusive aqueles dispostos em sistemas eletr\u00f4nicos, relacionados \u00e0 pessoa presa, ao internado, ao estabelecimento penal, a ve\u00edculos e a toda esp\u00e9cie de equipamento disponibilizado;<\/li>\n<li>efetuar atividades de intelig\u00eancia voltadas \u00e0 seguran\u00e7a e \u00e0 repress\u00e3o da pr\u00e1tica de il\u00edcitos no interior dos estabelecimentos penais;<\/li>\n<li>atuar na recaptura de fugitivos das unidades do Sistema Penitenci\u00e1rio do Distrito Federal;<\/li>\n<li>exercer outras atividades que lhe forem cometidas compat\u00edveis com o seu cargo.<\/li>\n<\/ul>\n<p><em>*Estagi\u00e1ria sob supervis\u00e3o de Talita de Souza<\/em><\/p>\n<\/div>\n","protected":false},"excerpt":{"rendered":"<p>O concurso p\u00fablico da Pol\u00edcia Penal do DF ofertou 1.179 vagas para policial penal, para preenchimento imediato e forma\u00e7\u00e3o de cadastro de reserva Por Raphaela Peixoto \u2014\u00a0Uma emenda aditiva \u00e0 Lei de Diretrizes Or\u00e7ament\u00e1rias (LDO) de 2023, apresentada pelo deputado distrital Wellington Luiz (MDB), busca aumentar as nomea\u00e7\u00f5es de aprovados no \u00faltimo concurso da Pol\u00edcia Penal do Distrito Federal. De [&hellip;]<\/p>\n","protected":false},"author":135,"featured_media":27412,"comment_status":"open","ping_status":"closed","sticky":false,"template":"","format":"standard","meta":{"footnotes":""},"categories":[532,282,4,852,134,1],"tags":[3985,3796,5006],"class_list":["post-30767","post","type-post","status-publish","format-standard","has-post-thumbnail","hentry","category-carreira-policial","category-concursos","category-concursos-publicos","category-gdf","category-seguranca","category-sem-categoria","tag-concurso-policia-penal-df","tag-ldo-2023","tag-nomeacoes-policia-penal"],"_links":{"self":[{"href":"https:\/\/blogs.correiobraziliense.com.br\/papodeconcurseiro\/wp-json\/wp\/v2\/posts\/30767","targetHints":{"allow":["GET"]}}],"collection":[{"href":"https:\/\/blogs.correiobraziliense.com.br\/papodeconcurseiro\/wp-json\/wp\/v2\/posts"}],"about":[{"href":"https:\/\/blogs.correiobraziliense.com.br\/papodeconcurseiro\/wp-json\/wp\/v2\/types\/post"}],"author":[{"embeddable":true,"href":"https:\/\/blogs.correiobraziliense.com.br\/papodeconcurseiro\/wp-json\/wp\/v2\/users\/135"}],"replies":[{"embeddable":true,"href":"https:\/\/blogs.correiobraziliense.com.br\/papodeconcurseiro\/wp-json\/wp\/v2\/comments?post=30767"}],"version-history":[{"count":6,"href":"https:\/\/blogs.correiobraziliense.com.br\/papodeconcurseiro\/wp-json\/wp\/v2\/posts\/30767\/revisions"}],"predecessor-version":[{"id":30783,"href":"https:\/\/blogs.correiobraziliense.com.br\/papodeconcurseiro\/wp-json\/wp\/v2\/posts\/30767\/revisions\/30783"}],"wp:featuredmedia":[{"embeddable":true,"href":"https:\/\/blogs.correiobraziliense.com.br\/papodeconcurseiro\/wp-json\/wp\/v2\/media\/27412"}],"wp:attachment":[{"href":"https:\/\/blogs.correiobraziliense.com.br\/papodeconcurseiro\/wp-json\/wp\/v2\/media?parent=30767"}],"wp:term":[{"taxonomy":"category","embeddable":true,"href":"https:\/\/blogs.correiobraziliense.com.br\/papodeconcurseiro\/wp-json\/wp\/v2\/categories?post=30767"},{"taxonomy":"post_tag","embeddable":true,"href":"https:\/\/blogs.correiobraziliense.com.br\/papodeconcurseiro\/wp-json\/wp\/v2\/tags?post=30767"}],"curies":[{"name":"wp","href":"https:\/\/api.w.org\/{rel}","templated":true}]}}