{"id":29562,"date":"2023-03-17T19:02:09","date_gmt":"2023-03-17T22:02:09","guid":{"rendered":"https:\/\/blogs.correiobraziliense.com.br\/papodeconcurseiro\/?p=29562"},"modified":"2023-03-17T19:02:09","modified_gmt":"2023-03-17T22:02:09","slug":"der-df-preve-publicacao-do-edital-nos-primeiros-meses-do-2o-semestre","status":"publish","type":"post","link":"https:\/\/blogs.correiobraziliense.com.br\/papodeconcurseiro\/der-df-preve-publicacao-do-edital-nos-primeiros-meses-do-2o-semestre\/","title":{"rendered":"DER-DF prev\u00ea publica\u00e7\u00e3o do edital &#8220;nos primeiros meses do 2\u00ba semestre&#8221;"},"content":{"rendered":"<h2>Comiss\u00e3o respons\u00e1vel pelo pr\u00f3ximo\u00a0concurso para o \u00f3rg\u00e3o foi divulgada em fevereiro. O \u00faltimo certame p\u00fablico do \u00f3rg\u00e3o foi realizado h\u00e1 15 anos<\/h2>\n<p>O edital de abertura do<a href=\"https:\/\/blogs.correiobraziliense.com.br\/papodeconcurseiro\/der-df-pode-abrir-novo-concurso-publico-em-2023\/\">\u00a0\u00a0novo concurso p\u00fablico do Departamento de Estradas e Rodagem do Distrito Federal (DER-DF)<\/a>\u00a0\u00e9 previsto para segundo semestre de 2023, conforme informou o \u00f3rg\u00e3o ao <strong>Papo de Concurseiro<\/strong>.<\/p>\n<p>Ainda n\u00e3o \u00e9 poss\u00edvel informar para quais cargos e o quantitativo de vagas. Segundo o DER\/DF, &#8220;a comiss\u00e3o que apontar\u00e1 as necessidades da autarquia em rela\u00e7\u00e3o a cargos, n\u00famero de vagas e remunera\u00e7\u00e3o, segue os trabalhos. Por enquanto, nenhum destes dados s\u00e3o concretos&#8221;.\u00a0<a href=\"https:\/\/blogs.correiobraziliense.com.br\/papodeconcurseiro\/sem-concurso-ha-15-anos-der-df-inicia-preparativos-para-novo-certame\/\">O grupo respons\u00e1vel pelo pr\u00f3ximo concurso para o \u00f3rg\u00e3o foi divulgado em fevereiro.\u00a0<\/a><\/p>\n<p>O\u00a0DER-DF aguarda uma nova sele\u00e7\u00e3o desde 2008. O \u00faltimo certame ofertou\u00a0221 vagas para diversos cargos. A remunera\u00e7\u00e3o prevista no edital variou de R$ 2.231,09 para profissionais de n\u00edvel m\u00e9dio a R$ 2.891,27 para profissionais com gradua\u00e7\u00e3o. O regime de trabalho \u00e9 de 40 horas semanais.<\/p>\n<p>Para n\u00edvel m\u00e9dio, as vagas foram para as especialidades de agente administrativo, desenhista, motorista, operador de m\u00e1quinas, t\u00e9cnico em contabilidade, t\u00e9cnico de estradas, t\u00e9cnico de tr\u00e2nsito rodovi\u00e1rio, t\u00e9cnico em edifica\u00e7\u00f5es, t\u00e9cnico operacional em faixas de dom\u00ednio. J\u00e1 para n\u00edvel superior, chances foram para as fun\u00e7\u00f5es de administrador, analista de sistemas, arquiteto, bi\u00f3logo, direito e legisla\u00e7\u00e3o, engenheiro civil, engenheiro florestal, estat\u00edstico, ge\u00f3grafo e ge\u00f3logo.<\/p>\n<p><em>*Estagi\u00e1ria sob supervis\u00e3o de Pedro Grigori<\/em><\/p>\n","protected":false},"excerpt":{"rendered":"<p>Comiss\u00e3o respons\u00e1vel pelo pr\u00f3ximo\u00a0concurso para o \u00f3rg\u00e3o foi divulgada em fevereiro. O \u00faltimo certame p\u00fablico do \u00f3rg\u00e3o foi realizado h\u00e1 15 anos O edital de abertura do\u00a0\u00a0novo concurso p\u00fablico do Departamento de Estradas e Rodagem do Distrito Federal (DER-DF)\u00a0\u00e9 previsto para segundo semestre de 2023, conforme informou o \u00f3rg\u00e3o ao Papo de Concurseiro. Ainda n\u00e3o \u00e9 poss\u00edvel informar para quais [&hellip;]<\/p>\n","protected":false},"author":135,"featured_media":28918,"comment_status":"open","ping_status":"closed","sticky":false,"template":"","format":"standard","meta":{"footnotes":""},"categories":[282,4,10,852,1],"tags":[4686,4735,4734],"class_list":["post-29562","post","type-post","status-publish","format-standard","has-post-thumbnail","hentry","category-concursos","category-concursos-publicos","category-distrito-federal","category-gdf","category-sem-categoria","tag-concurso-der-df","tag-der-df","tag-novo-concurso-der-df"],"_links":{"self":[{"href":"https:\/\/blogs.correiobraziliense.com.br\/papodeconcurseiro\/wp-json\/wp\/v2\/posts\/29562","targetHints":{"allow":["GET"]}}],"collection":[{"href":"https:\/\/blogs.correiobraziliense.com.br\/papodeconcurseiro\/wp-json\/wp\/v2\/posts"}],"about":[{"href":"https:\/\/blogs.correiobraziliense.com.br\/papodeconcurseiro\/wp-json\/wp\/v2\/types\/post"}],"author":[{"embeddable":true,"href":"https:\/\/blogs.correiobraziliense.com.br\/papodeconcurseiro\/wp-json\/wp\/v2\/users\/135"}],"replies":[{"embeddable":true,"href":"https:\/\/blogs.correiobraziliense.com.br\/papodeconcurseiro\/wp-json\/wp\/v2\/comments?post=29562"}],"version-history":[{"count":3,"href":"https:\/\/blogs.correiobraziliense.com.br\/papodeconcurseiro\/wp-json\/wp\/v2\/posts\/29562\/revisions"}],"predecessor-version":[{"id":29577,"href":"https:\/\/blogs.correiobraziliense.com.br\/papodeconcurseiro\/wp-json\/wp\/v2\/posts\/29562\/revisions\/29577"}],"wp:featuredmedia":[{"embeddable":true,"href":"https:\/\/blogs.correiobraziliense.com.br\/papodeconcurseiro\/wp-json\/wp\/v2\/media\/28918"}],"wp:attachment":[{"href":"https:\/\/blogs.correiobraziliense.com.br\/papodeconcurseiro\/wp-json\/wp\/v2\/media?parent=29562"}],"wp:term":[{"taxonomy":"category","embeddable":true,"href":"https:\/\/blogs.correiobraziliense.com.br\/papodeconcurseiro\/wp-json\/wp\/v2\/categories?post=29562"},{"taxonomy":"post_tag","embeddable":true,"href":"https:\/\/blogs.correiobraziliense.com.br\/papodeconcurseiro\/wp-json\/wp\/v2\/tags?post=29562"}],"curies":[{"name":"wp","href":"https:\/\/api.w.org\/{rel}","templated":true}]}}