{"id":22975,"date":"2022-01-19T14:13:23","date_gmt":"2022-01-19T17:13:23","guid":{"rendered":"https:\/\/blogs.correiobraziliense.com.br\/papodeconcurseiro\/?p=22975"},"modified":"2022-01-19T14:13:23","modified_gmt":"2022-01-19T17:13:23","slug":"secretaria-de-fazenda-do-amazonas-contrata-banca-para-novo-concurso-publico","status":"publish","type":"post","link":"https:\/\/blogs.correiobraziliense.com.br\/papodeconcurseiro\/secretaria-de-fazenda-do-amazonas-contrata-banca-para-novo-concurso-publico\/","title":{"rendered":"Secretaria de Fazenda do Amazonas contrata banca para novo concurso p\u00fablico"},"content":{"rendered":"<h2>A \u00faltima sele\u00e7\u00e3o para o quadro de efetivos da Sefaz AM foi h\u00e1 17 anos. Ap\u00f3s den\u00fancia de irregularidade e troca de banca, a expectativa \u00e9 a de que o edital seja publicado em breve<\/h2>\n<p><span style=\"font-weight: 400\">J\u00e9ssica Andrade &#8211; Mais uma sele\u00e7\u00e3o p\u00fablica deve sair em breve. A <a href=\"http:\/\/www.sefaz.am.gov.br\/\">Secretaria de Fazenda do Amazonas<\/a> (Sefaz AM) concluiu o \u00faltimo tr\u00e2mite antes da publica\u00e7\u00e3o do edital: o extrato de contrato entre a pasta e a <a href=\"https:\/\/portal.fgv.br\/\">Funda\u00e7\u00e3o Getulio Vargas<\/a> (FGV), escolhida para organizar o novo concurso SEFAZ 2022. A previs\u00e3o \u00e9 que <a href=\"https:\/\/blogs.correiobraziliense.com.br\/papodeconcurseiro\/previsao-da-sefaz-am-e-de-edital-de-novo-concurso-publico-em-janeiro\/\">o edital seja divulgado ainda em janeiro<\/a> e as provas sejam aplicadas em mar\u00e7o.\u00a0<\/span><\/p>\n<p><span style=\"font-weight: 400\">Ainda n\u00e3o h\u00e1 informa\u00e7\u00f5es sobre a remunera\u00e7\u00e3o inicial dos aprovados neste concurso. Mas sabe-se que, ao todo, ser\u00e3o oferecidas 210 vagas imediatas mais forma\u00e7\u00e3o de cadastro de reserva, para os seguintes cargos e n\u00edveis de escolaridade:<\/span><\/p>\n<h3><span style=\"font-weight: 400\">N\u00edvel m\u00e9dio<\/span><\/h3>\n<ul>\n<li style=\"font-weight: 400\"><span style=\"font-weight: 400\">assistente administrativo da fazenda estadual (50 vagas).<\/span><\/li>\n<\/ul>\n<h3><span style=\"font-weight: 400\">N\u00edvel superior<\/span><\/h3>\n<ul>\n<li style=\"font-weight: 400\"><span style=\"font-weight: 400\">auditor fiscal de tributos estaduais (60);<\/span><\/li>\n<li style=\"font-weight: 400\"><span style=\"font-weight: 400\">analista do tesouro estadual (25);<\/span><\/li>\n<li style=\"font-weight: 400\"><span style=\"font-weight: 400\">analista de tecnologia da informa\u00e7\u00e3o da fazenda estadual (15);<\/span><\/li>\n<li style=\"font-weight: 400\"><span style=\"font-weight: 400\">t\u00e9cnico de arrecada\u00e7\u00e3o de tributos estaduais (25); e<\/span><\/li>\n<li style=\"font-weight: 400\"><span style=\"font-weight: 400\">t\u00e9cnico da fazenda estadual (35).<\/span><\/li>\n<\/ul>\n<p>&nbsp;<\/p>\n<h3><span style=\"font-weight: 400\">\u00daltimo concurso Sefaz AM foi em 2005<\/span><\/h3>\n<p><span style=\"font-weight: 400\">Em 17 anos, a Sefaz AM organizou apenas dois certames para sele\u00e7\u00e3o de servidores p\u00fablicos. O \u00f3rg\u00e3o chegou a confirmar um novo edital em 2014 e informou que estava realizando o estudo dos quadros para definir o n\u00famero de vagas. Por\u00e9m, o projeto n\u00e3o saiu do papel.\u00a0<\/span><\/p>\n<p><span style=\"font-weight: 400\">O concurso anterior, realizado em 2005, reuniu cerca de 25.566 candidatos e contou com 390 vagas, em cargos dos n\u00edveis m\u00e9dio e superior.\u00a0<\/span><\/p>\n<p><span style=\"font-weight: 400\">Do total de vagas, 15 foram para analista de tecnologia da informa\u00e7\u00e3o, 25 para analista do tesouro estadual, 100 para auditor fiscal de tributos estaduais, 50 para t\u00e9cnico da fazenda estadual, 20 para t\u00e9cnico de arrecada\u00e7\u00e3o de tributos estaduais e 180 para assistente administrativo.<\/span><\/p>\n<p><span style=\"font-weight: 400\">A remunera\u00e7\u00e3o era de R$8.000,00, valor que atualmente deve ser corrigido. A sele\u00e7\u00e3o foi composta por prova objetiva, com quest\u00f5es de Portugu\u00eas e Ingl\u00eas para todos os candidatos, Conhecimentos Espec\u00edficos, al\u00e9m de curso de forma\u00e7\u00e3o espec\u00edfico para cada cargo.<\/span><\/p>\n<h3><span style=\"font-weight: 400\">Irregularidade<\/span><\/h3>\n<p><span style=\"font-weight: 400\">Em agosto de 2021, a Scretaria da Fazenda do estado do Amazonas anunciou o Centro Brasileiro de Pesquisa em Avalia\u00e7\u00e3o e Sele\u00e7\u00e3o e de Promo\u00e7\u00e3o de Eventos (<a href=\"https:\/\/www.cebraspe.org.br\/\">Cebraspe<\/a>) como banca organizadora do pr\u00f3ximo concurso da Sefaz AM. No entanto, <a href=\"https:\/\/blogs.correiobraziliense.com.br\/papodeconcurseiro\/deputado-aponta-irregularidades-na-escolha-de-banca-do-concurso-sefaz-am\/\">a Assembleia Legislativa do estado denunciou o governo por irregularidades no processo de licita\u00e7\u00e3o<\/a>. O autor da den\u00fancia foi o deputado Dermilson Chagas (PODE).\u00a0<\/span><\/p>\n<p><span style=\"font-weight: 400\">\u201cAssim como eu denunciei os nomes das empresas que venceriam a concorr\u00eancia para as obras da AM-010 um m\u00eas antes de fazerem a homologa\u00e7\u00e3o, agora eu denuncio que o Governo do Estado j\u00e1 escolheu a empresa Cebraspe para beneficiar o grupo deles. Ent\u00e3o, hoje, dia 24 de agosto, j\u00e1 estou denunciando o nome da empresa que ganhar\u00e1 a licita\u00e7\u00e3o, e espero que se tome provid\u00eancia a este respeito, porque l\u00e1 na frente n\u00e3o poder\u00e3o alegar que n\u00e3o sabiam ou que se trata de uma mera coincid\u00eancia\u201d, disse o parlamentar.<\/span><\/p>\n<p><span style=\"font-weight: 400\">Em dezembro a pasta confirmou que a <a href=\"https:\/\/portal.fgv.br\/\">Funda\u00e7\u00e3o Getulio Vargas<\/a> (FGV) ser\u00e1 a banca organizadora do concurso.<\/span><\/p>\n","protected":false},"excerpt":{"rendered":"<p>A \u00faltima sele\u00e7\u00e3o para o quadro de efetivos da Sefaz AM foi h\u00e1 17 anos. Ap\u00f3s den\u00fancia de irregularidade e troca de banca, a expectativa \u00e9 a de que o edital seja publicado em breve J\u00e9ssica Andrade &#8211; Mais uma sele\u00e7\u00e3o p\u00fablica deve sair em breve. A Secretaria de Fazenda do Amazonas (Sefaz AM) concluiu o \u00faltimo tr\u00e2mite antes da [&hellip;]<\/p>\n","protected":false},"author":41,"featured_media":20600,"comment_status":"open","ping_status":"closed","sticky":false,"template":"","format":"standard","meta":{"footnotes":""},"categories":[282],"tags":[3283,199,3220],"class_list":["post-22975","post","type-post","status-publish","format-standard","has-post-thumbnail","hentry","category-concursos","tag-am","tag-amazonas","tag-sefaz-am"],"_links":{"self":[{"href":"https:\/\/blogs.correiobraziliense.com.br\/papodeconcurseiro\/wp-json\/wp\/v2\/posts\/22975","targetHints":{"allow":["GET"]}}],"collection":[{"href":"https:\/\/blogs.correiobraziliense.com.br\/papodeconcurseiro\/wp-json\/wp\/v2\/posts"}],"about":[{"href":"https:\/\/blogs.correiobraziliense.com.br\/papodeconcurseiro\/wp-json\/wp\/v2\/types\/post"}],"author":[{"embeddable":true,"href":"https:\/\/blogs.correiobraziliense.com.br\/papodeconcurseiro\/wp-json\/wp\/v2\/users\/41"}],"replies":[{"embeddable":true,"href":"https:\/\/blogs.correiobraziliense.com.br\/papodeconcurseiro\/wp-json\/wp\/v2\/comments?post=22975"}],"version-history":[{"count":1,"href":"https:\/\/blogs.correiobraziliense.com.br\/papodeconcurseiro\/wp-json\/wp\/v2\/posts\/22975\/revisions"}],"predecessor-version":[{"id":22976,"href":"https:\/\/blogs.correiobraziliense.com.br\/papodeconcurseiro\/wp-json\/wp\/v2\/posts\/22975\/revisions\/22976"}],"wp:featuredmedia":[{"embeddable":true,"href":"https:\/\/blogs.correiobraziliense.com.br\/papodeconcurseiro\/wp-json\/wp\/v2\/media\/20600"}],"wp:attachment":[{"href":"https:\/\/blogs.correiobraziliense.com.br\/papodeconcurseiro\/wp-json\/wp\/v2\/media?parent=22975"}],"wp:term":[{"taxonomy":"category","embeddable":true,"href":"https:\/\/blogs.correiobraziliense.com.br\/papodeconcurseiro\/wp-json\/wp\/v2\/categories?post=22975"},{"taxonomy":"post_tag","embeddable":true,"href":"https:\/\/blogs.correiobraziliense.com.br\/papodeconcurseiro\/wp-json\/wp\/v2\/tags?post=22975"}],"curies":[{"name":"wp","href":"https:\/\/api.w.org\/{rel}","templated":true}]}}