{"id":22644,"date":"2022-01-05T15:59:14","date_gmt":"2022-01-05T18:59:14","guid":{"rendered":"https:\/\/blogs.correiobraziliense.com.br\/papodeconcurseiro\/?p=22644"},"modified":"2022-01-05T16:04:12","modified_gmt":"2022-01-05T19:04:12","slug":"concurso-mpgo-banca-organizadora-e-contratada-para-novo-edital","status":"publish","type":"post","link":"https:\/\/blogs.correiobraziliense.com.br\/papodeconcurseiro\/concurso-mpgo-banca-organizadora-e-contratada-para-novo-edital\/","title":{"rendered":"Concurso MPGO: banca organizadora \u00e9 contratada para novo edital"},"content":{"rendered":"<h2><span style=\"font-weight: 400\">FGV \u00e9 contratada como banca organizadora do novo concurso MPGO para servi\u00e7os auxiliares, em cargos dos n\u00edveis m\u00e9dio e superior.<\/span><\/h2>\n<p><span style=\"font-weight: 400\">J\u00e9ssica Andrade &#8211; A <a href=\"https:\/\/conhecimento.fgv.br\/concursos\">Funda\u00e7\u00e3o Get\u00falio Vargas (FGV)<\/a> foi contratada para organizar o novo concurso Minist\u00e9rio P\u00fablico do Goi\u00e1s (MPGO). A informa\u00e7\u00e3o foi publicada no Di\u00e1rio Oficial do Estado nesta quinta-feira (5\/1). A pr\u00f3xima etapa \u00e9 a publica\u00e7\u00e3o do edital. Desta forma, o documento pode ser divulgado em breve.\u00a0<\/span><\/p>\n<p><span style=\"font-weight: 400\">Com o contrato assinado, a FGV e o MPGO poder\u00e3o definir o cronograma do concurso, com as datas de inscri\u00e7\u00e3o e provas, por exemplo. A oferta de vagas e os cargos que ser\u00e3o contemplados <img loading=\"lazy\" decoding=\"async\" class=\"size-full wp-image-22648 alignleft\" src=\"https:\/\/blogs.correiobraziliense.com.br\/papodeconcurseiro\/wp-content\/uploads\/sites\/14\/2022\/01\/extrato-fgv.jpg\" alt=\"\" width=\"345\" height=\"237\" srcset=\"https:\/\/blogs.correiobraziliense.com.br\/papodeconcurseiro\/wp-content\/uploads\/sites\/14\/2022\/01\/extrato-fgv.jpg 345w, https:\/\/blogs.correiobraziliense.com.br\/papodeconcurseiro\/wp-content\/uploads\/sites\/14\/2022\/01\/extrato-fgv-300x206.jpg 300w, https:\/\/blogs.correiobraziliense.com.br\/papodeconcurseiro\/wp-content\/uploads\/sites\/14\/2022\/01\/extrato-fgv-230x158.jpg 230w\" sizes=\"auto, (max-width: 345px) 100vw, 345px\" \/>ainda n\u00e3o foram anunciados, mas o documento antecipa que a sele\u00e7\u00e3o ser\u00e1 para o quadro de servi\u00e7os auxiliares do \u00f3rg\u00e3o, englobando carreiras com exig\u00eancia de ensino m\u00e9dio e n\u00edvel superior.\u00a0<\/span><\/p>\n<p><span style=\"font-weight: 400\">O contrato com a <a href=\"https:\/\/conhecimento.fgv.br\/concursos\">banca<\/a> foi efetivamente assinado no dia 29 de dezembro, com prazo de validade at\u00e9 28 de dezembro de 2023, prazo necess\u00e1rio para a realiza\u00e7\u00e3o de todos os procedimentos do certame, incluindo publica\u00e7\u00e3o do edital, recebimento de inscri\u00e7\u00f5es, aplica\u00e7\u00e3o de provas e divulga\u00e7\u00e3o dos resultados.\u00a0\u00a0<\/span><\/p>\n<p><span style=\"font-weight: 400\">Um ponto j\u00e1 definido \u00e9 que a lota\u00e7\u00e3o dos aprovados ser\u00e1 na cidade de Goi\u00e2nia.<\/span><\/p>\n<p><span style=\"font-weight: 400\">O concurso M GO para ingresso de servidores foi anunciado em mar\u00e7o de 2021, junto com o edital de promotor, que j\u00e1 foi publicado. Na ocasi\u00e3o, o Minist\u00e9rio P\u00fablico informou que ser\u00e3o divulgados editais durante o bi\u00eanio de 2021 a 2023, que vai at\u00e9 mar\u00e7o do \u00faltimo ano.<\/span><\/p>\n<p><b>Inscri\u00e7\u00f5es abertas<\/b><\/p>\n<p><span style=\"font-weight: 400\">O MPGO reabriu o per\u00edodo de <\/span><a href=\"https:\/\/blogs.correiobraziliense.com.br\/papodeconcurseiro\/mpgo-escolhe-banca-de-novo-concurso-para-goiania\/\"><span style=\"font-weight: 400\">inscri\u00e7\u00f5es de um concurso para efetivos de n\u00edvel fundamental<\/span><\/a><span style=\"font-weight: 400\">. As vagas s\u00e3o para as comarcas de Crix\u00e1s, Cocalzinho de Goi\u00e1s e Caldas Novas. O sal\u00e1rio \u00e9 de R$3.549,56, mais aux\u00edlios e as inscri\u00e7\u00f5es ficar\u00e3o abertas de 27 de dezembro a 25 de janeiro. O concurso ser\u00e1 composto por duas etapas. A primeira consiste nas provas objetiva, discursiva e de reda\u00e7\u00e3o; e a segunda \u00e9 uma avalia\u00e7\u00e3o de t\u00edtulos. <\/span><a href=\"http:\/\/concursos.correioweb.com.br\/app\/noticias\/2021\/12\/21\/noticiasinterna,42757\/mpgo-reabre-inscricoes-de-concurso-com-vagas-para-o-entorno.shtml\"><span style=\"font-weight: 400\">Confira<\/span><\/a><span style=\"font-weight: 400\">!<\/span><\/p>\n<p><span style=\"font-weight: 400\">\u00a0<\/span><\/p>\n<p>&nbsp;<\/p>\n","protected":false},"excerpt":{"rendered":"<p>FGV \u00e9 contratada como banca organizadora do novo concurso MPGO para servi\u00e7os auxiliares, em cargos dos n\u00edveis m\u00e9dio e superior. J\u00e9ssica Andrade &#8211; A Funda\u00e7\u00e3o Get\u00falio Vargas (FGV) foi contratada para organizar o novo concurso Minist\u00e9rio P\u00fablico do Goi\u00e1s (MPGO). A informa\u00e7\u00e3o foi publicada no Di\u00e1rio Oficial do Estado nesta quinta-feira (5\/1). A pr\u00f3xima etapa \u00e9 a publica\u00e7\u00e3o do edital. [&hellip;]<\/p>\n","protected":false},"author":41,"featured_media":22645,"comment_status":"open","ping_status":"closed","sticky":false,"template":"","format":"standard","meta":{"footnotes":""},"categories":[282],"tags":[3153,636],"class_list":["post-22644","post","type-post","status-publish","format-standard","has-post-thumbnail","hentry","category-concursos","tag-concurso-mpgo","tag-mpgo"],"_links":{"self":[{"href":"https:\/\/blogs.correiobraziliense.com.br\/papodeconcurseiro\/wp-json\/wp\/v2\/posts\/22644","targetHints":{"allow":["GET"]}}],"collection":[{"href":"https:\/\/blogs.correiobraziliense.com.br\/papodeconcurseiro\/wp-json\/wp\/v2\/posts"}],"about":[{"href":"https:\/\/blogs.correiobraziliense.com.br\/papodeconcurseiro\/wp-json\/wp\/v2\/types\/post"}],"author":[{"embeddable":true,"href":"https:\/\/blogs.correiobraziliense.com.br\/papodeconcurseiro\/wp-json\/wp\/v2\/users\/41"}],"replies":[{"embeddable":true,"href":"https:\/\/blogs.correiobraziliense.com.br\/papodeconcurseiro\/wp-json\/wp\/v2\/comments?post=22644"}],"version-history":[{"count":3,"href":"https:\/\/blogs.correiobraziliense.com.br\/papodeconcurseiro\/wp-json\/wp\/v2\/posts\/22644\/revisions"}],"predecessor-version":[{"id":22650,"href":"https:\/\/blogs.correiobraziliense.com.br\/papodeconcurseiro\/wp-json\/wp\/v2\/posts\/22644\/revisions\/22650"}],"wp:featuredmedia":[{"embeddable":true,"href":"https:\/\/blogs.correiobraziliense.com.br\/papodeconcurseiro\/wp-json\/wp\/v2\/media\/22645"}],"wp:attachment":[{"href":"https:\/\/blogs.correiobraziliense.com.br\/papodeconcurseiro\/wp-json\/wp\/v2\/media?parent=22644"}],"wp:term":[{"taxonomy":"category","embeddable":true,"href":"https:\/\/blogs.correiobraziliense.com.br\/papodeconcurseiro\/wp-json\/wp\/v2\/categories?post=22644"},{"taxonomy":"post_tag","embeddable":true,"href":"https:\/\/blogs.correiobraziliense.com.br\/papodeconcurseiro\/wp-json\/wp\/v2\/tags?post=22644"}],"curies":[{"name":"wp","href":"https:\/\/api.w.org\/{rel}","templated":true}]}}