{"id":20490,"date":"2021-08-20T10:41:47","date_gmt":"2021-08-20T13:41:47","guid":{"rendered":"https:\/\/blogs.correiobraziliense.com.br\/papodeconcurseiro\/?p=20490"},"modified":"2021-08-20T10:42:57","modified_gmt":"2021-08-20T13:42:57","slug":"assembleia-legislativa-de-goias-aprova-alteracao-na-lei-dos-concursos","status":"publish","type":"post","link":"https:\/\/blogs.correiobraziliense.com.br\/papodeconcurseiro\/assembleia-legislativa-de-goias-aprova-alteracao-na-lei-dos-concursos\/","title":{"rendered":"Assembleia Legislativa de Goi\u00e1s aprova altera\u00e7\u00e3o na lei dos concursos"},"content":{"rendered":"<section class=\"noticia__barra\"><\/section>\n<section class=\"noticia__resumo\">O plen\u00e1rio da Assembleia Legislativa de Goi\u00e1s aprovou, em primeira fase o projeto de lei do Poder Executivo que promove adequa\u00e7\u00f5es na legisla\u00e7\u00e3o de reg\u00eancia dos concursos p\u00fablicos do Estado. A sess\u00e3o foi realizada na noite da \u00faltima quinta-feira (19\/8).Com o placar eletr\u00f4nico registrando 16 votos favor\u00e1veis e nove contr\u00e1rios, os deputados acataram, em primeira vota\u00e7\u00e3o, o processo<strong>\u00a0n\u00ba 6453\/21,\u00a0<\/strong>que altera a Lei n\u00ba 19.587, de 10 de janeiro de 2017. Trata-se da legisla\u00e7\u00e3o que versa sobre os concursos p\u00fablicos.<\/p>\n<p>Uma das altera\u00e7\u00f5es trata da isen\u00e7\u00e3o do pagamento da taxa de inscri\u00e7\u00e3o em concurso p\u00fablico. A Governadoria destaca que a altera\u00e7\u00e3o \u00e9 necess\u00e1ria, visto que n\u00e3o \u00e9 razo\u00e1vel a exig\u00eancia de comprova\u00e7\u00e3o da doa\u00e7\u00e3o regular de medula \u00f3ssea por, pelo menos, tr\u00eas vezes nos doze meses antecedentes \u00e0 publica\u00e7\u00e3o do edital do concurso.<\/p>\n<\/section>\n<section class=\"noticia__texto\">A proposta \u00e9 de iniciativa da Procuradoria-Geral do Estado (PGE) e da Secretaria de Estado da Administra\u00e7\u00e3o (SEAD), que buscam com o projeto maior efici\u00eancia, sanar os conflitos existentes, tamb\u00e9m adequar a legisla\u00e7\u00e3o de reg\u00eancia dos concursos p\u00fablicos \u00e0 Lei n\u00ba 20.756, de 28 de janeiro de 2020, que institui o regime jur\u00eddico dos servidores p\u00fablicos civis do estado de Goi\u00e1s, das autarquias e das funda\u00e7\u00f5es p\u00fablicas estaduais.&nbsp;<\/p>\n<p>&nbsp;<\/p>\n<\/section>\n","protected":false},"excerpt":{"rendered":"<p>O plen\u00e1rio da Assembleia Legislativa de Goi\u00e1s aprovou, em primeira fase o projeto de lei do Poder Executivo que promove adequa\u00e7\u00f5es na legisla\u00e7\u00e3o de reg\u00eancia dos concursos p\u00fablicos do Estado. A sess\u00e3o foi realizada na noite da \u00faltima quinta-feira (19\/8).Com o placar eletr\u00f4nico registrando 16 votos favor\u00e1veis e nove contr\u00e1rios, os deputados acataram, em primeira vota\u00e7\u00e3o, o processo\u00a0n\u00ba 6453\/21,\u00a0que altera [&hellip;]<\/p>\n","protected":false},"author":41,"featured_media":20491,"comment_status":"open","ping_status":"closed","sticky":false,"template":"","format":"standard","meta":{"footnotes":""},"categories":[282,4],"tags":[509,187,221],"class_list":["post-20490","post","type-post","status-publish","format-standard","has-post-thumbnail","hentry","category-concursos","category-concursos-publicos","tag-alego","tag-concursos","tag-goias"],"_links":{"self":[{"href":"https:\/\/blogs.correiobraziliense.com.br\/papodeconcurseiro\/wp-json\/wp\/v2\/posts\/20490","targetHints":{"allow":["GET"]}}],"collection":[{"href":"https:\/\/blogs.correiobraziliense.com.br\/papodeconcurseiro\/wp-json\/wp\/v2\/posts"}],"about":[{"href":"https:\/\/blogs.correiobraziliense.com.br\/papodeconcurseiro\/wp-json\/wp\/v2\/types\/post"}],"author":[{"embeddable":true,"href":"https:\/\/blogs.correiobraziliense.com.br\/papodeconcurseiro\/wp-json\/wp\/v2\/users\/41"}],"replies":[{"embeddable":true,"href":"https:\/\/blogs.correiobraziliense.com.br\/papodeconcurseiro\/wp-json\/wp\/v2\/comments?post=20490"}],"version-history":[{"count":2,"href":"https:\/\/blogs.correiobraziliense.com.br\/papodeconcurseiro\/wp-json\/wp\/v2\/posts\/20490\/revisions"}],"predecessor-version":[{"id":20493,"href":"https:\/\/blogs.correiobraziliense.com.br\/papodeconcurseiro\/wp-json\/wp\/v2\/posts\/20490\/revisions\/20493"}],"wp:featuredmedia":[{"embeddable":true,"href":"https:\/\/blogs.correiobraziliense.com.br\/papodeconcurseiro\/wp-json\/wp\/v2\/media\/20491"}],"wp:attachment":[{"href":"https:\/\/blogs.correiobraziliense.com.br\/papodeconcurseiro\/wp-json\/wp\/v2\/media?parent=20490"}],"wp:term":[{"taxonomy":"category","embeddable":true,"href":"https:\/\/blogs.correiobraziliense.com.br\/papodeconcurseiro\/wp-json\/wp\/v2\/categories?post=20490"},{"taxonomy":"post_tag","embeddable":true,"href":"https:\/\/blogs.correiobraziliense.com.br\/papodeconcurseiro\/wp-json\/wp\/v2\/tags?post=20490"}],"curies":[{"name":"wp","href":"https:\/\/api.w.org\/{rel}","templated":true}]}}