{"id":14029,"date":"2020-10-14T16:29:03","date_gmt":"2020-10-14T19:29:03","guid":{"rendered":"https:\/\/blogs.correiobraziliense.com.br\/papodeconcurseiro\/?p=14029"},"modified":"2020-10-14T16:29:03","modified_gmt":"2020-10-14T19:29:03","slug":"camara-avalia-modelos-de-reforma-administrativa-de-outros-paises","status":"publish","type":"post","link":"https:\/\/blogs.correiobraziliense.com.br\/papodeconcurseiro\/camara-avalia-modelos-de-reforma-administrativa-de-outros-paises\/","title":{"rendered":"C\u00e2mara avalia modelos de reforma administrativa de outros pa\u00edses"},"content":{"rendered":"<p>A C\u00e2mara dos Deputados realiza nesta quinta-feira (15) um benchmarking internacional sobre reforma administrativa.\u00a0Benchmarking \u00e9 uma an\u00e1lise das melhores pr\u00e1ticas usadas por empresas do mesmo setor.<\/p>\n<p>O debate ter\u00e1 in\u00edcio \u00e0s 14 horas e <a href=\"https:\/\/edemocracia.camara.leg.br\/audiencias\/sala\/1657\">ser\u00e1 transmitido ao vivo pela internet<\/a>.<\/p>\n<p>Foram convidados para o evento:<\/p>\n<p>&#8211; o secret\u00e1rio de Rela\u00e7\u00f5es Internacionais, deputado Alex Manente (Cidadania-SP);<br \/>\n&#8211; o presidente da <span id=\"4290\" class=\"termoGlossario\" title=\"\">Frente Parlamentar<\/span> Mista da Reforma Administrativa,Tiago Mitraud (Novo-MG);<br \/>\n&#8211; a embaixadora do Reino Unido, Liz Davidson;<br \/>\n&#8211; o embaixador da Espanha, Fernando Garc\u00eda Casas; e<br \/>\n&#8211; o embaixador da Austr\u00e1lia, Timothy Kane.<\/p>\n<p>&nbsp;<\/p>\n<h3><strong>Proposta da C\u00e2mara\u00a0<\/strong><\/h3>\n<p>No m\u00eas passado, a C\u00e2mara apresentou sua reforma administrativa, que prev\u00ea economia de aproximadamente R$ 400 milh\u00f5es por ano aos cofres p\u00fablicos. A ideia \u00e9\u00a0adequar o Parlamento \u00e0 imposi\u00e7\u00e3o constitucional do teto de gastos que limita o aumento das despesas p\u00fablicas.<\/p>\n<p>Entre as mudan\u00e7as que est\u00e3o sendo estudadas est\u00e3o a extin\u00e7\u00e3o de 1000 cargos efetivos e de 500 cargos em comiss\u00e3o; a promo\u00e7\u00e3o na carreira por meritocracia, em decorr\u00eancia do desempenho individual; e a defini\u00e7\u00e3o de requisitos para assumir fun\u00e7\u00f5es comissionadas.<\/p>\n<p>&nbsp;<\/p>\n<h3><strong>Governo federal<\/strong><\/h3>\n<p>O Poder Executivo tamb\u00e9m j\u00e1 apresentou sua proposta de reforma administrativa (<a href=\"https:\/\/www.camara.leg.br\/noticias\/690350-pec-muda-regras-para-futuros-servidores-e-altera-organizacao-da-administracao-publica\/\">PEC 32\/20<\/a>). As principais medidas tratam da contrata\u00e7\u00e3o, da remunera\u00e7\u00e3o e do desligamento de pessoal, v\u00e1lidas somente para quem ingressar no setor p\u00fablico ap\u00f3s a aprova\u00e7\u00e3o das mudan\u00e7as. Veja quadro abaixo:<\/p>\n<p>&nbsp;<\/p>\n<p><a href=\"https:\/\/blogs.correiobraziliense.com.br\/papodeconcurseiro\/wp-content\/uploads\/sites\/14\/2020\/10\/desktop.jpg\"><img loading=\"lazy\" decoding=\"async\" class=\"aligncenter size-full wp-image-14031\" src=\"https:\/\/blogs.correiobraziliense.com.br\/papodeconcurseiro\/wp-content\/uploads\/sites\/14\/2020\/10\/desktop.jpg\" alt=\"\" width=\"689\" height=\"738\" srcset=\"https:\/\/blogs.correiobraziliense.com.br\/papodeconcurseiro\/wp-content\/uploads\/sites\/14\/2020\/10\/desktop.jpg 689w, https:\/\/blogs.correiobraziliense.com.br\/papodeconcurseiro\/wp-content\/uploads\/sites\/14\/2020\/10\/desktop-280x300.jpg 280w, https:\/\/blogs.correiobraziliense.com.br\/papodeconcurseiro\/wp-content\/uploads\/sites\/14\/2020\/10\/desktop-550x589.jpg 550w, https:\/\/blogs.correiobraziliense.com.br\/papodeconcurseiro\/wp-content\/uploads\/sites\/14\/2020\/10\/desktop-230x246.jpg 230w\" sizes=\"auto, (max-width: 689px) 100vw, 689px\" \/><\/a><\/p>\n<p>&nbsp;<\/p>\n<p>&nbsp;<\/p>\n<p>&nbsp;<\/p>\n<p><span style=\"color: #999999\"><em>Fonte: Ag\u00eancia C\u00e2mara\u00a0<\/em><\/span><\/p>\n","protected":false},"excerpt":{"rendered":"<p>A C\u00e2mara dos Deputados realiza nesta quinta-feira (15) um benchmarking internacional sobre reforma administrativa.\u00a0Benchmarking \u00e9 uma an\u00e1lise das melhores pr\u00e1ticas usadas por empresas do mesmo setor. O debate ter\u00e1 in\u00edcio \u00e0s 14 horas e ser\u00e1 transmitido ao vivo pela internet. Foram convidados para o evento: &#8211; o secret\u00e1rio de Rela\u00e7\u00f5es Internacionais, deputado Alex Manente (Cidadania-SP); &#8211; o presidente da Frente [&hellip;]<\/p>\n","protected":false},"author":32,"featured_media":14030,"comment_status":"open","ping_status":"closed","sticky":false,"template":"","format":"standard","meta":{"footnotes":""},"categories":[282],"tags":[1399,1079],"class_list":["post-14029","post","type-post","status-publish","format-standard","has-post-thumbnail","hentry","category-concursos","tag-camara-dos-deputatos","tag-reforma-administrativa"],"_links":{"self":[{"href":"https:\/\/blogs.correiobraziliense.com.br\/papodeconcurseiro\/wp-json\/wp\/v2\/posts\/14029","targetHints":{"allow":["GET"]}}],"collection":[{"href":"https:\/\/blogs.correiobraziliense.com.br\/papodeconcurseiro\/wp-json\/wp\/v2\/posts"}],"about":[{"href":"https:\/\/blogs.correiobraziliense.com.br\/papodeconcurseiro\/wp-json\/wp\/v2\/types\/post"}],"author":[{"embeddable":true,"href":"https:\/\/blogs.correiobraziliense.com.br\/papodeconcurseiro\/wp-json\/wp\/v2\/users\/32"}],"replies":[{"embeddable":true,"href":"https:\/\/blogs.correiobraziliense.com.br\/papodeconcurseiro\/wp-json\/wp\/v2\/comments?post=14029"}],"version-history":[{"count":1,"href":"https:\/\/blogs.correiobraziliense.com.br\/papodeconcurseiro\/wp-json\/wp\/v2\/posts\/14029\/revisions"}],"predecessor-version":[{"id":14032,"href":"https:\/\/blogs.correiobraziliense.com.br\/papodeconcurseiro\/wp-json\/wp\/v2\/posts\/14029\/revisions\/14032"}],"wp:featuredmedia":[{"embeddable":true,"href":"https:\/\/blogs.correiobraziliense.com.br\/papodeconcurseiro\/wp-json\/wp\/v2\/media\/14030"}],"wp:attachment":[{"href":"https:\/\/blogs.correiobraziliense.com.br\/papodeconcurseiro\/wp-json\/wp\/v2\/media?parent=14029"}],"wp:term":[{"taxonomy":"category","embeddable":true,"href":"https:\/\/blogs.correiobraziliense.com.br\/papodeconcurseiro\/wp-json\/wp\/v2\/categories?post=14029"},{"taxonomy":"post_tag","embeddable":true,"href":"https:\/\/blogs.correiobraziliense.com.br\/papodeconcurseiro\/wp-json\/wp\/v2\/tags?post=14029"}],"curies":[{"name":"wp","href":"https:\/\/api.w.org\/{rel}","templated":true}]}}