{"id":13215,"date":"2020-08-10T15:23:44","date_gmt":"2020-08-10T18:23:44","guid":{"rendered":"https:\/\/blogs.correiobraziliense.com.br\/papodeconcurseiro\/?p=13215"},"modified":"2020-08-10T15:23:44","modified_gmt":"2020-08-10T18:23:44","slug":"emater-mg-convocara-aprovados-em-concurso-de-2018","status":"publish","type":"post","link":"https:\/\/blogs.correiobraziliense.com.br\/papodeconcurseiro\/emater-mg-convocara-aprovados-em-concurso-de-2018\/","title":{"rendered":"Emater MG convocar\u00e1 aprovados em concurso de 2018"},"content":{"rendered":"<h2 class=\"txt-gray-medium mb-0 center-wall\">Empresa anunciou, ainda, um programa de desligamento volunt\u00e1rio de funcion\u00e1rios<\/h2>\n<p>&nbsp;<\/p>\n<p><em>Humberto Martins, do Estado de Minas &#8211;<\/em> A Empresa de Assist\u00eancia T\u00e9cnica e Extens\u00e3o Rural de Minas Gerais (Emater-MG) ir\u00e1 iniciar, ainda este ano, a convoca\u00e7\u00e3o dos aprovados em seu \u00faltimo concurso p\u00fablico e um programa de desligamento volunt\u00e1rio (PDV) de servidores. Os desligamentos devem come\u00e7ar no pr\u00f3ximo m\u00eas e se estender at\u00e9 agosto de 2021.<\/p>\n<p>O \u00faltimo concurso p\u00fablico da empresa foi lan\u00e7ado em 2015. Em 2017 foi aprovado o Quadro de Pessoal e Vagas pela Assembleia Legislativa e as provas foram realizadas em setembro de 2018, com mais de 60 mil inscritos. O cronograma para a convoca\u00e7\u00e3o dos aprovados ainda ser\u00e1 estabelecido pela empresa.<\/p>\n<p>O an\u00fancio foi feito pela secret\u00e1ria de Agricultura, Ana Valentini, nesta quarta-feira, durante reuni\u00e3o virtual do Conselho de Administra\u00e7\u00e3o da Emater, que contou ainda com a participa\u00e7\u00e3o do vice-governador Paulo Brant.<\/p>\n<p>\u201cO PDV vai permitir a gratifica\u00e7\u00e3o e o reconhecimento daqueles que prestaram importante servi\u00e7o de assist\u00eancia t\u00e9cnica e extens\u00e3o rural na Emater-MG, e a convoca\u00e7\u00e3o dos concursados ir\u00e1 renovar e recompor o quadro de profissionais da empresa\u201d, disse a secret\u00e1ria.<\/p>\n<p>&nbsp;<\/p>\n<p>https:\/\/www.instagram.com\/p\/CDPHPx_nSnk\/?utm_source=ig_embed<\/p>\n<p>&nbsp;<\/p>\n<p>A Emater-MG presta assist\u00eancia t\u00e9cnica e extens\u00e3o rural a, aproximdamente 390 mil produtores rurais \u2013 em sua maioria, agricultores familiares \u2013 em 790 munic\u00edpios mineiros.<\/p>\n","protected":false},"excerpt":{"rendered":"<p>Empresa anunciou, ainda, um programa de desligamento volunt\u00e1rio de funcion\u00e1rios &nbsp; Humberto Martins, do Estado de Minas &#8211; A Empresa de Assist\u00eancia T\u00e9cnica e Extens\u00e3o Rural de Minas Gerais (Emater-MG) ir\u00e1 iniciar, ainda este ano, a convoca\u00e7\u00e3o dos aprovados em seu \u00faltimo concurso p\u00fablico e um programa de desligamento volunt\u00e1rio (PDV) de servidores. Os desligamentos devem come\u00e7ar no pr\u00f3ximo m\u00eas [&hellip;]<\/p>\n","protected":false},"author":33,"featured_media":13216,"comment_status":"open","ping_status":"closed","sticky":false,"template":"","format":"standard","meta":{"footnotes":""},"categories":[282],"tags":[1722,1721,1720,249],"class_list":["post-13215","post","type-post","status-publish","format-standard","has-post-thumbnail","hentry","category-concursos","tag-concurso-mg","tag-emater","tag-emater-mg","tag-minas-gerais"],"_links":{"self":[{"href":"https:\/\/blogs.correiobraziliense.com.br\/papodeconcurseiro\/wp-json\/wp\/v2\/posts\/13215","targetHints":{"allow":["GET"]}}],"collection":[{"href":"https:\/\/blogs.correiobraziliense.com.br\/papodeconcurseiro\/wp-json\/wp\/v2\/posts"}],"about":[{"href":"https:\/\/blogs.correiobraziliense.com.br\/papodeconcurseiro\/wp-json\/wp\/v2\/types\/post"}],"author":[{"embeddable":true,"href":"https:\/\/blogs.correiobraziliense.com.br\/papodeconcurseiro\/wp-json\/wp\/v2\/users\/33"}],"replies":[{"embeddable":true,"href":"https:\/\/blogs.correiobraziliense.com.br\/papodeconcurseiro\/wp-json\/wp\/v2\/comments?post=13215"}],"version-history":[{"count":1,"href":"https:\/\/blogs.correiobraziliense.com.br\/papodeconcurseiro\/wp-json\/wp\/v2\/posts\/13215\/revisions"}],"predecessor-version":[{"id":13217,"href":"https:\/\/blogs.correiobraziliense.com.br\/papodeconcurseiro\/wp-json\/wp\/v2\/posts\/13215\/revisions\/13217"}],"wp:featuredmedia":[{"embeddable":true,"href":"https:\/\/blogs.correiobraziliense.com.br\/papodeconcurseiro\/wp-json\/wp\/v2\/media\/13216"}],"wp:attachment":[{"href":"https:\/\/blogs.correiobraziliense.com.br\/papodeconcurseiro\/wp-json\/wp\/v2\/media?parent=13215"}],"wp:term":[{"taxonomy":"category","embeddable":true,"href":"https:\/\/blogs.correiobraziliense.com.br\/papodeconcurseiro\/wp-json\/wp\/v2\/categories?post=13215"},{"taxonomy":"post_tag","embeddable":true,"href":"https:\/\/blogs.correiobraziliense.com.br\/papodeconcurseiro\/wp-json\/wp\/v2\/tags?post=13215"}],"curies":[{"name":"wp","href":"https:\/\/api.w.org\/{rel}","templated":true}]}}