{"id":13211,"date":"2020-08-10T10:16:07","date_gmt":"2020-08-10T13:16:07","guid":{"rendered":"https:\/\/blogs.correiobraziliense.com.br\/papodeconcurseiro\/?p=13211"},"modified":"2020-08-10T10:16:07","modified_gmt":"2020-08-10T13:16:07","slug":"basa-vai-lancar-concurso-e-ja-define-banca-e-cargo-confira","status":"publish","type":"post","link":"https:\/\/blogs.correiobraziliense.com.br\/papodeconcurseiro\/basa-vai-lancar-concurso-e-ja-define-banca-e-cargo-confira\/","title":{"rendered":"Basa vai lan\u00e7ar concurso e j\u00e1 define banca e cargo; confira!"},"content":{"rendered":"<h2>Haver\u00e1 vagas de preenchimento imediato e para forma\u00e7\u00e3o de cadastro reserva para candidatos com n\u00edvel superior<\/h2>\n<p>&nbsp;<\/p>\n<p>Uma \u00f3tima not\u00edcia para os concurseiros que tem n\u00edvel superior e pretendem ingressar na carreia banc\u00e1ria! O Banco da Amaz\u00f4nia (<a href=\"https:\/\/www.bancoamazonia.com.br\/\"><strong>Basa<\/strong><\/a>) vai abrir novo concurso p\u00fablico! E j\u00e1 escolheu a banca organizadora da sele\u00e7\u00e3o! De acordo com extrato de contrato, divulgado no Di\u00e1rio Oficial da Uni\u00e3o (<a href=\"https:\/\/www.in.gov.br\/web\/dou\/-\/extrato-de-contrato-271248343\"><strong>DOU<\/strong><\/a>), desta segunda-feira (10\/8), a <a href=\"http:\/\/www.cesgranrio.org.br\/\"><strong>Funda\u00e7\u00e3o Cesgranrio<\/strong> <\/a>ser\u00e1 a respons\u00e1vel pela presta\u00e7\u00e3o de servi\u00e7os t\u00e9cnicos especializados \u00e0 organiza\u00e7\u00e3o e \u00e0 realiza\u00e7\u00e3o de concurso p\u00fablico com vistas ao preenchimento de vagas, e forma\u00e7\u00e3o de cadastro de reserva, para o cargo de t\u00e9cnico cientifico do Banco da Amaz\u00f4nia.<\/p>\n<p><a href=\"https:\/\/blogs.correiobraziliense.com.br\/papodeconcurseiro\/wp-content\/uploads\/sites\/14\/2020\/08\/xxxxxxxxxxxxxxxxxx.jpg\"><img loading=\"lazy\" decoding=\"async\" class=\"aligncenter  wp-image-13212\" src=\"https:\/\/blogs.correiobraziliense.com.br\/papodeconcurseiro\/wp-content\/uploads\/sites\/14\/2020\/08\/xxxxxxxxxxxxxxxxxx.jpg\" alt=\"\" width=\"778\" height=\"473\" srcset=\"https:\/\/blogs.correiobraziliense.com.br\/papodeconcurseiro\/wp-content\/uploads\/sites\/14\/2020\/08\/xxxxxxxxxxxxxxxxxx.jpg 1176w, https:\/\/blogs.correiobraziliense.com.br\/papodeconcurseiro\/wp-content\/uploads\/sites\/14\/2020\/08\/xxxxxxxxxxxxxxxxxx-300x182.jpg 300w, https:\/\/blogs.correiobraziliense.com.br\/papodeconcurseiro\/wp-content\/uploads\/sites\/14\/2020\/08\/xxxxxxxxxxxxxxxxxx-768x467.jpg 768w, https:\/\/blogs.correiobraziliense.com.br\/papodeconcurseiro\/wp-content\/uploads\/sites\/14\/2020\/08\/xxxxxxxxxxxxxxxxxx-1024x623.jpg 1024w, https:\/\/blogs.correiobraziliense.com.br\/papodeconcurseiro\/wp-content\/uploads\/sites\/14\/2020\/08\/xxxxxxxxxxxxxxxxxx-550x334.jpg 550w, https:\/\/blogs.correiobraziliense.com.br\/papodeconcurseiro\/wp-content\/uploads\/sites\/14\/2020\/08\/xxxxxxxxxxxxxxxxxx-230x140.jpg 230w\" sizes=\"auto, (max-width: 778px) 100vw, 778px\" \/><\/a><\/p>\n<p>&nbsp;<\/p>\n<h3>\u00daltimo concurso Basa<\/h3>\n<p>O \u00faltimo edital de concurso p\u00fablico do Basa foi lan\u00e7ado tamb\u00e9m pela Cesgranrio no in\u00edcio de 2018. A sele\u00e7\u00e3o foi destinada ao cargo de t\u00e9cnico banc\u00e1rio, n\u00edvel m\u00e9dio, com sal\u00e1rio de R$ 2.380,82 na ocasi\u00e3o. Houve ainda chances para t\u00e9cnicos cient\u00edficos de medicina do trabalho e TI, com sal\u00e1rio de\u00a0R$ 2.829,75, para jornadas que variam entre 20 e 30 horas semanais de trabalho.<\/p>\n<p>&nbsp;<\/p>\n<p>Al\u00e9m do sal\u00e1rio, o Basa ofereceu, a t\u00edtulo de vantagem: aux\u00edlio-alimenta\u00e7\u00e3o (Ticket e Cesta Alimenta\u00e7\u00e3o) no valor de R$ 1.317,73; aux\u00edlio-creche; possibilidade de exerc\u00edcio de fun\u00e7\u00f5es gratificadas; possibilidade de ascens\u00e3o e desenvolvimento profissional; possibilidade de participa\u00e7\u00e3o no Plano de Previd\u00eancia Complementar do Basa &#8211; PrevAmaz\u00f4nia; participa\u00e7\u00e3o nos lucros ou nos resultados da Empresa, observadas as disposi\u00e7\u00f5es legais em vigor.<\/p>\n<p>&nbsp;<\/p>\n<p>O n\u00famero de inscritos total da sele\u00e7\u00e3o foi de 119.627, sendo 22 para o cargo de m\u00e9dico, 2.004 para TI e o restante para t\u00e9cnicos banc\u00e1rios.\u00a0Veja a <a href=\"http:\/\/www.cesgranrio.org.br\/concursos\/evento.aspx?id=basa0118\"><strong>p\u00e1gina do concurso Basa 2018.\u00a0<\/strong><\/a><\/p>\n","protected":false},"excerpt":{"rendered":"<p>Haver\u00e1 vagas de preenchimento imediato e para forma\u00e7\u00e3o de cadastro reserva para candidatos com n\u00edvel superior &nbsp; Uma \u00f3tima not\u00edcia para os concurseiros que tem n\u00edvel superior e pretendem ingressar na carreia banc\u00e1ria! O Banco da Amaz\u00f4nia (Basa) vai abrir novo concurso p\u00fablico! E j\u00e1 escolheu a banca organizadora da sele\u00e7\u00e3o! De acordo com extrato de contrato, divulgado no Di\u00e1rio [&hellip;]<\/p>\n","protected":false},"author":33,"featured_media":13213,"comment_status":"open","ping_status":"closed","sticky":false,"template":"","format":"standard","meta":{"footnotes":""},"categories":[153,395],"tags":[1719,1716,1718,1717],"class_list":["post-13211","post","type-post","status-publish","format-standard","has-post-thumbnail","hentry","category-autorizacao","category-carreira-bancaria","tag-banco-da-amazonia","tag-basa","tag-concurso-banco","tag-concurso-basa"],"_links":{"self":[{"href":"https:\/\/blogs.correiobraziliense.com.br\/papodeconcurseiro\/wp-json\/wp\/v2\/posts\/13211","targetHints":{"allow":["GET"]}}],"collection":[{"href":"https:\/\/blogs.correiobraziliense.com.br\/papodeconcurseiro\/wp-json\/wp\/v2\/posts"}],"about":[{"href":"https:\/\/blogs.correiobraziliense.com.br\/papodeconcurseiro\/wp-json\/wp\/v2\/types\/post"}],"author":[{"embeddable":true,"href":"https:\/\/blogs.correiobraziliense.com.br\/papodeconcurseiro\/wp-json\/wp\/v2\/users\/33"}],"replies":[{"embeddable":true,"href":"https:\/\/blogs.correiobraziliense.com.br\/papodeconcurseiro\/wp-json\/wp\/v2\/comments?post=13211"}],"version-history":[{"count":1,"href":"https:\/\/blogs.correiobraziliense.com.br\/papodeconcurseiro\/wp-json\/wp\/v2\/posts\/13211\/revisions"}],"predecessor-version":[{"id":13214,"href":"https:\/\/blogs.correiobraziliense.com.br\/papodeconcurseiro\/wp-json\/wp\/v2\/posts\/13211\/revisions\/13214"}],"wp:featuredmedia":[{"embeddable":true,"href":"https:\/\/blogs.correiobraziliense.com.br\/papodeconcurseiro\/wp-json\/wp\/v2\/media\/13213"}],"wp:attachment":[{"href":"https:\/\/blogs.correiobraziliense.com.br\/papodeconcurseiro\/wp-json\/wp\/v2\/media?parent=13211"}],"wp:term":[{"taxonomy":"category","embeddable":true,"href":"https:\/\/blogs.correiobraziliense.com.br\/papodeconcurseiro\/wp-json\/wp\/v2\/categories?post=13211"},{"taxonomy":"post_tag","embeddable":true,"href":"https:\/\/blogs.correiobraziliense.com.br\/papodeconcurseiro\/wp-json\/wp\/v2\/tags?post=13211"}],"curies":[{"name":"wp","href":"https:\/\/api.w.org\/{rel}","templated":true}]}}