{"id":10808,"date":"2020-01-16T10:57:50","date_gmt":"2020-01-16T13:57:50","guid":{"rendered":"https:\/\/blogs.correiobraziliense.com.br\/papodeconcurseiro\/?p=10808"},"modified":"2020-01-16T10:58:22","modified_gmt":"2020-01-16T13:58:22","slug":"dataprev-e-incluida-em-programa-de-desestatizacao-e-alguns-empregados-sao-cedidos-ao-inss","status":"publish","type":"post","link":"https:\/\/blogs.correiobraziliense.com.br\/papodeconcurseiro\/dataprev-e-incluida-em-programa-de-desestatizacao-e-alguns-empregados-sao-cedidos-ao-inss\/","title":{"rendered":"Dataprev \u00e9 inclu\u00edda em programa de desestatiza\u00e7\u00e3o e alguns empregados s\u00e3o cedidos ao INSS"},"content":{"rendered":"<p>Foi publicado, nesta quinta-feira (16\/1), no Di\u00e1rio Oficial da Uni\u00e3o (DOU), um novo decreto que inclui a Empresa de Tecnologia e Informa\u00e7\u00f5es da Previd\u00eancia (Dataprev) no Programa Nacional de Desestatiza\u00e7\u00e3o (PND) do governo federal. A empresa tamb\u00e9m foi qualificada no \u00e2mbito do Programa de Parcerias de Investimentos da Presid\u00eancia da Rep\u00fablica (PPI).<\/p>\n<p><em>\u201cFica qualificada, no \u00e2mbito do Programa de Parcerias de Investimentos da Presid\u00eancia da Rep\u00fablica &#8211; PPI, e inclu\u00edda no Programa Nacional de Desestatiza\u00e7\u00e3o &#8211; PND a Empresa de Tecnologia e Informa\u00e7\u00f5es da Previd\u00eancia \u2013 Dataprev\u201d<\/em>, diz o decreto em seu artigo primeiro.<\/p>\n<p>A Dataprev \u00e9 uma empresa p\u00fablica, criada em 1974, conforme a <a href=\"http:\/\/www.planalto.gov.br\/ccivil_03\/leis\/L6125.htm\" target=\"_blank\" rel=\"noopener\">Lei n\u00ba 6.125, de 4 de novembro <\/a>daquele ano, assinado pelo presidente Ernesto Geisel.<\/p>\n<p>Em seu\u00a0<a href=\"https:\/\/portal.dataprev.gov.br\/dataprev\/quem-somos\">portal na internet<\/a>, a empresa informa que, entre outros servi\u00e7os, \u00e9 respons\u00e1vel pelo processamento do pagamento mensal de cerca de 34,5 milh\u00f5es de benef\u00edcios previdenci\u00e1rios e pela aplica\u00e7\u00e3o<em> on-line<\/em> que faz a libera\u00e7\u00e3o de seguro-desemprego.<\/p>\n<p>&nbsp;<\/p>\n<h3>Cess\u00e3o de empregados da Dataprev ao INSS<\/h3>\n<p>Foi autorizado pelo Minist\u00e9rio da Economia o empr\u00e9stimo de 19 empregados da Dataprev &#8220;para compor for\u00e7a de trabalho no Instituto Nacional do Seguro Social (INSS)&#8221;. A iniciativa faz parte das solu\u00e7\u00f5es que o governo est\u00e1 desenhando para acabar com a fila do INSS de 1,3 milh\u00e3o de pedidos em atraso at\u00e9 o fim de setembro de 2020.<\/p>\n<p>Al\u00e9m do remanejamento de quadros de outros \u00f3rg\u00e3os, o governo j\u00e1 anunciou que pretende contratar at\u00e9 7 mil militares da reserva das For\u00e7as Armadas para auxiliar no atendimento nas ag\u00eancias do INSS.<\/p>\n<p>A cess\u00e3o dos empregados da Dataprev para o INSS consta de portaria publicada no Di\u00e1rio Oficial da Uni\u00e3o (DOU) desta quinta-feira.<\/p>\n<p>O ato tamb\u00e9m transfere outros 30 empregados da Dataprev para o quadro do Minist\u00e9rio da Economia. Nos dois casos, a cess\u00e3o ser\u00e1 por tempo indeterminado.<\/p>\n<p>&#8220;O retorno dos empregados \u00e0 entidade de origem poder\u00e1 ocorrer a qualquer tempo, por decis\u00e3o do Minist\u00e9rio da Economia&#8221;, cita a portaria. &#8220;Compete ao Instituto Nacional do Seguro Social e ao Minist\u00e9rio da Economia assegurarem de que os empregados p\u00fablicos ora colocados \u00e0 sua disposi\u00e7\u00e3o, n\u00e3o exercer\u00e3o atividades que n\u00e3o correspondam \u00e0s suas atribui\u00e7\u00f5es na entidade de origem, de forma a n\u00e3o ocorrer desvio de fun\u00e7\u00e3o&#8221;, acrescenta.<\/p>\n<p>Mais cedo, o Broadcast (sistema de not\u00edcias em tempo real do Grupo Estado) noticiou que o governo formalizou nesta quinta-feira, por decreto, a inclus\u00e3o da Dataprev no Programa Nacional de Desestatiza\u00e7\u00e3o (PND). A empresa p\u00fablica \u00e9 respons\u00e1vel pela gest\u00e3o de sistemas de pol\u00edticas sociais do Estado brasileiro, incluindo dados do INSS.<\/p>\n<p><em>* \u00a0Com informa\u00e7\u00f5es de Ag\u00eancia Brasil e Ag\u00eancia Estado<\/em><\/p>\n","protected":false},"excerpt":{"rendered":"<p>Foi publicado, nesta quinta-feira (16\/1), no Di\u00e1rio Oficial da Uni\u00e3o (DOU), um novo decreto que inclui a Empresa de Tecnologia e Informa\u00e7\u00f5es da Previd\u00eancia (Dataprev) no Programa Nacional de Desestatiza\u00e7\u00e3o (PND) do governo federal. A empresa tamb\u00e9m foi qualificada no \u00e2mbito do Programa de Parcerias de Investimentos da Presid\u00eancia da Rep\u00fablica (PPI). \u201cFica qualificada, no \u00e2mbito do Programa de Parcerias [&hellip;]<\/p>\n","protected":false},"author":32,"featured_media":10809,"comment_status":"open","ping_status":"closed","sticky":false,"template":"","format":"standard","meta":{"footnotes":""},"categories":[282],"tags":[1057,1220,1218,1219],"class_list":["post-10808","post","type-post","status-publish","format-standard","has-post-thumbnail","hentry","category-concursos","tag-dataprev","tag-desestatizacao","tag-pnd","tag-ppi"],"_links":{"self":[{"href":"https:\/\/blogs.correiobraziliense.com.br\/papodeconcurseiro\/wp-json\/wp\/v2\/posts\/10808","targetHints":{"allow":["GET"]}}],"collection":[{"href":"https:\/\/blogs.correiobraziliense.com.br\/papodeconcurseiro\/wp-json\/wp\/v2\/posts"}],"about":[{"href":"https:\/\/blogs.correiobraziliense.com.br\/papodeconcurseiro\/wp-json\/wp\/v2\/types\/post"}],"author":[{"embeddable":true,"href":"https:\/\/blogs.correiobraziliense.com.br\/papodeconcurseiro\/wp-json\/wp\/v2\/users\/32"}],"replies":[{"embeddable":true,"href":"https:\/\/blogs.correiobraziliense.com.br\/papodeconcurseiro\/wp-json\/wp\/v2\/comments?post=10808"}],"version-history":[{"count":6,"href":"https:\/\/blogs.correiobraziliense.com.br\/papodeconcurseiro\/wp-json\/wp\/v2\/posts\/10808\/revisions"}],"predecessor-version":[{"id":10815,"href":"https:\/\/blogs.correiobraziliense.com.br\/papodeconcurseiro\/wp-json\/wp\/v2\/posts\/10808\/revisions\/10815"}],"wp:featuredmedia":[{"embeddable":true,"href":"https:\/\/blogs.correiobraziliense.com.br\/papodeconcurseiro\/wp-json\/wp\/v2\/media\/10809"}],"wp:attachment":[{"href":"https:\/\/blogs.correiobraziliense.com.br\/papodeconcurseiro\/wp-json\/wp\/v2\/media?parent=10808"}],"wp:term":[{"taxonomy":"category","embeddable":true,"href":"https:\/\/blogs.correiobraziliense.com.br\/papodeconcurseiro\/wp-json\/wp\/v2\/categories?post=10808"},{"taxonomy":"post_tag","embeddable":true,"href":"https:\/\/blogs.correiobraziliense.com.br\/papodeconcurseiro\/wp-json\/wp\/v2\/tags?post=10808"}],"curies":[{"name":"wp","href":"https:\/\/api.w.org\/{rel}","templated":true}]}}