{"id":843,"date":"2023-09-18T16:04:40","date_gmt":"2023-09-18T19:04:40","guid":{"rendered":"https:\/\/blogs.correiobraziliense.com.br\/ofuturojacomecou\/?p=843"},"modified":"2023-09-18T16:04:40","modified_gmt":"2023-09-18T19:04:40","slug":"o-futuro-e-criativo-e-o-df-tem-o-seu-lugar","status":"publish","type":"post","link":"https:\/\/blogs.correiobraziliense.com.br\/ofuturojacomecou\/2023\/09\/18\/o-futuro-e-criativo-e-o-df-tem-o-seu-lugar\/","title":{"rendered":"O Futuro \u00e9 Criativo e o DF tem o seu Lugar!"},"content":{"rendered":"<p><img decoding=\"async\" src=\"https:\/\/news.sap.com\/brazil\/files\/2023\/05\/31\/284489_shutterstock_1062915392-e1691075779560.jpg\" alt=\"SAP apresenta sua vis\u00e3o para neg\u00f3cios \u00e0 prova de futuro na era da intelig\u00eancia artificial durante o SAP Sapphire - Sala de Imprensa SAP Brasil\" \/><\/p>\n<p><strong>Futuro: Em um nundo impactado por todos os lados<\/strong> pelo avan\u00e7o de tecnologias disruptivas, entre as quais a intelig\u00eancia artificial, o que esperar do futuro do trabalho, do futuro dos neg\u00f3cios, do futuro da sociedade humana em suas diversas formas de express\u00e3o?<\/p>\n<p>O surgimento do <strong>Chat GPT 4 da Empresa Open Ai<\/strong> que emula a linguagem humana com mais de <strong>1 trilh\u00e3o de par\u00e2metros de machine learning (aprendizagem de m\u00e1quina)<\/strong> j\u00e1 \u00e9 capaz de causar arrepios pela capacidade de elabora\u00e7\u00e3o de artigos cient\u00edficos, desenvolvimento de programas de software, websites, classificar-se entre os primeiros lugares em concursos como o equivalente ao da OAB dos EUA ou nas Universidades mais exigentes do mundo. <strong>Outras intelig\u00eancias artificiais voltadas ao segmento audiovisual, a pintura e a produ\u00e7\u00e3o musical tamb\u00e9m impressionam pela velocidade e qualidade com que produzem suas obras. Chega a ser assustador. Diante desse cen\u00e1rio, h\u00e1 futuro para os criativos?<\/strong><\/p>\n<p><img decoding=\"async\" src=\"https:\/\/www.gedai.com.br\/wp-content\/uploads\/2014\/12\/foto-economia-criativa.jpg\" alt=\"foto-economia-criativa.jpg\" \/><\/p>\n<p><strong>O Mercado Criativo no Brasil:<\/strong><\/p>\n<p>Atualmente, <strong>esse\u00a0 segmento responde por aproximadamente 7% do PIB mundial.<\/strong> O mercado brasileiro particularmente tem apresentado um grande crescimento nos \u00faltimos anos. Segundo dados da Federa\u00e7\u00e3o das Ind\u00fastrias do Estado do Rio de Janeiro (FIRJAN), em 2019, <strong>esse setor movimentou cerca de R$ 171,5 bilh\u00f5es e gerou mais de 1,5 milh\u00e3o de empregos no pa\u00eds.<\/strong><\/p>\n<p>Os principais segmentos da economia criativa no Brasil s\u00e3o o <strong>audiovisual, design, moda, m\u00fasica, publicidade, arquitetura, artesanato e gastronomia<\/strong>. O <strong>audiovisual \u00e9 o segmento que mais se destaca, representando cerca de 34,8% do volume de neg\u00f3cios da economia criativa brasileira.<\/strong><\/p>\n<p>As perspectivas de futuro s\u00e3o promissoras. De acordo com estudo da\u00a0 Federa\u00e7\u00e3o das Ind\u00fastria do Estado do Rio de Janeiro &#8211; Firjan, <strong>estima-se que o mercado das \u00e1reas da economia criativa tenha crescido cerca de 4,6% ao ano at\u00e9 2022<\/strong>, o que demonstra o potencial de expans\u00e3o desse setor.<\/p>\n<p>Al\u00e9m disso, a economia criativa tem se mostrado uma importante aliada no desenvolvimento econ\u00f4mico e na gera\u00e7\u00e3o de empregos, principalmente em tempos de crise. Com a digitaliza\u00e7\u00e3o e a globaliza\u00e7\u00e3o, as oportunidades nesse mercado tendem a aumentar cada vez mais.<\/p>\n<p>No entanto, \u00e9 importante destacar que ainda h\u00e1 muitos desafios a serem enfrentados para que esse setor cres\u00e7a ainda mais. A falta de investimento e de pol\u00edticas p\u00fablicas espec\u00edficas s\u00e3o alguns dos obst\u00e1culos a serem superados.<\/p>\n<p>Em suma, o mercado brasileiro das \u00e1reas da economia criativa tem apresentado um grande potencial de crescimento e de gera\u00e7\u00e3o de empregos. <strong>Os principais segmentos s\u00e3o o audiovisual, design, moda, m\u00fasica, publicidade, arquitetura, artesanato e gastronomia<\/strong>. As perspectivas de futuro s\u00e3o promissoras, mas ainda \u00e9 preciso superar os desafios para que esse setor se desenvolva ainda mais.<\/p>\n<p><img loading=\"lazy\" decoding=\"async\" class=\"alignnone size-full wp-image-855\" src=\"https:\/\/blogs.correiobraziliense.com.br\/ofuturojacomecou\/wp-content\/uploads\/sites\/58\/2023\/09\/WCD-Bras\u00edlia.jpg\" alt=\"\" width=\"1080\" height=\"1080\" srcset=\"https:\/\/blogs.correiobraziliense.com.br\/ofuturojacomecou\/wp-content\/uploads\/sites\/58\/2023\/09\/WCD-Bras\u00edlia.jpg 1080w, https:\/\/blogs.correiobraziliense.com.br\/ofuturojacomecou\/wp-content\/uploads\/sites\/58\/2023\/09\/WCD-Bras\u00edlia-150x150.jpg 150w, https:\/\/blogs.correiobraziliense.com.br\/ofuturojacomecou\/wp-content\/uploads\/sites\/58\/2023\/09\/WCD-Bras\u00edlia-300x300.jpg 300w, https:\/\/blogs.correiobraziliense.com.br\/ofuturojacomecou\/wp-content\/uploads\/sites\/58\/2023\/09\/WCD-Bras\u00edlia-768x768.jpg 768w, https:\/\/blogs.correiobraziliense.com.br\/ofuturojacomecou\/wp-content\/uploads\/sites\/58\/2023\/09\/WCD-Bras\u00edlia-1024x1024.jpg 1024w, https:\/\/blogs.correiobraziliense.com.br\/ofuturojacomecou\/wp-content\/uploads\/sites\/58\/2023\/09\/WCD-Bras\u00edlia-800x800.jpg 800w, https:\/\/blogs.correiobraziliense.com.br\/ofuturojacomecou\/wp-content\/uploads\/sites\/58\/2023\/09\/WCD-Bras\u00edlia-550x550.jpg 550w, https:\/\/blogs.correiobraziliense.com.br\/ofuturojacomecou\/wp-content\/uploads\/sites\/58\/2023\/09\/WCD-Bras\u00edlia-230x230.jpg 230w\" sizes=\"auto, (max-width: 1080px) 100vw, 1080px\" \/><\/p>\n<p><strong>Bras\u00edlia e o World Creativity Day<\/strong><\/p>\n<p><strong>O dia internacional da criatividade<\/strong> \u00e9 celebrado mundialmente em 21 de Abril desde que foi institu\u00eddo pela ONU em 2017. A grande inspira\u00e7\u00e3o nasceu de uma amizade entre o economista John Anthony Howkins e o brasileiro Lucas Foster. Psic\u00f3logo e ativista, ambos dedicados ao tema da Economia Criativa, termo forjado por Howkins. Lucas convenceu a ONU e desde ent\u00e3o, nessa data, centenas de cidades ao redor do globo celebram a criatividade humana.<\/p>\n<p><strong>Nesse ano de 2023, Bras\u00edlia e mais de 120 cidades em 19 pa\u00edses realizaram uma intensa programa\u00e7\u00e3o comemorativa nos dias 20, 21 e 22 de Abril<\/strong>. A convite da organizadora local, Ana Paula Bessa, tive o privil\u00e9gio de realizar uma Palestra seguida de um Painel, com o tema: <strong>&#8220;O Impacto da Intelig\u00eancia Artificial nas \u00e1reas da Economia Criativa&#8221;<\/strong>. Contei com representantes brasilienses do mais alto n\u00edvel nessa troca de id\u00e9ias: <strong>Marcus Ligocki, cineasta premiado internacionalmente, Ralfe Braga, artista visual que encanta nossa cidade com suas obras, Cris Kozovits, Ghost Writer e\u00a0 expoente na produ\u00e7\u00e3o de conte\u00fados liter\u00e1rios.<\/strong> Tanto os painelistas quanto a plat\u00e9ia presente concordaram que h\u00e1 uma clara distin\u00e7\u00e3o entre ferramentas generativas e criatividade genu\u00edna. Sensibilidade, emo\u00e7\u00e3o, arrepios, encantamento, alegria, jamais deixar\u00e3o de ser o diferencial que distingue\u00a0 o humano das m\u00e1quinas.<\/p>\n<p><img decoding=\"async\" src=\"https:\/\/cdn.jornaldebrasilia.com.br\/wp-content\/uploads\/2021\/11\/14082646\/economia-criativa.jpg\" \/><\/p>\n<p><strong>Radiografia do Mercado Criativo do DF<\/strong><\/p>\n<p>Considerando a velocidade com que esse mercado avan\u00e7a e a intensidade das intera\u00e7\u00f5es em torno dele, parece que o futuro ainda ser\u00e1 bastante humanizado.<\/p>\n<p><strong>Segundo estudo desenvolvido pela Universidade Cat\u00f3lica de Bras\u00edlia sob encomenda da C\u00e2mara de Neg\u00f3cios da Economia Criativa, o\u00a0segmento movimentou mais de R$ 9 bilh\u00f5es no Distrito Federal em 2022.<\/strong>\u00a0A renda m\u00e9dia dos 90.000 Agentes Criativos do DF \u00e9 de R$4.000,00\/m\u00eas, considerada a maior do pa\u00eds. O\u00a0setor \u00e9 respons\u00e1vel por 3,5% do Produto Interno Bruto (PIB) do DF. Mais de\u00a090.000 agentes criativos entre\u00a0profissionais e empresas formam a cadeia produtiva setorial com a predomin\u00e2ncia dos seguintes dom\u00ednios de neg\u00f3cios: <strong>Publicidade (13.096), Moda (3.324), Audiovisual (2.378), Pesquisa\/Educa\u00e7\u00e3o (1.550), Turismo (1.498), Eventos (1.083), Arquitetura (1.082), Software (855), Gastronomia (590), M\u00eddias (360). Essas atividades est\u00e3o distribu\u00eddas nas seguintes localidade: Plano Piloto (4.869), Ceil\u00e2ndia (2.493), Taguatinga (2.440), \u00c1guas Claras (1.970), Guar\u00e1 (1.663), Samambaia (1.610), sobradinho (1.098), Gama (1.002).<\/strong><\/p>\n<p><img decoding=\"async\" src=\"https:\/\/i.ytimg.com\/vi\/mEHi2VmWVCU\/maxresdefault.jpg\" alt=\"BRAS\u00cdLIA 63 ANOS - YouTube\" \/><\/p>\n<p><strong>A saga de Juscelino Kubitscheck, completou 63 anos<\/strong> e ela \u00e9 por si o resultado da vis\u00e3o, do empreendedorismo e do esp\u00edrito alegre e bo\u00eamio de um Presidente Bossanova, que se apoiou na\u00a0poesia,\u00a0na arquitetura e nas artes para projetar o futuro de nosso pa\u00eds. N\u00e3o \u00e9 por acaso que <strong>em 2017 a UNESCO concedeu o t\u00edtulo de Cidade Criativa do Design para Bras\u00edlia por reconhecer a qualidade dos servi\u00e7os e equipamentos em \u00e1reas como design, artesanato, gastronomia, cinema, literatura e m\u00fasica da cidade.<\/strong><\/p>\n<p><strong>O futuro do DF<\/strong> reserva muitas possibilidades e elas passam necessariamente pela economia criativa e pela economia digital, capazes de promover uma transforma\u00e7\u00e3o consistente em nossa matriz econ\u00f4mica e social. <em><strong>\u00c9 urgente que se conscientize e promova o empreendedorismo capaz de reduzir nossa depend\u00eancia dos empregos p\u00fablicos e do repasse do Fundo Constitucional<\/strong><\/em>, motivo pelo qual considero digno de aplausos o Estudo da <strong>C\u00e2mara de Neg\u00f3cios da Economia Criativa sob a coordena\u00e7\u00e3o do Professor Alexandre Kieling da Universidade Cat\u00f3lica de Bras\u00edlia<\/strong>. \u00c9 importante saber que na Bras\u00edlia Capital da Esperan\u00e7a, o futuro al\u00e9m de ser virtual, tamb\u00e9m segue concreto e sobretudo, muito, muito Criativo.<\/p>\n<p><strong>Gilberto Lima Junior (@gilbertonamastech) \u00e9 Humanista Digital, Futurista, <\/strong>Presidente do Instituto Illuminante de Inova\u00e7\u00e3o Tecnol\u00f3gica e Impacto Social e do Conselho Curador da Funda\u00e7\u00e3o Assis Chateaubriand. Palestrante da Franquia Internacional TEDx \u2013 TED Talks, Campus Party, Innova Summit, World Creativity Day, Sebrae Inova e de diversas empresas p\u00fablicas e privadas.<\/p>\n<p>*<strong>V\u00eddeo sobre o Impacto das Tecnologias apresentado no World Creativity Day<\/strong>:<\/p>\n<p><iframe loading=\"lazy\" width=\"1440\" height=\"810\" src=\"https:\/\/www.youtube.com\/embed\/nm1x-M9kc7c?start=4&#038;feature=oembed\" frameborder=\"0\" allow=\"accelerometer; autoplay; clipboard-write; encrypted-media; gyroscope; picture-in-picture; web-share\" allowfullscreen title=\"A Intelig\u00eancia Artificial vai ajudar ou prejudicar os profissionais da Economia Criativa?\"><\/iframe><\/p>\n<p>&nbsp;<\/p>\n","protected":false},"excerpt":{"rendered":"<p>Futuro: Em um nundo impactado por todos os lados pelo avan\u00e7o de tecnologias disruptivas, entre as quais a intelig\u00eancia artificial, o que esperar do futuro do trabalho, do futuro dos neg\u00f3cios, do futuro da sociedade humana em suas diversas formas de express\u00e3o? O surgimento do Chat GPT 4 da Empresa Open Ai que emula a linguagem humana com mais de [&hellip;]<\/p>\n","protected":false},"author":122,"featured_media":0,"comment_status":"open","ping_status":"open","sticky":false,"template":"","format":"standard","meta":{"footnotes":""},"categories":[1],"tags":[849,12,4,5,2,850,104,124,74,153,467],"class_list":["post-843","post","type-post","status-publish","format-standard","hentry","category-sem-categoria","tag-criatividade","tag-gilbertonamastech","tag-ia","tag-inteligencia-artificial","tag-namastech","tag-world-creativity-day","tag-algoritimo","tag-brasil","tag-digital","tag-futuro","tag-kubitscheck"],"_links":{"self":[{"href":"https:\/\/blogs.correiobraziliense.com.br\/ofuturojacomecou\/wp-json\/wp\/v2\/posts\/843","targetHints":{"allow":["GET"]}}],"collection":[{"href":"https:\/\/blogs.correiobraziliense.com.br\/ofuturojacomecou\/wp-json\/wp\/v2\/posts"}],"about":[{"href":"https:\/\/blogs.correiobraziliense.com.br\/ofuturojacomecou\/wp-json\/wp\/v2\/types\/post"}],"author":[{"embeddable":true,"href":"https:\/\/blogs.correiobraziliense.com.br\/ofuturojacomecou\/wp-json\/wp\/v2\/users\/122"}],"replies":[{"embeddable":true,"href":"https:\/\/blogs.correiobraziliense.com.br\/ofuturojacomecou\/wp-json\/wp\/v2\/comments?post=843"}],"version-history":[{"count":9,"href":"https:\/\/blogs.correiobraziliense.com.br\/ofuturojacomecou\/wp-json\/wp\/v2\/posts\/843\/revisions"}],"predecessor-version":[{"id":861,"href":"https:\/\/blogs.correiobraziliense.com.br\/ofuturojacomecou\/wp-json\/wp\/v2\/posts\/843\/revisions\/861"}],"wp:attachment":[{"href":"https:\/\/blogs.correiobraziliense.com.br\/ofuturojacomecou\/wp-json\/wp\/v2\/media?parent=843"}],"wp:term":[{"taxonomy":"category","embeddable":true,"href":"https:\/\/blogs.correiobraziliense.com.br\/ofuturojacomecou\/wp-json\/wp\/v2\/categories?post=843"},{"taxonomy":"post_tag","embeddable":true,"href":"https:\/\/blogs.correiobraziliense.com.br\/ofuturojacomecou\/wp-json\/wp\/v2\/tags?post=843"}],"curies":[{"name":"wp","href":"https:\/\/api.w.org\/{rel}","templated":true}]}}