{"id":820,"date":"2022-12-03T12:49:08","date_gmt":"2022-12-03T15:49:08","guid":{"rendered":"https:\/\/blogs.correiobraziliense.com.br\/ofuturojacomecou\/?p=820"},"modified":"2022-12-03T12:49:08","modified_gmt":"2022-12-03T15:49:08","slug":"o-df-do-futuro-e-logistico-digital-criativo-e-metaverso","status":"publish","type":"post","link":"https:\/\/blogs.correiobraziliense.com.br\/ofuturojacomecou\/2022\/12\/03\/o-df-do-futuro-e-logistico-digital-criativo-e-metaverso\/","title":{"rendered":"O DF do Futuro \u00e9 Log\u00edstico, Digital, Criativo e Metaverso!"},"content":{"rendered":"<blockquote><p><img loading=\"lazy\" decoding=\"async\" class=\"alignnone size-full wp-image-821 alignleft\" src=\"https:\/\/blogs.correiobraziliense.com.br\/ofuturojacomecou\/wp-content\/uploads\/sites\/58\/2022\/12\/Screenshot_20221202-220939_Brave.jpg\" alt=\"\" width=\"1080\" height=\"568\" srcset=\"https:\/\/blogs.correiobraziliense.com.br\/ofuturojacomecou\/wp-content\/uploads\/sites\/58\/2022\/12\/Screenshot_20221202-220939_Brave.jpg 1080w, https:\/\/blogs.correiobraziliense.com.br\/ofuturojacomecou\/wp-content\/uploads\/sites\/58\/2022\/12\/Screenshot_20221202-220939_Brave-300x158.jpg 300w, https:\/\/blogs.correiobraziliense.com.br\/ofuturojacomecou\/wp-content\/uploads\/sites\/58\/2022\/12\/Screenshot_20221202-220939_Brave-768x404.jpg 768w, https:\/\/blogs.correiobraziliense.com.br\/ofuturojacomecou\/wp-content\/uploads\/sites\/58\/2022\/12\/Screenshot_20221202-220939_Brave-1024x539.jpg 1024w, https:\/\/blogs.correiobraziliense.com.br\/ofuturojacomecou\/wp-content\/uploads\/sites\/58\/2022\/12\/Screenshot_20221202-220939_Brave-800x421.jpg 800w, https:\/\/blogs.correiobraziliense.com.br\/ofuturojacomecou\/wp-content\/uploads\/sites\/58\/2022\/12\/Screenshot_20221202-220939_Brave-550x289.jpg 550w, https:\/\/blogs.correiobraziliense.com.br\/ofuturojacomecou\/wp-content\/uploads\/sites\/58\/2022\/12\/Screenshot_20221202-220939_Brave-230x121.jpg 230w\" sizes=\"auto, (max-width: 1080px) 100vw, 1080px\" \/><\/p><\/blockquote>\n<p>&nbsp;<\/p>\n<p>&nbsp;<\/p>\n<p>&nbsp;<\/p>\n<p>&nbsp;<\/p>\n<p>Se voc\u00ea tem interesse ou conhece profissionais das \u00e1reas de <strong>Tecnologia, Economia Criativa e Log\u00edstica, participe e convide para este Evento imperd\u00edvel e gratuito, com o Tema: &#8220;O DF do Futuro \u00e9 Log\u00edstico, Digital e Criativo&#8221;.<\/strong><\/p>\n<p>Ser\u00e1 nesta <strong>Ter\u00e7a-Feira, 06\/12, \u00e0s 18h, no Audit\u00f3rio da C\u00e2mara Distrital.<\/strong><\/p>\n<blockquote><p>A Palestra de Abertura: &#8220;<strong>Metaverso e Privacidade, Sonho ou Pesadelo?&#8221;, ser\u00e1 proferida pelo Engenheiro Cezar Taurion<\/strong> e abre uma sequ\u00eancia de Pain\u00e9is com Empres\u00e1rios, Estudantes, Autoridades e Especialistas nos diversos temas da Economia Criativa e Digital.<\/p><\/blockquote>\n<p><img loading=\"lazy\" decoding=\"async\" class=\"alignnone size-full wp-image-822\" src=\"https:\/\/blogs.correiobraziliense.com.br\/ofuturojacomecou\/wp-content\/uploads\/sites\/58\/2022\/12\/IMG-20221203-WA0034.jpg\" alt=\"\" width=\"739\" height=\"1600\" srcset=\"https:\/\/blogs.correiobraziliense.com.br\/ofuturojacomecou\/wp-content\/uploads\/sites\/58\/2022\/12\/IMG-20221203-WA0034.jpg 739w, https:\/\/blogs.correiobraziliense.com.br\/ofuturojacomecou\/wp-content\/uploads\/sites\/58\/2022\/12\/IMG-20221203-WA0034-139x300.jpg 139w, https:\/\/blogs.correiobraziliense.com.br\/ofuturojacomecou\/wp-content\/uploads\/sites\/58\/2022\/12\/IMG-20221203-WA0034-473x1024.jpg 473w, https:\/\/blogs.correiobraziliense.com.br\/ofuturojacomecou\/wp-content\/uploads\/sites\/58\/2022\/12\/IMG-20221203-WA0034-550x1191.jpg 550w, https:\/\/blogs.correiobraziliense.com.br\/ofuturojacomecou\/wp-content\/uploads\/sites\/58\/2022\/12\/IMG-20221203-WA0034-230x498.jpg 230w\" sizes=\"auto, (max-width: 739px) 100vw, 739px\" \/><\/p>\n<p>A participa\u00e7\u00e3o presencial requer inscri\u00e7\u00e3o no Sympla: <a href=\"https:\/\/bit.ly\/3ORHk3q\">https:\/\/bit.ly\/3ORHk3q<\/a><br \/>\nPara quem desejar participar da<\/p>\n<p>Programa\u00e7\u00e3o Virtual no Metaverso desde o dia 05\/12, \u00e0s 9h, basta acessar: <a href=\"https:\/\/lnkd.in\/dQdf6Ri2\">https:\/\/lnkd.in\/dQdf6Ri2<\/a><\/p>\n<p><img loading=\"lazy\" decoding=\"async\" class=\"alignnone size-full wp-image-823\" src=\"https:\/\/blogs.correiobraziliense.com.br\/ofuturojacomecou\/wp-content\/uploads\/sites\/58\/2022\/12\/IMG-20221203-WA0022.jpg\" alt=\"\" width=\"920\" height=\"1150\" srcset=\"https:\/\/blogs.correiobraziliense.com.br\/ofuturojacomecou\/wp-content\/uploads\/sites\/58\/2022\/12\/IMG-20221203-WA0022.jpg 920w, https:\/\/blogs.correiobraziliense.com.br\/ofuturojacomecou\/wp-content\/uploads\/sites\/58\/2022\/12\/IMG-20221203-WA0022-240x300.jpg 240w, https:\/\/blogs.correiobraziliense.com.br\/ofuturojacomecou\/wp-content\/uploads\/sites\/58\/2022\/12\/IMG-20221203-WA0022-768x960.jpg 768w, https:\/\/blogs.correiobraziliense.com.br\/ofuturojacomecou\/wp-content\/uploads\/sites\/58\/2022\/12\/IMG-20221203-WA0022-819x1024.jpg 819w, https:\/\/blogs.correiobraziliense.com.br\/ofuturojacomecou\/wp-content\/uploads\/sites\/58\/2022\/12\/IMG-20221203-WA0022-800x1000.jpg 800w, https:\/\/blogs.correiobraziliense.com.br\/ofuturojacomecou\/wp-content\/uploads\/sites\/58\/2022\/12\/IMG-20221203-WA0022-550x688.jpg 550w, https:\/\/blogs.correiobraziliense.com.br\/ofuturojacomecou\/wp-content\/uploads\/sites\/58\/2022\/12\/IMG-20221203-WA0022-230x288.jpg 230w\" sizes=\"auto, (max-width: 920px) 100vw, 920px\" \/><\/p>\n<p><strong>Inscreva-se, compartilhe esta mensagem!<\/strong><br \/>\n<strong>Abra\u00e7os e Namastech<\/strong>\ud83d\ude4f<\/p>\n<p><strong>Instituto Illuminante de Inova\u00e7\u00e3o Tecnol\u00f3gica e Impacto Social<\/strong><\/p>\n<p><strong>Gilberto Lima Jr &#8211; Presidente<\/strong><\/p>\n<p><a href=\"http:\/\/www.illuminante.org.br\">www.illuminante.org.br<\/a><\/p>\n<p>&nbsp;<\/p>\n<p>&nbsp;<\/p>\n<p>&nbsp;<\/p>\n","protected":false},"excerpt":{"rendered":"<p>&nbsp; &nbsp; &nbsp; &nbsp; Se voc\u00ea tem interesse ou conhece profissionais das \u00e1reas de Tecnologia, Economia Criativa e Log\u00edstica, participe e convide para este Evento imperd\u00edvel e gratuito, com o Tema: &#8220;O DF do Futuro \u00e9 Log\u00edstico, Digital e Criativo&#8221;. Ser\u00e1 nesta Ter\u00e7a-Feira, 06\/12, \u00e0s 18h, no Audit\u00f3rio da C\u00e2mara Distrital. A Palestra de Abertura: &#8220;Metaverso e Privacidade, Sonho ou [&hellip;]<\/p>\n","protected":false},"author":122,"featured_media":0,"comment_status":"open","ping_status":"open","sticky":false,"template":"","format":"standard","meta":{"footnotes":""},"categories":[1],"tags":[153,445,475,744],"class_list":["post-820","post","type-post","status-publish","format-standard","hentry","category-sem-categoria","tag-futuro","tag-inovacao","tag-logistica","tag-metaverso"],"_links":{"self":[{"href":"https:\/\/blogs.correiobraziliense.com.br\/ofuturojacomecou\/wp-json\/wp\/v2\/posts\/820","targetHints":{"allow":["GET"]}}],"collection":[{"href":"https:\/\/blogs.correiobraziliense.com.br\/ofuturojacomecou\/wp-json\/wp\/v2\/posts"}],"about":[{"href":"https:\/\/blogs.correiobraziliense.com.br\/ofuturojacomecou\/wp-json\/wp\/v2\/types\/post"}],"author":[{"embeddable":true,"href":"https:\/\/blogs.correiobraziliense.com.br\/ofuturojacomecou\/wp-json\/wp\/v2\/users\/122"}],"replies":[{"embeddable":true,"href":"https:\/\/blogs.correiobraziliense.com.br\/ofuturojacomecou\/wp-json\/wp\/v2\/comments?post=820"}],"version-history":[{"count":1,"href":"https:\/\/blogs.correiobraziliense.com.br\/ofuturojacomecou\/wp-json\/wp\/v2\/posts\/820\/revisions"}],"predecessor-version":[{"id":824,"href":"https:\/\/blogs.correiobraziliense.com.br\/ofuturojacomecou\/wp-json\/wp\/v2\/posts\/820\/revisions\/824"}],"wp:attachment":[{"href":"https:\/\/blogs.correiobraziliense.com.br\/ofuturojacomecou\/wp-json\/wp\/v2\/media?parent=820"}],"wp:term":[{"taxonomy":"category","embeddable":true,"href":"https:\/\/blogs.correiobraziliense.com.br\/ofuturojacomecou\/wp-json\/wp\/v2\/categories?post=820"},{"taxonomy":"post_tag","embeddable":true,"href":"https:\/\/blogs.correiobraziliense.com.br\/ofuturojacomecou\/wp-json\/wp\/v2\/tags?post=820"}],"curies":[{"name":"wp","href":"https:\/\/api.w.org\/{rel}","templated":true}]}}