{"id":803,"date":"2022-10-08T21:45:22","date_gmt":"2022-10-09T00:45:22","guid":{"rendered":"https:\/\/blogs.correiobraziliense.com.br\/ofuturojacomecou\/?p=803"},"modified":"2022-10-08T21:46:14","modified_gmt":"2022-10-09T00:46:14","slug":"803","status":"publish","type":"post","link":"https:\/\/blogs.correiobraziliense.com.br\/ofuturojacomecou\/2022\/10\/08\/803\/","title":{"rendered":"Sobre o Futuro, o 5G e as Tecnologias Imersivas!"},"content":{"rendered":"<p><iframe loading=\"lazy\" width=\"1440\" height=\"810\" src=\"https:\/\/www.youtube.com\/embed\/hMBhLHGa4FM?feature=oembed\" frameborder=\"0\" allow=\"accelerometer; autoplay; clipboard-write; encrypted-media; gyroscope; picture-in-picture\" allowfullscreen title=\"Vamos falar sobre o Futuro?\"><\/iframe><\/p>\n<p>VIdeo 1: Vamos Falar sobre o Futuro?<\/p>\n<p><iframe loading=\"lazy\" width=\"1440\" height=\"810\" src=\"https:\/\/www.youtube.com\/embed\/LAdX7STdtsI?feature=oembed\" frameborder=\"0\" allow=\"accelerometer; autoplay; clipboard-write; encrypted-media; gyroscope; picture-in-picture\" allowfullscreen title=\"5G e as Elei\u00e7\u00f5es!\"><\/iframe><\/p>\n<p>Video 2: O 5G e Elei\u00e7\u00f5es!<\/p>\n<p><iframe loading=\"lazy\" width=\"1440\" height=\"810\" src=\"https:\/\/www.youtube.com\/embed\/Cv0VUten5wY?feature=oembed\" frameborder=\"0\" allow=\"accelerometer; autoplay; clipboard-write; encrypted-media; gyroscope; picture-in-picture\" allowfullscreen title=\"A Realidade Imersiva e a Ess\u00eancia!\"><\/iframe><\/p>\n<p>Video 3: A Realidade Imersiva e a Ess\u00eancia!<\/p>\n<p>&nbsp;<\/p>\n<p>Convido Voc\u00ea a Assistir estes 3 Video-Artigos Curtinhos!<\/p>\n<p>No Video 1, uma breve e instrutiva an\u00e1lise sobre os avan\u00e7os do Mundo, em especial dos EUA, no tema dos Semicondutores e os desfaios do Brasil em recuperar um gigantesmo abismo digital que nos separa dos pa\u00edses desenvolvidos.<\/p>\n<p>No Video 2, a abordagem sobre o 5G Inclusivo e 5G Elei\u00e7\u00f5es traz reflex\u00f5es da acelera\u00e7\u00e3o das mudan\u00e7as mundiais \u00e0 partir da implementa\u00e7\u00e3o da Rede 5G no Mundo e particularmente no Brasil.<\/p>\n<p>No Video 3, o tema das Realidades Imersivas oferece uma atualiza\u00e7\u00e3o sobre o potencial da Realidade Aumentada, da Realidade Virtual, da Realidade Mista e da pr\u00f3pria Holografia. Al\u00e9m de uma breve avalia\u00e7\u00e3o sobre o Metaverso.<\/p>\n<p>&nbsp;<\/p>\n<p>Mantenha-se atualizado, acompanhe este Blog ou as novidades em minhas Redes Sociais: @gilbertonamastech<\/p>\n<p>Para conhecer um puco mais sobre o apoio que posso dar na Transforma\u00e7\u00e3o Digital de Empresas P\u00fablicas e Privadas, veja:<\/p>\n<p><iframe loading=\"lazy\" width=\"1440\" height=\"810\" src=\"https:\/\/www.youtube.com\/embed\/UyYmcqTUzkY?feature=oembed\" frameborder=\"0\" allow=\"accelerometer; autoplay; clipboard-write; encrypted-media; gyroscope; picture-in-picture\" allowfullscreen title=\"Apresenta\u00e7\u00e3o Gilberto Lima Jr.\"><\/iframe><\/p>\n","protected":false},"excerpt":{"rendered":"<p>VIdeo 1: Vamos Falar sobre o Futuro? Video 2: O 5G e Elei\u00e7\u00f5es! Video 3: A Realidade Imersiva e a Ess\u00eancia! &nbsp; Convido Voc\u00ea a Assistir estes 3 Video-Artigos Curtinhos! No Video 1, uma breve e instrutiva an\u00e1lise sobre os avan\u00e7os do Mundo, em especial dos EUA, no tema dos Semicondutores e os desfaios do Brasil em recuperar um gigantesmo [&hellip;]<\/p>\n","protected":false},"author":122,"featured_media":0,"comment_status":"open","ping_status":"open","sticky":false,"template":"","format":"standard","meta":{"footnotes":""},"categories":[1],"tags":[],"class_list":["post-803","post","type-post","status-publish","format-standard","hentry","category-sem-categoria"],"_links":{"self":[{"href":"https:\/\/blogs.correiobraziliense.com.br\/ofuturojacomecou\/wp-json\/wp\/v2\/posts\/803","targetHints":{"allow":["GET"]}}],"collection":[{"href":"https:\/\/blogs.correiobraziliense.com.br\/ofuturojacomecou\/wp-json\/wp\/v2\/posts"}],"about":[{"href":"https:\/\/blogs.correiobraziliense.com.br\/ofuturojacomecou\/wp-json\/wp\/v2\/types\/post"}],"author":[{"embeddable":true,"href":"https:\/\/blogs.correiobraziliense.com.br\/ofuturojacomecou\/wp-json\/wp\/v2\/users\/122"}],"replies":[{"embeddable":true,"href":"https:\/\/blogs.correiobraziliense.com.br\/ofuturojacomecou\/wp-json\/wp\/v2\/comments?post=803"}],"version-history":[{"count":2,"href":"https:\/\/blogs.correiobraziliense.com.br\/ofuturojacomecou\/wp-json\/wp\/v2\/posts\/803\/revisions"}],"predecessor-version":[{"id":809,"href":"https:\/\/blogs.correiobraziliense.com.br\/ofuturojacomecou\/wp-json\/wp\/v2\/posts\/803\/revisions\/809"}],"wp:attachment":[{"href":"https:\/\/blogs.correiobraziliense.com.br\/ofuturojacomecou\/wp-json\/wp\/v2\/media?parent=803"}],"wp:term":[{"taxonomy":"category","embeddable":true,"href":"https:\/\/blogs.correiobraziliense.com.br\/ofuturojacomecou\/wp-json\/wp\/v2\/categories?post=803"},{"taxonomy":"post_tag","embeddable":true,"href":"https:\/\/blogs.correiobraziliense.com.br\/ofuturojacomecou\/wp-json\/wp\/v2\/tags?post=803"}],"curies":[{"name":"wp","href":"https:\/\/api.w.org\/{rel}","templated":true}]}}