{"id":719,"date":"2022-03-02T10:16:25","date_gmt":"2022-03-02T13:16:25","guid":{"rendered":"https:\/\/blogs.correiobraziliense.com.br\/ofuturojacomecou\/?p=719"},"modified":"2022-03-02T15:53:00","modified_gmt":"2022-03-02T18:53:00","slug":"russia-x-ucrania-o-front-tecnologico-e-digital","status":"publish","type":"post","link":"https:\/\/blogs.correiobraziliense.com.br\/ofuturojacomecou\/2022\/03\/02\/russia-x-ucrania-o-front-tecnologico-e-digital\/","title":{"rendered":"R\u00daSSIA X UCR\u00c2NIA: O FRONT TECNOL\u00d3GICO E DIGITAL!"},"content":{"rendered":"<p><img loading=\"lazy\" decoding=\"async\" class=\"alignnone size-full wp-image-723\" src=\"https:\/\/blogs.correiobraziliense.com.br\/ofuturojacomecou\/wp-content\/uploads\/sites\/58\/2022\/03\/Presidente-da-Ucr\u00e2nia.jpg\" alt=\"\" width=\"500\" height=\"261\" srcset=\"https:\/\/blogs.correiobraziliense.com.br\/ofuturojacomecou\/wp-content\/uploads\/sites\/58\/2022\/03\/Presidente-da-Ucr\u00e2nia.jpg 500w, https:\/\/blogs.correiobraziliense.com.br\/ofuturojacomecou\/wp-content\/uploads\/sites\/58\/2022\/03\/Presidente-da-Ucr\u00e2nia-300x157.jpg 300w, https:\/\/blogs.correiobraziliense.com.br\/ofuturojacomecou\/wp-content\/uploads\/sites\/58\/2022\/03\/Presidente-da-Ucr\u00e2nia-230x120.jpg 230w\" sizes=\"auto, (max-width: 500px) 100vw, 500px\" \/><\/p>\n<p><em>Presidente da Ucr\u00e2nia, Volodymyr Zelensky e sua arma digital: O Celular!<\/em><\/p>\n<p>Estamos no S\u00e9culo XXI j\u00e1 com duas d\u00e9cadas decorridas de uma verdadeira <strong>revolu\u00e7\u00e3o tecnol\u00f3gica, cujos avan\u00e7os exponenciais e disruptivos seguem de forma desenfreada em todos os campos da Vida<\/strong>. Contudo, a evolu\u00e7\u00e3o civilizat\u00f3ria parece ser apenas material, diante de um conflito que p\u00f5e em cheque a Paz Mundial, como se verifica na contenda entre R\u00fassia e a Ucr\u00e2nia. <strong>Dever\u00edamos a esta altura, ter atingido um grau muito mais elevado de civilidade humana, baseada na colabora\u00e7\u00e3o m\u00fatua e na busca da equidade e prosperidade global em harmonia com a natureza<\/strong>. Enquanto essa indeclin\u00e1vel esperan\u00e7a n\u00e3o se concretiza, sigamos na an\u00e1lise do momento presente, com \u00eanfase no poder acumulado nas m\u00e3os dos l\u00edderes das gigantes tecnol\u00f3gicas, as chamadas: <strong>\u201cBig Techs\u201d<\/strong> <strong>e seus arsenais computacionais, pela primeira vez explicitados num confronto b\u00e9lico entre na\u00e7\u00f5es.<\/strong><\/p>\n<p><img loading=\"lazy\" decoding=\"async\" class=\"alignnone size-full wp-image-724\" src=\"https:\/\/blogs.correiobraziliense.com.br\/ofuturojacomecou\/wp-content\/uploads\/sites\/58\/2022\/03\/Twitter-Federov.png\" alt=\"\" width=\"367\" height=\"137\" srcset=\"https:\/\/blogs.correiobraziliense.com.br\/ofuturojacomecou\/wp-content\/uploads\/sites\/58\/2022\/03\/Twitter-Federov.png 367w, https:\/\/blogs.correiobraziliense.com.br\/ofuturojacomecou\/wp-content\/uploads\/sites\/58\/2022\/03\/Twitter-Federov-300x112.png 300w, https:\/\/blogs.correiobraziliense.com.br\/ofuturojacomecou\/wp-content\/uploads\/sites\/58\/2022\/03\/Twitter-Federov-230x86.png 230w\" sizes=\"auto, (max-width: 367px) 100vw, 367px\" \/><img loading=\"lazy\" decoding=\"async\" class=\"alignnone size-full wp-image-725\" src=\"https:\/\/blogs.correiobraziliense.com.br\/ofuturojacomecou\/wp-content\/uploads\/sites\/58\/2022\/03\/Twitter-resposta-elon-musk.png\" alt=\"\" width=\"434\" height=\"116\" srcset=\"https:\/\/blogs.correiobraziliense.com.br\/ofuturojacomecou\/wp-content\/uploads\/sites\/58\/2022\/03\/Twitter-resposta-elon-musk.png 434w, https:\/\/blogs.correiobraziliense.com.br\/ofuturojacomecou\/wp-content\/uploads\/sites\/58\/2022\/03\/Twitter-resposta-elon-musk-300x80.png 300w, https:\/\/blogs.correiobraziliense.com.br\/ofuturojacomecou\/wp-content\/uploads\/sites\/58\/2022\/03\/Twitter-resposta-elon-musk-230x61.png 230w\" sizes=\"auto, (max-width: 434px) 100vw, 434px\" \/><br \/>\nO <strong>Atlas Digital<\/strong> n\u00e3o reconhece as fronteiras geogr\u00e1ficas e nele, pode-se posicionar <strong>trincheiras e frentes virtuais<\/strong> de ataque, capazes de alterar as for\u00e7as f\u00edsicas do confronto, potencializando a for\u00e7a de um pa\u00eds pequeno diante de seu agressor. \u00c9 o que est\u00e1 sendo testado neste momento, quando as grandes <strong>Corpora\u00e7\u00f5es Digitais<\/strong> atenderam aos apelos da Ucr\u00e2nia. O <strong>Vice-Primeiro Ministro e Ministro da Transforma\u00e7\u00e3o Digital da Ucr\u00e2nia, Mykhailo Fedorov<\/strong>, por exemplo, disparou um Twitter dram\u00e1tico para o bilion\u00e1rio <strong>Elon Musk<\/strong>: <strong>&#8220;Enquanto voc\u00ea tenta colonizar Marte \u2013 a R\u00fassia tenta ocupar a Ucr\u00e2nia!<\/strong> <strong>Enquanto seus foguetes pousam com sucesso do espa\u00e7o \u2013 Os foguetes Russos atacam civis ucranianos! N\u00f3s pedimos que voc\u00ea forne\u00e7a \u00e0 Ucr\u00e2nia esta\u00e7\u00f5es da Starlink e dirija-se aos Russos s\u00e3os para se levantarem! Resposta de Elon Musk: \u201cO Servi\u00e7o Starlink agora est\u00e1 ativo na Ucr\u00e2nia, mais Terminais \u00e0 Caminho\u201d.<\/strong> A Starlink \u00e9 o bra\u00e7o de sat\u00e9lites da Empresa <strong>Space X<\/strong> pertencentes a <strong>Musk<\/strong> que passou a garantir a conectividade de internet alvejada por ciberataques.<\/p>\n<p><strong>Visa, Mastercard, Pay Pal, Google, Meta<\/strong> (Facebook, Instagram, Whatsapp), <strong>Twitter e Youtube<\/strong> agiram objetivamente com restri\u00e7\u00f5es imposta aos Russos, quanto\u00a0 a movimenta\u00e7\u00f5es financeiras, limita\u00e7\u00e3o dos conte\u00fados origin\u00e1rios das ag\u00eancias de informa\u00e7\u00f5es Russas, bloqueio da possibilidade de monetiza\u00e7\u00e3o, bloqueio de publicidade e acesso aos mapas da Ucr\u00e2nia, por parte do <strong>Google Maps<\/strong>, por exemplo. T<strong>im Cook da Apple<\/strong> limitou-se a dizer sobre os esfor\u00e7os da empresa em cuidar de seu pessoal na regi\u00e3o e da ajuda humanit\u00e1ria destinada pela empresa.<\/p>\n<p><img loading=\"lazy\" decoding=\"async\" class=\"alignnone wp-image-726\" src=\"https:\/\/blogs.correiobraziliense.com.br\/ofuturojacomecou\/wp-content\/uploads\/sites\/58\/2022\/03\/Criptomoedas-Exchanges.jpg\" alt=\"\" width=\"223\" height=\"153\" srcset=\"https:\/\/blogs.correiobraziliense.com.br\/ofuturojacomecou\/wp-content\/uploads\/sites\/58\/2022\/03\/Criptomoedas-Exchanges.jpg 271w, https:\/\/blogs.correiobraziliense.com.br\/ofuturojacomecou\/wp-content\/uploads\/sites\/58\/2022\/03\/Criptomoedas-Exchanges-230x158.jpg 230w\" sizes=\"auto, (max-width: 223px) 100vw, 223px\" \/><img loading=\"lazy\" decoding=\"async\" class=\"alignnone wp-image-727\" src=\"https:\/\/blogs.correiobraziliense.com.br\/ofuturojacomecou\/wp-content\/uploads\/sites\/58\/2022\/03\/Binance.jpg\" alt=\"\" width=\"221\" height=\"151\" srcset=\"https:\/\/blogs.correiobraziliense.com.br\/ofuturojacomecou\/wp-content\/uploads\/sites\/58\/2022\/03\/Binance.jpg 271w, https:\/\/blogs.correiobraziliense.com.br\/ofuturojacomecou\/wp-content\/uploads\/sites\/58\/2022\/03\/Binance-230x158.jpg 230w\" sizes=\"auto, (max-width: 221px) 100vw, 221px\" \/>As <strong>Criptomoedas<\/strong> tamb\u00e9m viraram armas no <strong>combate digital<\/strong> na medida em que as <strong>Exchanges<\/strong> (corretoras das transa\u00e7\u00f5es em moedas digitais) foram conclamadas pelo <strong>Ministro Federov<\/strong> a travar as opera\u00e7\u00f5es destinadas \u00e0 ou oriundas da R\u00fassia e aliados. Embora n\u00e3o tenham obtido o apoio esperado destas empresas, <strong>as carteiras digitais oficiais da Ucr\u00e2nia j\u00e1 obtiveram mais de US$16 milh\u00f5es em doa\u00e7\u00f5es de milhares de pessoas, al\u00e9m de US$10 milh\u00f5es da Funda\u00e7\u00e3o Binance<\/strong>, da gigante chinesa, l\u00edder das Exchanges, <strong>Binance. A corretora opera mais de 600 criptomoedas, movimentadas por 90 milh\u00f5es de pessoas, com uma m\u00e9dia de opera\u00e7\u00f5es di\u00e1rias de US$76 bilh\u00f5es.<\/strong><\/p>\n<p><img loading=\"lazy\" decoding=\"async\" class=\"alignnone wp-image-729\" src=\"https:\/\/blogs.correiobraziliense.com.br\/ofuturojacomecou\/wp-content\/uploads\/sites\/58\/2022\/03\/Parlamento-europeu2.jpg\" alt=\"\" width=\"436\" height=\"244\" srcset=\"https:\/\/blogs.correiobraziliense.com.br\/ofuturojacomecou\/wp-content\/uploads\/sites\/58\/2022\/03\/Parlamento-europeu2.jpg 300w, https:\/\/blogs.correiobraziliense.com.br\/ofuturojacomecou\/wp-content\/uploads\/sites\/58\/2022\/03\/Parlamento-europeu2-230x129.jpg 230w\" sizes=\"auto, (max-width: 436px) 100vw, 436px\" \/><br \/>\nA <strong>Uni\u00e3o Europeia e a OTAN<\/strong> (Organiza\u00e7\u00e3o do Tratado do Atl\u00e2ntico Norte), encontram-se numa delicada situa\u00e7\u00e3o, dando as respostas poss\u00edveis para manter o status do conflito como <strong>\u201cRegional\u201d<\/strong> ao inv\u00e9s do status <strong>\u201cMultinacional\u201d<\/strong>. A press\u00e3o diplom\u00e1tica e as san\u00e7\u00f5es econ\u00f4micas dur\u00edssimas impostas ao Estado Russo se concentram em medidas como o <strong>fechamento de espa\u00e7os a\u00e9reos europeus e norte-americano, bloqueio das transmiss\u00f5es das ag\u00eancias de not\u00edcias Russas, fornecimento de armamentos \u00e0 Ucr\u00e2nia, bloqueio da R\u00fassia nas opera\u00e7\u00f5es de transfer\u00eancia financeira internacional (Swift)<\/strong>, entre outras. Contudo, o Jovem <strong>Presidente Volodymyr Zelensky (44 anos)<\/strong> sabe que a melhor forma de acelerar a chegada de todos os tipos de recursos \u00e9 <strong>mantendo-se ativo em suas apari\u00e7\u00f5es, entrevistas, manifesta\u00e7\u00f5es por videoconfer\u00eancias (aplaudido de p\u00e9 pelos Europarlamentares)<\/strong>, dando o seu exemplo de coragem e comprometimento com os valores europeus e ocidentais.<\/p>\n<p><img loading=\"lazy\" decoding=\"async\" class=\"alignnone wp-image-730\" src=\"https:\/\/blogs.correiobraziliense.com.br\/ofuturojacomecou\/wp-content\/uploads\/sites\/58\/2022\/03\/Esta\u00e7\u00e3o-ISS.jpg\" alt=\"\" width=\"445\" height=\"297\" srcset=\"https:\/\/blogs.correiobraziliense.com.br\/ofuturojacomecou\/wp-content\/uploads\/sites\/58\/2022\/03\/Esta\u00e7\u00e3o-ISS.jpg 275w, https:\/\/blogs.correiobraziliense.com.br\/ofuturojacomecou\/wp-content\/uploads\/sites\/58\/2022\/03\/Esta\u00e7\u00e3o-ISS-230x153.jpg 230w\" sizes=\"auto, (max-width: 445px) 100vw, 445px\" \/><\/p>\n<p>O <strong>Setor Aeroespacial<\/strong> tamb\u00e9m surgiu nesta contenda <strong>b\u00e9lico-digital<\/strong>. Segundo a Reuters, o diretor-geral da Ag\u00eancia Espacial Russa &#8211; <strong>Roscosmos, Dmitry Rogozin, denunciou no Twitter<\/strong> os bloqueios impostos \u00e0 R\u00fassia, referente ao acesso da alta tecnologia fruto da coopera\u00e7\u00e3o <strong>EUA-R\u00fassia<\/strong>. Dirigindo-se ao <strong>Presidente Americano Joe Biden<\/strong>, Dmitry Twittou: <strong>&#8220;Voc\u00ea quer destruir nossa coopera\u00e7\u00e3o na ISS?&#8221;<\/strong><\/p>\n<p><strong> Lembrou que o controle orbital da esta\u00e7\u00e3o internacional ISS utiliza motores de uma nave de carga Russos, capazes de mant\u00ea-la numa altura orbital segura e de certa forma amea\u00e7ou: &#8220;Se voc\u00ea bloquear a coopera\u00e7\u00e3o conosco, quem vai salvar a ISS de uma descida descontrolada da \u00f3rbita e depois cair no territ\u00f3rio dos Estados Unidos ou da Europa?&#8221;. &#8220;H\u00e1 tamb\u00e9m um cen\u00e1rio em que a estrutura de 500 toneladas cai na \u00cdndia ou na China. Voc\u00ea quer amea\u00e7\u00e1-los com essa perspectiva? A ISS n\u00e3o sobrevoa a R\u00fassia, ent\u00e3o todos os riscos s\u00e3o seus.&#8221;<\/strong><br \/>\nA Resposta da NASA demonstra a imensa preocupa\u00e7\u00e3o gerada pela amea\u00e7a Russa: <strong>&#8220;As novas medidas de controle de exporta\u00e7\u00e3o continuar\u00e3o a permitir opera\u00e7\u00f5es espaciais civis EUA-R\u00fassia&#8221;. &#8220;Nenhuma mudan\u00e7a est\u00e1 planejada para o suporte da ag\u00eancia para opera\u00e7\u00f5es em \u00f3rbita e esta\u00e7\u00f5es terrestres em andamento.&#8221;<\/strong><\/p>\n<p><img loading=\"lazy\" decoding=\"async\" class=\"alignnone wp-image-731\" src=\"https:\/\/blogs.correiobraziliense.com.br\/ofuturojacomecou\/wp-content\/uploads\/sites\/58\/2022\/03\/Discurso-Estado-da-Na\u00e7\u00e3o-Biden.jpg\" alt=\"\" width=\"453\" height=\"238\" srcset=\"https:\/\/blogs.correiobraziliense.com.br\/ofuturojacomecou\/wp-content\/uploads\/sites\/58\/2022\/03\/Discurso-Estado-da-Na\u00e7\u00e3o-Biden.jpg 310w, https:\/\/blogs.correiobraziliense.com.br\/ofuturojacomecou\/wp-content\/uploads\/sites\/58\/2022\/03\/Discurso-Estado-da-Na\u00e7\u00e3o-Biden-300x158.jpg 300w, https:\/\/blogs.correiobraziliense.com.br\/ofuturojacomecou\/wp-content\/uploads\/sites\/58\/2022\/03\/Discurso-Estado-da-Na\u00e7\u00e3o-Biden-230x121.jpg 230w\" sizes=\"auto, (max-width: 453px) 100vw, 453px\" \/><\/p>\n<p>No seu primeiro <strong>Discurso ao Estado da Na\u00e7\u00e3o<\/strong> no Congresso Americano, neste dia 01 de Mar\u00e7o, o <strong>Presidente Joe Biden<\/strong>, nitidamente ovacionado pela capacidade de sensibilizar Democratas e Republicanos, convocou os Congressistas a se espelharem na coragem dos l\u00edderes e do povo Ucraniano, no combate a Putim. Disse tratar-se de <strong>um embate entre Democracias e Autocracias<\/strong>, utilizando-se do conflito para elevar sua baixa popularidade dentro de casa, receita conhecida e aplicada por alguns de seus antecessores na busca de uni\u00e3o interna e apoio \u00e0 sua pol\u00edtica dom\u00e9stica.<br \/>\nChamou aten\u00e7\u00e3o a presen\u00e7a do CEO global da <strong>Empresa\u00a0 INTEL, Patrick \u201cPat\u201d Gelsinger<\/strong>, citado nominalmente pelo Presidente, ao mencionar investimentos no segmento de <strong>Semicondutores (cerca de US$20 bilh\u00f5es em Ohio)<\/strong>. Vale lembrar que <strong>Gelsinger<\/strong>, que ostentava as cores da bandeira Ucraniana em sua lapela <strong>\u00e9 membro do Comit\u00ea Consultivo de Seguran\u00e7a Nacional de Telecomunica\u00e7\u00f5es dos EUA.<\/strong><\/p>\n<p>O lend\u00e1rio General Chin\u00eas<strong>, Sun Tzu (544 AC \u2013 496 AC), <\/strong>afirmou em uma de suas maiores li\u00e7\u00f5es sobre Estrat\u00e9gia\u00a0: <strong>\u201cA suprema arte da guerra \u00e9 derrotar o inimigo sem lutar\u201d. <\/strong>Ao que me parece <strong>EUA e China<\/strong> est\u00e3o a praticar muito bem esta estrat\u00e9gia, c<strong>ada qual utilizando o seu Avatar neste grande jogo do Xadrez Global.<\/strong><\/p>\n<p><img loading=\"lazy\" decoding=\"async\" class=\"alignnone wp-image-732\" src=\"https:\/\/blogs.correiobraziliense.com.br\/ofuturojacomecou\/wp-content\/uploads\/sites\/58\/2022\/03\/Abra\u00e7o-Coletivo.jpg\" alt=\"\" width=\"452\" height=\"182\" srcset=\"https:\/\/blogs.correiobraziliense.com.br\/ofuturojacomecou\/wp-content\/uploads\/sites\/58\/2022\/03\/Abra\u00e7o-Coletivo.jpg 355w, https:\/\/blogs.correiobraziliense.com.br\/ofuturojacomecou\/wp-content\/uploads\/sites\/58\/2022\/03\/Abra\u00e7o-Coletivo-300x120.jpg 300w, https:\/\/blogs.correiobraziliense.com.br\/ofuturojacomecou\/wp-content\/uploads\/sites\/58\/2022\/03\/Abra\u00e7o-Coletivo-230x92.jpg 230w\" sizes=\"auto, (max-width: 452px) 100vw, 452px\" \/><\/p>\n<p>N\u00e3o h\u00e1 vencedores quando vidas inocentes s\u00e3o ceifadas para saciar a sede eg\u00f3ica de l\u00edderes em est\u00e1gio primitivo de consci\u00eancia que se valem dos mecanismos da destrui\u00e7\u00e3o, do medo e de todas as mazelas da ignor\u00e2ncia humana decorrentes da selvageria do esp\u00edrito Yang: controlador, territorialista, injusto e doentio.<\/p>\n<p>Ao mesmo tempo em que as medidas das Big Techs e Empresas Financeiras tenham disponibilizado o melhor da Tecnologia para conter o agressor e minar suas for\u00e7as destrutivas, fica claro que tamb\u00e9m constituem um Poder que se estabelece para al\u00e9m dos bin\u00e1rios &#8220;<strong>Democratas ou Autocratas&#8221;.<\/strong>\u00a0<em><strong>Estamos diante de um Poder, predominantemente privatizado, capaz de interferir em elei\u00e7\u00f5es e no comportamento humano em escala mundial, comandado por Tecnocratas<\/strong><\/em>.<\/p>\n<p>A<strong> Tecnocracia<\/strong> baseada na\u00a0<strong>Ditadura dos Algoritimos <\/strong>e\u00a0 no <strong>Capitalismo de Vigil\u00e2ncia Social\u00a0<\/strong>\u00e9 t\u00e3o preocupante quanto qualquer outra forma de manipula\u00e7\u00e3o e controle. <strong>Elon Musk e todos os demais l\u00edderes tecnol\u00f3gicos<\/strong>, foram acionados diretamente, independente dos protocolos formais das Na\u00e7\u00f5es Unidas ou\u00a0 da Uni\u00e3o Europeia, com seus centen\u00e1rios mecanismos diplom\u00e1ticos e <strong>tomou a decis\u00e3o de agir independente de quaisquer consultas ou aprova\u00e7\u00f5es, ajudando \u00e9 claro, a urg\u00eancia Ucraniana mas isso tamb\u00e9m \u00e9 assustador.\u00a0<\/strong><\/p>\n<p><em><strong>Reflitamos sobre esta Nova Ordem Mundial baseada na &#8220;Tecnocracia&#8221; e suas poss\u00edveis consequ\u00eancias no dom\u00ednio dos territ\u00f3rios mentais de todos n\u00f3s.<\/strong><\/em><\/p>\n<p><strong>Namastech<\/strong><\/p>\n<p><iframe loading=\"lazy\" width=\"1440\" height=\"810\" src=\"https:\/\/www.youtube.com\/embed\/UyYmcqTUzkY?feature=oembed\" frameborder=\"0\" allow=\"accelerometer; autoplay; clipboard-write; encrypted-media; gyroscope; picture-in-picture\" allowfullscreen><\/iframe><\/p>\n","protected":false},"excerpt":{"rendered":"<p>Presidente da Ucr\u00e2nia, Volodymyr Zelensky e sua arma digital: O Celular! Estamos no S\u00e9culo XXI j\u00e1 com duas d\u00e9cadas decorridas de uma verdadeira revolu\u00e7\u00e3o tecnol\u00f3gica, cujos avan\u00e7os exponenciais e disruptivos seguem de forma desenfreada em todos os campos da Vida. Contudo, a evolu\u00e7\u00e3o civilizat\u00f3ria parece ser apenas material, diante de um conflito que p\u00f5e em cheque a Paz Mundial, como [&hellip;]<\/p>\n","protected":false},"author":122,"featured_media":0,"comment_status":"open","ping_status":"open","sticky":false,"template":"","format":"standard","meta":{"footnotes":""},"categories":[1],"tags":[785,787,782,784,756,791,780,790,786,789,779,788,778,781,783,438,507,546,49,38,39,111,119,596],"class_list":["post-719","post","type-post","status-publish","format-standard","hentry","category-sem-categoria","tag-binance","tag-intel","tag-iss","tag-mastercard","tag-meta","tag-nova-ordem","tag-otan","tag-paz","tag-putin","tag-roscosmos","tag-russia","tag-satelite","tag-ucrania","tag-uniao-europeia","tag-visa","tag-biden","tag-big-techs","tag-criptomoedas","tag-elon-musk","tag-facebook","tag-instagram","tag-nasa","tag-sun-tzu","tag-twitter"],"_links":{"self":[{"href":"https:\/\/blogs.correiobraziliense.com.br\/ofuturojacomecou\/wp-json\/wp\/v2\/posts\/719","targetHints":{"allow":["GET"]}}],"collection":[{"href":"https:\/\/blogs.correiobraziliense.com.br\/ofuturojacomecou\/wp-json\/wp\/v2\/posts"}],"about":[{"href":"https:\/\/blogs.correiobraziliense.com.br\/ofuturojacomecou\/wp-json\/wp\/v2\/types\/post"}],"author":[{"embeddable":true,"href":"https:\/\/blogs.correiobraziliense.com.br\/ofuturojacomecou\/wp-json\/wp\/v2\/users\/122"}],"replies":[{"embeddable":true,"href":"https:\/\/blogs.correiobraziliense.com.br\/ofuturojacomecou\/wp-json\/wp\/v2\/comments?post=719"}],"version-history":[{"count":6,"href":"https:\/\/blogs.correiobraziliense.com.br\/ofuturojacomecou\/wp-json\/wp\/v2\/posts\/719\/revisions"}],"predecessor-version":[{"id":736,"href":"https:\/\/blogs.correiobraziliense.com.br\/ofuturojacomecou\/wp-json\/wp\/v2\/posts\/719\/revisions\/736"}],"wp:attachment":[{"href":"https:\/\/blogs.correiobraziliense.com.br\/ofuturojacomecou\/wp-json\/wp\/v2\/media?parent=719"}],"wp:term":[{"taxonomy":"category","embeddable":true,"href":"https:\/\/blogs.correiobraziliense.com.br\/ofuturojacomecou\/wp-json\/wp\/v2\/categories?post=719"},{"taxonomy":"post_tag","embeddable":true,"href":"https:\/\/blogs.correiobraziliense.com.br\/ofuturojacomecou\/wp-json\/wp\/v2\/tags?post=719"}],"curies":[{"name":"wp","href":"https:\/\/api.w.org\/{rel}","templated":true}]}}