{"id":605,"date":"2021-07-22T13:59:55","date_gmt":"2021-07-22T16:59:55","guid":{"rendered":"https:\/\/blogs.correiobraziliense.com.br\/ofuturojacomecou\/?p=605"},"modified":"2021-07-22T14:07:22","modified_gmt":"2021-07-22T17:07:22","slug":"eram-os-bilionarios-astronautas","status":"publish","type":"post","link":"https:\/\/blogs.correiobraziliense.com.br\/ofuturojacomecou\/2021\/07\/22\/eram-os-bilionarios-astronautas\/","title":{"rendered":"Eram os Bilion\u00e1rios Astronautas?"},"content":{"rendered":"<p><img loading=\"lazy\" decoding=\"async\" class=\"\" src=\"https:\/\/s1.qwant.com\/thumbr\/0x380\/b\/9\/b7ecf75388a1f5af103228da8235779baccb6ca134e66f1b5aa25f743efd07\/1626705985_whatsapp-image-2021-07-19-at-17.37.28-1.jpeg?u=https%3A%2F%2Fimages.news18.com%2Fibnlive%2Fuploads%2F2021%2F07%2F1626705985_whatsapp-image-2021-07-19-at-17.37.28-1.jpeg%3Fimpolicy%3Dwebsite%26width%3D0%26height%3D0&amp;q=0&amp;b=1&amp;p=0&amp;a=0\" width=\"504\" height=\"689\" \/><\/p>\n<p><em><strong>Al\u00f4 Al\u00f4 Terr\u00e1queos de todas as partes do Mundo, Julho de 2021 j\u00e1 entrou para a hist\u00f3ria!<\/strong><\/em> Em tempos de Olimp\u00edadas, diferentes modalidades est\u00e3o em jogo tanto no Jap\u00e3o, quanto no Olimpo Espacial: Corrida de Velocidade, Maratona, Salto em Altura, Navega\u00e7\u00e3o, Lan\u00e7amento de Peso etc fazem parte das disputas que prometem performances incr\u00edveis e recordes mundiais alcan\u00e7ados. Nos dias 11 e 20 de Julho, dois Bilion\u00e1rios literalmente tiraram os p\u00e9s do ch\u00e3o e flutuaram no Espa\u00e7o Suborbital!<\/p>\n<p><img loading=\"lazy\" decoding=\"async\" class=\"alignnone size-full wp-image-608\" src=\"https:\/\/blogs.correiobraziliense.com.br\/ofuturojacomecou\/wp-content\/uploads\/sites\/58\/2021\/07\/Branson-virgin-galactic.jpg\" alt=\"\" width=\"700\" height=\"350\" srcset=\"https:\/\/blogs.correiobraziliense.com.br\/ofuturojacomecou\/wp-content\/uploads\/sites\/58\/2021\/07\/Branson-virgin-galactic.jpg 700w, https:\/\/blogs.correiobraziliense.com.br\/ofuturojacomecou\/wp-content\/uploads\/sites\/58\/2021\/07\/Branson-virgin-galactic-300x150.jpg 300w, https:\/\/blogs.correiobraziliense.com.br\/ofuturojacomecou\/wp-content\/uploads\/sites\/58\/2021\/07\/Branson-virgin-galactic-550x275.jpg 550w, https:\/\/blogs.correiobraziliense.com.br\/ofuturojacomecou\/wp-content\/uploads\/sites\/58\/2021\/07\/Branson-virgin-galactic-230x115.jpg 230w\" sizes=\"auto, (max-width: 700px) 100vw, 700px\" \/><\/p>\n<p>No dia <em><strong>11 de Julho<\/strong><\/em>, o bilion\u00e1rio, <strong><em>fundador da Virgin Group, Richard Branson<\/em><\/strong> deu in\u00edcio ao <strong><em>Turismo Espacial a bordo do VSS Unity SpaceShip Two da Virgin Galactic<\/em><\/strong>. Ele esteve acompanhado da instrutora chefe da equipe de astronautas, Beth Moses, do engenheiro l\u00edder da equipe de opera\u00e7\u00f5es, Colin Bennett e de Sirisha Bandla, Vice-presidente de rela\u00e7\u00f5es governamentais e opera\u00e7\u00f5es de pesquisa. <strong><em>A Aeronave alcan\u00e7ou a altitude de 80 Km acima do n\u00edvel do mar considerada o limite fronteiri\u00e7o entre a Terra e o espa\u00e7o orbital, de acordo com o reconhecimento da ag\u00eancia espacial norte-americana \u2013 NASA.<\/em><\/strong><br \/>\nDiferentemente da atua\u00e7\u00e3o da Space X, do Bilion\u00e1rio Elon Musk, mais concentrada no foco de log\u00edstica espacial, com transporte aut\u00f4nomo de cargas e apoio na expans\u00e3o da presen\u00e7a humana no espa\u00e7o profundo, a <strong><em>Virgin Galactic<\/em><\/strong> tem a pretens\u00e3o inicial de gerar receitas com os milion\u00e1rios dispostos a ver nossa linda esfera azul, de uma janelinha, enquanto flutuam com o efeito da gravidade zero. Embora <strong><em>Musk assegure que ainda neste ano, vai levar turistas at\u00e9 a Esta\u00e7\u00e3o Espacial Internacional, logo ali, a 400 Km de altitude<\/em><\/strong>.<\/p>\n<p>De toda esta saga altamente cient\u00edfica e tecnol\u00f3gica, o que deu gosto mesmo foi o lado l\u00fadico desta fa\u00e7anha. Super legal o esp\u00edrito infantil que o empres\u00e1rio revelou, divertindo-se a cada etapa. Basta dizer que chegou para o passeio mais caro do mundo pedalando uma bicicleta, em clima de adolescente que embarca numa viagem para a Disney World. \u201cSonho com esse momento desde crian\u00e7a, mas ir para o espa\u00e7o foi mais m\u00e1gico do que jamais imaginei\u201d, declarou o Jovem Aventureiro de 70 anos cuja fortuna alcan\u00e7a cerca de US$ 4,9 bilh\u00f5es, posicionado entre as 250 pessoas mais ricas de nosso planetinha t\u00e3o desigual.<\/p>\n<p><em><strong>Mais de 600 afortunados tamb\u00e9m querem e podem brincar<\/strong><\/em>, tanto que j\u00e1 adquiriram seus bilhetes espaciais pelo <strong><em>valor compreendido entre US$ 200 mil a US$ 250 mil,<\/em><\/strong> aproximadamente <strong><em>entre R$1 milh\u00e3o e R$1 milh\u00e3o e meio<\/em><\/strong>. <strong><em>Mas anime-se a\u00ed com esta Dica Sideral do Blog: \u201cO Futuro j\u00e1 Come\u00e7ou\u201d: <\/em><\/strong>Se voc\u00ea tem mais de 18 anos, est\u00e1 em boa forma f\u00edsica e vacinado contra a Covid19, poder\u00e1 inscrever-se no sorteio que contemplar\u00e1 duas pessoas para viverem esta experi\u00eancia fant\u00e1stica!<strong><em> Saiba como no site da Omaze<\/em><\/strong> (<a href=\"https:\/\/www.omaze.com\/products\/virgin-galactic-2021?ref=space\">https:\/\/www.omaze.com\/products\/virgin-galactic-2021?ref=space<\/a>). <strong><em>O prazo de inscri\u00e7\u00e3o \u00e9 at\u00e9 01 de Setembro e o sorteio j\u00e1 ser\u00e1 no dia 29 do mesmo m\u00eas.<\/em><\/strong> Comece a escolher quem voc\u00ea levar\u00e1 para o espa\u00e7o em 2022 contigo, pois tem direito a levar acompanhante tamb\u00e9m. <strong><em>Ali\u00e1s, por curiosidade, escreva nos coment\u00e1rios quem voc\u00ea levaria \u00e0s alturas nesta oportunidade! Rsss.<\/em><\/strong><\/p>\n<p>Se deseja muito viver este tipo de experi\u00eancia e n\u00e3o pretende depender da Sorte, o jeito \u00e9 mergulhar na carreira, tornando-se um astronauta ou profissional do ramo aeroespacial em suas dezenas de especialidades (profiss\u00f5es de futuro). Apostar na longevidade e no \u00eaxito profissional , esperando o tempo em que os pre\u00e7os v\u00e3o desabar tamb\u00e9m vale. Com o tempo v\u00e3o surgir diversos concorrentes e empresas do tipo \u201cCVC\u201d Espaciais, indo cada vez mais alto em dire\u00e7\u00e3o a \u00f3rbita terrestre, despencando os pre\u00e7os da aventura. <strong><em>Por outro lado, esta possibilidade talvez em nada te atraia, talvez as preocupa\u00e7\u00f5es com a pr\u00f3pria compensa\u00e7\u00e3o da pegada de carbono destas viagens e as causas ambientais e humanit\u00e1rias mais urgentes sejam o seu foco priorit\u00e1rio e isso \u00e9 sem nenhuma d\u00favida totalmente v\u00e1lido e necess\u00e1rio.<\/em><\/strong><\/p>\n<p><img loading=\"lazy\" decoding=\"async\" class=\"alignnone wp-image-609\" src=\"https:\/\/blogs.correiobraziliense.com.br\/ofuturojacomecou\/wp-content\/uploads\/sites\/58\/2021\/07\/Astronautas-Blue-Origin.jpg\" alt=\"\" width=\"555\" height=\"466\" srcset=\"https:\/\/blogs.correiobraziliense.com.br\/ofuturojacomecou\/wp-content\/uploads\/sites\/58\/2021\/07\/Astronautas-Blue-Origin.jpg 976w, https:\/\/blogs.correiobraziliense.com.br\/ofuturojacomecou\/wp-content\/uploads\/sites\/58\/2021\/07\/Astronautas-Blue-Origin-300x252.jpg 300w, https:\/\/blogs.correiobraziliense.com.br\/ofuturojacomecou\/wp-content\/uploads\/sites\/58\/2021\/07\/Astronautas-Blue-Origin-768x645.jpg 768w, https:\/\/blogs.correiobraziliense.com.br\/ofuturojacomecou\/wp-content\/uploads\/sites\/58\/2021\/07\/Astronautas-Blue-Origin-800x672.jpg 800w, https:\/\/blogs.correiobraziliense.com.br\/ofuturojacomecou\/wp-content\/uploads\/sites\/58\/2021\/07\/Astronautas-Blue-Origin-550x462.jpg 550w, https:\/\/blogs.correiobraziliense.com.br\/ofuturojacomecou\/wp-content\/uploads\/sites\/58\/2021\/07\/Astronautas-Blue-Origin-230x193.jpg 230w\" sizes=\"auto, (max-width: 555px) 100vw, 555px\" \/> <img loading=\"lazy\" decoding=\"async\" class=\"alignnone wp-image-610\" src=\"https:\/\/blogs.correiobraziliense.com.br\/ofuturojacomecou\/wp-content\/uploads\/sites\/58\/2021\/07\/C\u00e1psula-Blue-Origin.jpg\" alt=\"\" width=\"554\" height=\"313\" srcset=\"https:\/\/blogs.correiobraziliense.com.br\/ofuturojacomecou\/wp-content\/uploads\/sites\/58\/2021\/07\/C\u00e1psula-Blue-Origin.jpg 700w, https:\/\/blogs.correiobraziliense.com.br\/ofuturojacomecou\/wp-content\/uploads\/sites\/58\/2021\/07\/C\u00e1psula-Blue-Origin-300x169.jpg 300w, https:\/\/blogs.correiobraziliense.com.br\/ofuturojacomecou\/wp-content\/uploads\/sites\/58\/2021\/07\/C\u00e1psula-Blue-Origin-550x310.jpg 550w, https:\/\/blogs.correiobraziliense.com.br\/ofuturojacomecou\/wp-content\/uploads\/sites\/58\/2021\/07\/C\u00e1psula-Blue-Origin-230x129.jpg 230w\" sizes=\"auto, (max-width: 554px) 100vw, 554px\" \/><\/p>\n<p><strong><em>Jeff Bezos,<\/em><\/strong> a pessoa financeiramente mais rica do mundo, <strong><em>fundador da Blue Origin<\/em><\/strong> e da gigante do com\u00e9rcio eletr\u00f4nico, <strong><em>Amazon<\/em><\/strong>, joga numa categoria maior da explora\u00e7\u00e3o espacial e tem na Space X de Elon Musk (fundador da Tesla, Starlink, Neuralink etc) seu maior concorrente na atualidade. Eles disputam contratos da NASA, que v\u00e3o desde a colabora\u00e7\u00e3o na constru\u00e7\u00e3o da <strong><em>nova Esta\u00e7\u00e3o Espacial, do novo pouso na Lua(2024), pouso e explora\u00e7\u00e3o de metais preciosos em asteroides como o Psique16 (2026), at\u00e9 a coloniza\u00e7\u00e3o de Marte(2033)<\/em><\/strong>. Nesta hora, a brincadeira fica bastante s\u00e9ria e os n\u00fameros multiplicam-se para a casa dos US$ Bilh\u00f5es.<br \/>\n<em><strong>No dia 20 de Julho, na data comemorativa dos 52 anos do pouso humano na Lua<\/strong><\/em>, Bezos deu um pulinho maior do que Branson no salto em altura e em velocidade, <strong><em>ultrapassando a marca dos 100 Km de altitude, a chamada linha de Karman<\/em><\/strong> definida em conven\u00e7\u00e3o internacional, <strong><em>alcan\u00e7ando a altitude de 107 Km no espa\u00e7o sideral<\/em><\/strong>. O trajeto foi percorrido a <strong><em>3.595 km\/h<\/em><\/strong>. Mal sua c\u00e1psula pousou de volta em solo terreno, num show de paraquedismo, <strong><em>a empresa j\u00e1 reivindicou a marca de primeira a fazer um voo comercial fora da \u00f3rbita terrestre, tendo em vista o alcance da Virgin Galactic limitar-se a 80Km de altitude.<\/em><\/strong><br \/>\nConseguiram ainda a proeza de ser a <em><strong>primeira viagem aut\u00f4noma, sem piloto<\/strong><\/em>. Digna de medalha tamb\u00e9m, seria a <strong><em>tripula\u00e7\u00e3o da Blue Origin<\/em><\/strong>, que al\u00e9m de Bezos e seu irm\u00e3o, <strong><em>contemplou o estudante de f\u00edsica, Oliver Daemen, um Holand\u00eas de 18 anos e a pioneira aeroespacial, piloto Wally Funk, de 82 anos, passageiros mais jovem e mais velho respectivamente, num voo comercial suborbital.<\/em><\/strong> N\u00e3o se trata apenas de ter a maior posi\u00e7\u00e3o no p\u00f3dio, mas antes, de sinalizar (marketear) que est\u00e3o prontos para qualquer maratona que exija performance de alto n\u00edvel neste segmento de atua\u00e7\u00e3o, o nome do Jogo e da Brincadeira \u00e9 \u201cBusiness\u201d.<\/p>\n<p><strong><em>Compare as empresas:<\/em><\/strong><\/p>\n<p><img loading=\"lazy\" decoding=\"async\" class=\"alignnone wp-image-611\" src=\"https:\/\/blogs.correiobraziliense.com.br\/ofuturojacomecou\/wp-content\/uploads\/sites\/58\/2021\/07\/Blue-Origin-x-Virgin-Galactic.jpg\" alt=\"\" width=\"597\" height=\"1020\" srcset=\"https:\/\/blogs.correiobraziliense.com.br\/ofuturojacomecou\/wp-content\/uploads\/sites\/58\/2021\/07\/Blue-Origin-x-Virgin-Galactic.jpg 562w, https:\/\/blogs.correiobraziliense.com.br\/ofuturojacomecou\/wp-content\/uploads\/sites\/58\/2021\/07\/Blue-Origin-x-Virgin-Galactic-176x300.jpg 176w, https:\/\/blogs.correiobraziliense.com.br\/ofuturojacomecou\/wp-content\/uploads\/sites\/58\/2021\/07\/Blue-Origin-x-Virgin-Galactic-550x940.jpg 550w, https:\/\/blogs.correiobraziliense.com.br\/ofuturojacomecou\/wp-content\/uploads\/sites\/58\/2021\/07\/Blue-Origin-x-Virgin-Galactic-230x393.jpg 230w\" sizes=\"auto, (max-width: 597px) 100vw, 597px\" \/><\/p>\n<p><img loading=\"lazy\" decoding=\"async\" class=\"alignnone wp-image-612\" src=\"https:\/\/blogs.correiobraziliense.com.br\/ofuturojacomecou\/wp-content\/uploads\/sites\/58\/2021\/07\/Astronauta.jpg\" alt=\"\" width=\"331\" height=\"225\" srcset=\"https:\/\/blogs.correiobraziliense.com.br\/ofuturojacomecou\/wp-content\/uploads\/sites\/58\/2021\/07\/Astronauta.jpg 1920w, https:\/\/blogs.correiobraziliense.com.br\/ofuturojacomecou\/wp-content\/uploads\/sites\/58\/2021\/07\/Astronauta-300x204.jpg 300w, https:\/\/blogs.correiobraziliense.com.br\/ofuturojacomecou\/wp-content\/uploads\/sites\/58\/2021\/07\/Astronauta-768x523.jpg 768w, https:\/\/blogs.correiobraziliense.com.br\/ofuturojacomecou\/wp-content\/uploads\/sites\/58\/2021\/07\/Astronauta-1024x697.jpg 1024w, https:\/\/blogs.correiobraziliense.com.br\/ofuturojacomecou\/wp-content\/uploads\/sites\/58\/2021\/07\/Astronauta-1440x980.jpg 1440w, https:\/\/blogs.correiobraziliense.com.br\/ofuturojacomecou\/wp-content\/uploads\/sites\/58\/2021\/07\/Astronauta-800x545.jpg 800w, https:\/\/blogs.correiobraziliense.com.br\/ofuturojacomecou\/wp-content\/uploads\/sites\/58\/2021\/07\/Astronauta-550x374.jpg 550w, https:\/\/blogs.correiobraziliense.com.br\/ofuturojacomecou\/wp-content\/uploads\/sites\/58\/2021\/07\/Astronauta-230x157.jpg 230w\" sizes=\"auto, (max-width: 331px) 100vw, 331px\" \/> <img loading=\"lazy\" decoding=\"async\" class=\"alignnone wp-image-613\" src=\"https:\/\/blogs.correiobraziliense.com.br\/ofuturojacomecou\/wp-content\/uploads\/sites\/58\/2021\/07\/Antigos-Astronautas2.jpg\" alt=\"\" width=\"342\" height=\"226\" srcset=\"https:\/\/blogs.correiobraziliense.com.br\/ofuturojacomecou\/wp-content\/uploads\/sites\/58\/2021\/07\/Antigos-Astronautas2.jpg 480w, https:\/\/blogs.correiobraziliense.com.br\/ofuturojacomecou\/wp-content\/uploads\/sites\/58\/2021\/07\/Antigos-Astronautas2-300x198.jpg 300w, https:\/\/blogs.correiobraziliense.com.br\/ofuturojacomecou\/wp-content\/uploads\/sites\/58\/2021\/07\/Antigos-Astronautas2-230x152.jpg 230w\" sizes=\"auto, (max-width: 342px) 100vw, 342px\" \/><\/p>\n<p><em><strong>Eram os Deuses Astronautas?<\/strong><\/em><br \/>\nA teoria dos <em><strong>\u201cAntigos Astronautas\u201d<\/strong><\/em> tem como um de seus \u00edcones, o escritor e arque\u00f3logo Sui\u00e7o, Erich von Daniken, que em 1968, um ano antes do homem pousar na Lua, publicou a Obra: Eram os deuses Astronautas? Pol\u00eamica e vast\u00edssima em conte\u00fados hist\u00f3ricos e arqueol\u00f3gicos, Daniken sustenta a hip\u00f3tese de que as antigas civiliza\u00e7\u00f5es humanas tiveram origem de alien\u00edgenas (astronautas) que os visitavam constantemente.<\/p>\n<p><strong><em>Alguns te\u00f3ricos qu\u00e2nticos e do Multiverso, acreditam que a transcend\u00eancia temporal e espacial poder\u00e1 revelar que estes Astronautas do Passado, \u00e9ramos n\u00f3s mesmos em uma vers\u00e3o futura, visitando os prim\u00f3rdios existenciais.<\/em> <\/strong>Uma coisa \u00e9 certa, o car\u00e1ter explorat\u00f3rio e colonizador dos <strong><em>Anunnakis<\/em><\/strong> (<a href=\"https:\/\/www.outromundo.net\/anunnaki-historia-da-terra\/\">https:\/\/www.outromundo.net\/anunnaki-historia-da-terra\/<\/a>) se assemelha\u00a0aos Cowboys Espaciais de nosso capitalismo moderno. <strong><em>Opa, eles Eram os Bilion\u00e1rios Astronautas? Rss<\/em><\/strong>. Brincadeiras \u00e0 parte, a verdade \u00e9 que estamos engatinhando na capacidade de entendimento do incomensur\u00e1vel Universo e a curiosidade infantil, o desejo de transpor limites, barreiras, acabam por nos levar a percep\u00e7\u00f5es inimagin\u00e1veis que certamente contribuir\u00e3o com o pr\u00f3prio sentido evolutivo e do despertar de Consci\u00eancia de nossa Ess\u00eancia, ainda t\u00e3o encoberta pela ilus\u00e3o dos 5 sentidos e da F\u00f4rma tridimensional do mundo em que vivemos.<\/p>\n<p><img loading=\"lazy\" decoding=\"async\" class=\"alignnone wp-image-614\" src=\"https:\/\/blogs.correiobraziliense.com.br\/ofuturojacomecou\/wp-content\/uploads\/sites\/58\/2021\/07\/amarelinha.jpg\" alt=\"\" width=\"652\" height=\"1159\" srcset=\"https:\/\/blogs.correiobraziliense.com.br\/ofuturojacomecou\/wp-content\/uploads\/sites\/58\/2021\/07\/amarelinha.jpg 2268w, https:\/\/blogs.correiobraziliense.com.br\/ofuturojacomecou\/wp-content\/uploads\/sites\/58\/2021\/07\/amarelinha-169x300.jpg 169w, https:\/\/blogs.correiobraziliense.com.br\/ofuturojacomecou\/wp-content\/uploads\/sites\/58\/2021\/07\/amarelinha-768x1365.jpg 768w, https:\/\/blogs.correiobraziliense.com.br\/ofuturojacomecou\/wp-content\/uploads\/sites\/58\/2021\/07\/amarelinha-576x1024.jpg 576w, https:\/\/blogs.correiobraziliense.com.br\/ofuturojacomecou\/wp-content\/uploads\/sites\/58\/2021\/07\/amarelinha-1440x2560.jpg 1440w, https:\/\/blogs.correiobraziliense.com.br\/ofuturojacomecou\/wp-content\/uploads\/sites\/58\/2021\/07\/amarelinha-800x1422.jpg 800w, https:\/\/blogs.correiobraziliense.com.br\/ofuturojacomecou\/wp-content\/uploads\/sites\/58\/2021\/07\/amarelinha-550x978.jpg 550w, https:\/\/blogs.correiobraziliense.com.br\/ofuturojacomecou\/wp-content\/uploads\/sites\/58\/2021\/07\/amarelinha-230x409.jpg 230w\" sizes=\"auto, (max-width: 652px) 100vw, 652px\" \/><\/p>\n<p><em><strong>Nada det\u00eam a curiosidade humana<\/strong><\/em>, o impulso realizador e o prazer da supera\u00e7\u00e3o de barreiras na gincana ou olimp\u00edada da Vida. Certamente este instinto desbravador est\u00e1 inoculado em nossa esp\u00e9cie. Contudo, faz todo sentido questionar os motivos e a l\u00f3gica de se dedicar tanta engenharia, intelig\u00eancia, dinheiro e tecnologia para dominar fronteiras t\u00e3o distantes quando h\u00e1 problemas t\u00e3o b\u00e1sicos e urgentes por aqui \u00e0 serem resolvidos, como a regenera\u00e7\u00e3o planet\u00e1ria, a justi\u00e7a social e as consequ\u00eancias de uma Pandemia.<br \/>\nAtualmente pilotamos Sondas e Rovers em dist\u00e2ncias superiores 340 milh\u00f5es de Km de dist\u00e2ncia com Telimetria avan\u00e7ada, Intelig\u00eancia Artificial complexa e autonomia rob\u00f3tica, mas ainda temos 690 milh\u00f5es de seres humanos passando fome todos os dias.<\/p>\n<p><strong><em>Eventos Clim\u00e1ticos Extremos<\/em><\/strong> parecem irrevers\u00edveis e toda Tecnologia existente n\u00e3o deu conta por exemplo, de evitar os estragos provocados pelas tempestades e enchentes ocorridas na Alemanha nos \u00faltimos dias, que matou mais de 160 pessoas, bem como as 25 Vidas Perdidas na China pelo mesmo motivo.<br \/>\nO Degelo acelerado dos Polos, a Desertifica\u00e7\u00e3o em v\u00e1rias regi\u00f5es do mundo, a inaceit\u00e1vel concentra\u00e7\u00e3o de renda nas m\u00e3os de uma Elite global, s\u00e3o ao mesmo tempo origem e consequ\u00eancia dos desequil\u00edbrios planet\u00e1rios. Nossa casa, a m\u00e3e Gaia, t\u00e3o admirada da Janelinha dos turistas espaciais, exige um olhar mais de perto.<\/p>\n<p><strong><em>Este Blog \u00e9 um difusor das tend\u00eancias e prospec\u00e7\u00f5es tecnol\u00f3gicas, mantendo seu entusiasmo com os avan\u00e7os da Tecnologia, da Ci\u00eancia, das Pesquisas e da Inova\u00e7\u00e3o, por\u00e9m, sem temperar tudo isso com calor humano e prioridade \u00e0 Regenera\u00e7\u00e3o Terrena, nada se justificar\u00e1!<\/em><\/strong><\/p>\n<p>Que a dist\u00e2ncia entre o C\u00e9u e a Terra seja percorrida com toda alegria como na brincadeira de <strong><em>\u201cAmarelinha\u201d<\/em><\/strong>, onde a Jornada s\u00f3 se completa, quando voltamos mais felizes para o ponto de Partida, para o nosso sagrado cantinho azul na imensid\u00e3o do Universo!<br \/>\n<em><strong>Namastech!<\/strong><\/em><\/p>\n<p><iframe loading=\"lazy\" width=\"1440\" height=\"810\" src=\"https:\/\/www.youtube.com\/embed\/UyYmcqTUzkY?feature=oembed\" frameborder=\"0\" allow=\"accelerometer; autoplay; clipboard-write; encrypted-media; gyroscope; picture-in-picture\" allowfullscreen><\/iframe><\/p>\n","protected":false},"excerpt":{"rendered":"<p>Al\u00f4 Al\u00f4 Terr\u00e1queos de todas as partes do Mundo, Julho de 2021 j\u00e1 entrou para a hist\u00f3ria! Em tempos de Olimp\u00edadas, diferentes modalidades est\u00e3o em jogo tanto no Jap\u00e3o, quanto no Olimpo Espacial: Corrida de Velocidade, Maratona, Salto em Altura, Navega\u00e7\u00e3o, Lan\u00e7amento de Peso etc fazem parte das disputas que prometem performances incr\u00edveis e recordes mundiais alcan\u00e7ados. Nos dias 11 [&hellip;]<\/p>\n","protected":false},"author":122,"featured_media":0,"comment_status":"open","ping_status":"open","sticky":false,"template":"","format":"standard","meta":{"footnotes":""},"categories":[1],"tags":[649,667,658,663,662,279,671,652,655,669,666,419,664,665,668,648,160,654,108,659,673,670,647,672,651,674,661,280,650,656,657,660,653],"class_list":["post-605","post","type-post","status-publish","format-standard","hentry","category-sem-categoria","tag-aeroespacial","tag-amarelinha","tag-antigos","tag-anunnakis","tag-arremesso-de-peso","tag-asteroide","tag-bilionarios","tag-blue-origin","tag-capsula","tag-climaticos","tag-crianca","tag-deuses","tag-erich-von-daniken","tag-estacao","tag-eventos","tag-japao","tag-jeff-bezos","tag-karman","tag-lua","tag-maratona","tag-multiverso","tag-naves","tag-olimpiadas","tag-quantico","tag-richard-branson","tag-rover","tag-salto-em-altura","tag-sonda","tag-suborbital","tag-turismo","tag-turismo-espacial","tag-velocidade","tag-virgin-galactic"],"_links":{"self":[{"href":"https:\/\/blogs.correiobraziliense.com.br\/ofuturojacomecou\/wp-json\/wp\/v2\/posts\/605","targetHints":{"allow":["GET"]}}],"collection":[{"href":"https:\/\/blogs.correiobraziliense.com.br\/ofuturojacomecou\/wp-json\/wp\/v2\/posts"}],"about":[{"href":"https:\/\/blogs.correiobraziliense.com.br\/ofuturojacomecou\/wp-json\/wp\/v2\/types\/post"}],"author":[{"embeddable":true,"href":"https:\/\/blogs.correiobraziliense.com.br\/ofuturojacomecou\/wp-json\/wp\/v2\/users\/122"}],"replies":[{"embeddable":true,"href":"https:\/\/blogs.correiobraziliense.com.br\/ofuturojacomecou\/wp-json\/wp\/v2\/comments?post=605"}],"version-history":[{"count":4,"href":"https:\/\/blogs.correiobraziliense.com.br\/ofuturojacomecou\/wp-json\/wp\/v2\/posts\/605\/revisions"}],"predecessor-version":[{"id":617,"href":"https:\/\/blogs.correiobraziliense.com.br\/ofuturojacomecou\/wp-json\/wp\/v2\/posts\/605\/revisions\/617"}],"wp:attachment":[{"href":"https:\/\/blogs.correiobraziliense.com.br\/ofuturojacomecou\/wp-json\/wp\/v2\/media?parent=605"}],"wp:term":[{"taxonomy":"category","embeddable":true,"href":"https:\/\/blogs.correiobraziliense.com.br\/ofuturojacomecou\/wp-json\/wp\/v2\/categories?post=605"},{"taxonomy":"post_tag","embeddable":true,"href":"https:\/\/blogs.correiobraziliense.com.br\/ofuturojacomecou\/wp-json\/wp\/v2\/tags?post=605"}],"curies":[{"name":"wp","href":"https:\/\/api.w.org\/{rel}","templated":true}]}}