{"id":364,"date":"2020-12-30T16:47:59","date_gmt":"2020-12-30T19:47:59","guid":{"rendered":"https:\/\/blogs.correiobraziliense.com.br\/ofuturojacomecou\/?p=364"},"modified":"2020-12-30T16:47:59","modified_gmt":"2020-12-30T19:47:59","slug":"13-acontecimentos-de-2020-que-vao-impactar-o-futuro","status":"publish","type":"post","link":"https:\/\/blogs.correiobraziliense.com.br\/ofuturojacomecou\/2020\/12\/30\/13-acontecimentos-de-2020-que-vao-impactar-o-futuro\/","title":{"rendered":"13 Acontecimentos de 2020 que v\u00e3o impactar o Futuro!"},"content":{"rendered":"<p><img loading=\"lazy\" decoding=\"async\" class=\"alignnone size-full wp-image-367\" src=\"https:\/\/blogs.correiobraziliense.com.br\/ofuturojacomecou\/wp-content\/uploads\/sites\/58\/2020\/12\/Futuro-Humano.jpg\" alt=\"\" width=\"1920\" height=\"1086\" srcset=\"https:\/\/blogs.correiobraziliense.com.br\/ofuturojacomecou\/wp-content\/uploads\/sites\/58\/2020\/12\/Futuro-Humano.jpg 1920w, https:\/\/blogs.correiobraziliense.com.br\/ofuturojacomecou\/wp-content\/uploads\/sites\/58\/2020\/12\/Futuro-Humano-300x170.jpg 300w, https:\/\/blogs.correiobraziliense.com.br\/ofuturojacomecou\/wp-content\/uploads\/sites\/58\/2020\/12\/Futuro-Humano-768x434.jpg 768w, https:\/\/blogs.correiobraziliense.com.br\/ofuturojacomecou\/wp-content\/uploads\/sites\/58\/2020\/12\/Futuro-Humano-1024x579.jpg 1024w, https:\/\/blogs.correiobraziliense.com.br\/ofuturojacomecou\/wp-content\/uploads\/sites\/58\/2020\/12\/Futuro-Humano-1440x815.jpg 1440w, https:\/\/blogs.correiobraziliense.com.br\/ofuturojacomecou\/wp-content\/uploads\/sites\/58\/2020\/12\/Futuro-Humano-800x453.jpg 800w, https:\/\/blogs.correiobraziliense.com.br\/ofuturojacomecou\/wp-content\/uploads\/sites\/58\/2020\/12\/Futuro-Humano-550x311.jpg 550w, https:\/\/blogs.correiobraziliense.com.br\/ofuturojacomecou\/wp-content\/uploads\/sites\/58\/2020\/12\/Futuro-Humano-230x130.jpg 230w\" sizes=\"auto, (max-width: 1920px) 100vw, 1920px\" \/><br \/>\nConforme alertava o historiador <strong><em>Yuval Harari<\/em><\/strong>, no in\u00edcio da Pandemia, ter\u00edamos uma chance \u00fanica em 2020, de dar um salto qu\u00e2ntico na humanidade, caso tiv\u00e9ssemos a capacidade de colaborar entre os seres humanos e busc\u00e1ssemos concentrar nossas capacidades, potencialidades e sensibilidade na busca conjunta de solu\u00e7\u00f5es para responder em tempo recorde, os desafios do corona V\u00edrus.<br \/>\nDefinitivamente as perdas familiares, de amigos e conhecidos, as restri\u00e7\u00f5es econ\u00f4micas e financeiras que impactaram a realidade de milh\u00f5es de pessoas, o medo e suas consequ\u00eancias profundas no estado emocional e na pr\u00f3pria sa\u00fade das pessoas, motivos n\u00e3o faltaram em 2020 para lamentarmos a contabilidade dos danos vividos e me solidarizo profundamente com todos que sentiram mais diretamente os efeitos deste <strong><em>\u201cTsunami Viral\u201d<\/em><\/strong>.<\/p>\n<p><em><strong>Contudo, mesmo diante destas mazelas, 13 acontecimentos marcaram a hist\u00f3ria humana em 2020:<\/strong><\/em><\/p>\n<p><strong><em>1- Vacinas contra a Covid 19:<\/em><\/strong> Apesar da politiza\u00e7\u00e3o do V\u00edrus, a colabora\u00e7\u00e3o cient\u00edfica global foi capaz de antecipar o longo ciclo envolvido na produ\u00e7\u00e3o de medicamentos. Diferentes alternativas de vacinas em um prazo jamais visto, enquanto formula\u00e7\u00e3o, ensaios, testes e distribui\u00e7\u00e3o foram elaborados por China, R\u00fassia, Inglaterra e Estados Unidos, com colabora\u00e7\u00e3o de diversos pa\u00edses, incluindo o Brasil e aponta para uma poss\u00edvel solu\u00e7\u00e3o em massa cuja efic\u00e1cia poder\u00e1 ser conferida e confirmada ao longo do ano que se inicia. Contudo, o contraste humano \u00e9 gigantesco quando falamos na perspectiva social e a\u00ed reside certamente o nosso maior desafio!<\/p>\n<p><strong><em>2- Telimetria Avan\u00e7ada:<\/em><\/strong> Controlamos e Pousamos a Sonda OSIRIS \u2013 Rex no Aster\u00f3ide Bennur, nosso contempor\u00e2neo do Big Bang, localizado a 340 milh\u00f5es de Km de dist\u00e2ncia, tornando bem sucedida a opera\u00e7\u00e3o, conhecida por TAG \u2013 Touch and Go que coletou materiais e pegou o rumo de volta para casa, trazendo nesta bagagem informa\u00e7\u00f5es sobre o per\u00edodo do surgimento planet\u00e1rio. A Sonda levar\u00e1 dois anos at\u00e9 chegar por aqui.<\/p>\n<p><strong><em>3- Garimpagem Espacial:<\/em> <\/strong>Este epis\u00f3dio inaugurou tamb\u00e9m a possibilidade de uma grande corrida espacial por ouro e outros metais nobres, como o pretendido por Elon Musk em parceria com a Nasa. Em 2022 ele pretende explorar o Asteroide 16 Psique, descoberto em 1852, que tem 226 quil\u00f4metros de di\u00e2metro e encontra-se a 370 milh\u00f5es de quil\u00f4metros da Terra. Sua forma\u00e7\u00e3o \u00e9 predominantemente composta de metais (ferro , n\u00edquel, platina e ouro).<\/p>\n<p><strong><em>4- Revolu\u00e7\u00e3o Gen\u00e9tica:<\/em><\/strong> A tecnologia CRISPR tamb\u00e9m conhecida por Tesoura Gen\u00e9tica, recebeu o Pr\u00eamio Nobel de Qu\u00edmica. Ela permite a edi\u00e7\u00e3o do DNA, com a promessa de regenera\u00e7\u00e3o biol\u00f3gica e a devolu\u00e7\u00e3o da capacidade locomotora de pessoas prostadas em camas e cadeiras de roda, recupera\u00e7\u00e3o da vis\u00e3o e outras possibilidades destinadas ao cuidado da sa\u00fade humana.<\/p>\n<p><strong><em>5- Federa\u00e7\u00e3o Gal\u00e1tica:<\/em><\/strong> Ningu\u00e9m menos que uma das maiores Autoridades Espaciais do mundo, o ex Chefe do Programa de Seguran\u00e7a Espacial Israelense, General j\u00e1 aposentado, Haim Eshed revelou ao jornal Yedioth Ahronoth, que Israel e os EUA mantem h\u00e1 anos, comunica\u00e7\u00e3o e encontros com os alien\u00edgenas numa Base Secreta no Subsolo de Marte: \u201cH\u00e1 um acordo entre o governo dos EUA e os alien\u00edgenas. Eles assinaram um contrato conosco para fazer experimentos aqui\u201d O General criou um clima ainda mais instigante ao mencionar que o Presidente Donald Trump amea\u00e7ou revelar tudo para o mundo mas foi convencido, inclusive pela chamada: \u201cFedera\u00e7\u00e3o Gal\u00e1tica\u201d que ainda n\u00e3o h\u00e1 preparo por parte da humanidade para tomar conhecimento destes \u201cfatos\u201d. A Declara\u00e7\u00e3o se deu durante o lan\u00e7amento de seu livro: \u201cO Universo al\u00e9m do horizonte \u2013 conversas com o professor Haim Eshed\u201d.<\/p>\n<p><strong><em>6-Supremacia Qu\u00e2ntica:<\/em><\/strong> Semana passada, a China que j\u00e1 lidera a tem\u00e1tica do 5G, da Intelig\u00eancia Artificial e da pr\u00f3pria Ind\u00fastria 4.0, anunciou algo que causou espanto nos principais l\u00edderes globais: O prot\u00f3tipo de computador qu\u00e2ntico chin\u00eas, chamado; \u201cJiuzhang\u201d, teria atingido 76 F\u00f3tons, o que equivale a uma velocidade de processamento 10 bilh\u00f5es de vezes mais r\u00e1pida que o Computador Qu\u00e2ntico do Google (53Qubits) ou 100 trilh\u00f5es de vezes mais r\u00e1pido que o supercomputador mais r\u00e1pido existente no mundo hoje! O estudo, com detalhamentos dos testes, foi publicado na revista \u201cScience\u201d. Uma vez confirmado, pode-se afirmar que a China atingiu a chamada \u201cSupremacia Qu\u00e2ntica\u201d e lidera o mundo, tamb\u00e9m nesta tem\u00e1tica!<\/p>\n<p><strong><em>7- Sol Artificial:<\/em><\/strong> Quando se fala em energia nuclear, naturalmente que h\u00e1 reservas pois os efeitos da explos\u00e3o de usinas, bombas e o pr\u00f3prio lixo at\u00f4mico criaram este p\u00e2nico relacionado a esta forma de gera\u00e7\u00e3o de energia. Contudo, h\u00e1 uma distin\u00e7\u00e3o entre a vil\u00e3, fiss\u00e3o nuclear e a fus\u00e3o nuclear, uma vez que al\u00e9m de n\u00e3o gerar o chamado lixo radioativo, ela oferece um perigo muito menor no contrabando b\u00e9lico e nos riscos de acidentes. O dom\u00ednio da Fus\u00e3o Nuclear, h\u00e1 anos \u00e9 fruto de uma coopera\u00e7\u00e3o internacional conduzida no \u00e2mbito do projeto: ITER (International Thermonuclear Experimental Reactor) situado no Sul da Fran\u00e7a dever\u00e1 ser conclu\u00eddo apenas em 2025, mas em 2020, Alemanha e China anunciaram grandes progressos no dom\u00ednio desta tecnologia que promete baratear exponencialmente o custo da energia no mundo. O Reator Chin\u00eas foi ligado e apresentou uma capacidade 10 vezes mais quente que o centro do Sol, atingindo 150 milh\u00f5es de graus Celsius.<\/p>\n<p><strong><em>8- Materiais Bidimensionais:<\/em><\/strong> Ao retirar a dimens\u00e3o da altura no n\u00edvel subat\u00f4mico de determinados materiais presentes em nossa natureza, cientistas abrem uma fronteira inimagin\u00e1vel de novos comportamentos da mat\u00e9ria e suas poss\u00edveis aplica\u00e7\u00f5es nos diferentes campos da vida! Os novos compostos, especialmente o Grafeno e o Borofeno, receberam centenas de milh\u00f5es de d\u00f3lares e prometem revolucionar o mundo.<\/p>\n<p><em><strong>9- Jetsons no Ar:<\/strong><\/em> A Embraer lan\u00e7ou no dia 15 de Outubro, a Eve Urban Air Mobility Solutions Inc, uma empresa independente que come\u00e7ou dentro da EmbraerX (El\u00e9trico com decolagem e pouso Vertical). Ou seja, teremos nosso pr\u00f3prio Carro Voador num mercado j\u00e1 muito disputado pelos Chineses, Japoneses, Americanos e Europeus.<\/p>\n<p><strong><em>10-Interface C\u00e9rebro-M\u00e1quina:<\/em><\/strong> No dia 28 de Julho, o empres\u00e1rio Elon Musk (Tesla, Space X etc), impactou o mundo demonstrando a experi\u00eancia bem sucedida de sua empresa Neuralink que implantou durante dois meses, um chip cerebral numa porca. Com a pretens\u00e3o de conectar os c\u00e9rebros humanos diretamente a internet de alta velocidade at\u00e9 o ano de 2034, chamou a frase de Abertura do Evento, pronunciada por Musk: &#8220;O principal motivo desta apresenta\u00e7\u00e3o \u00e9, Recrutamento&#8221;. Ele detalhou que o que se pretende \u00e9 alcan\u00e7ar uma esp\u00e9cie de Simbiose com a Intelig\u00eancia Artificial. Lembrou de forma prudente, n\u00e3o tratar de algo compuls\u00f3rio, mas que representar\u00e1 a possibilidade de escolha por parte das pessoas em ter seu Implante. Refor\u00e7ou que esta possibilidade de escolha, poder\u00e1 representar o acesso ao que chamou de uma simbiose com a Intelig\u00eancia Artificial (IA), importante para se viver na nova \u201cescalada civilizat\u00f3ria\u201d.<\/p>\n<p><em><strong>11- \u00c9tica no uso da Intelig\u00eancia Artificial<\/strong><\/em>: No dia 20 de Outubro, o Parlamento Europeu aprovou a maior Regulamenta\u00e7\u00e3o da Intelig\u00eancia Artificial! Declara\u00e7\u00e3o do Parlamento: A IA deve ser \u201cAntropoc\u00eantrica e Antropog\u00e9nica (centrada no, e produzida pelo, ser humano)&#8221;.<\/p>\n<p><em><strong>12- Chips At\u00f4micos:<\/strong><\/em> A Universidade do Texas, publicou na Nature Nanotechnology no dia 09 de Novembro, o resultado de um projeto financiado pelo Departamento de Defesa dos Estados Unidos relacionado ao desenvolvimento de \u201cchips at\u00f4micos\u201d.Trata-se da menor unidade de mem\u00f3ria at\u00f4mica do mundo com capacidade de 25 terabits por cent\u00edmetro quadrado, ou seja, sua densidade de armazenamento \u00e9 100 vezes maior que a densidade por camada das mem\u00f3rias flash que conhecemos na atualidade. O Dr. Deji Akinwande professor do Departamento de Engenharia El\u00e9trica e de Computa\u00e7\u00e3o afirmou que \u201cO Santo Graal cient\u00edfico para o dimensionamento est\u00e1 caindo a um n\u00edvel em que um \u00fanico \u00e1tomo controla a fun\u00e7\u00e3o da mem\u00f3ria\u201d.<\/p>\n<p><strong><em>13- Sonda Chinesa na Face Oculta da Lua<\/em><\/strong>: A c\u00e1psula da sonda Chang&#8217;e 5 pousou no dia 17 de Dezembro em Siziwang, na regi\u00e3o da Mong\u00f3lia ap\u00f3s coletar cerca de 2 quilos de amostras da superf\u00edcie e perfurar dois metros na crosta lunar recolhendo mais material. O pa\u00eds promete seguir as conven\u00e7\u00f5es internacionais e compartilhar os dados e as amostras. Avan\u00e7a assim, o Programa Espacial Chin\u00eas que prev\u00ea uma miss\u00e3o rob\u00f3tica ao Planeta Marte, a constru\u00e7\u00e3o de uma esta\u00e7\u00e3o espacial permanente em \u00f3rbita.<\/p>\n<p><img loading=\"lazy\" decoding=\"async\" class=\"alignnone wp-image-368\" src=\"https:\/\/blogs.correiobraziliense.com.br\/ofuturojacomecou\/wp-content\/uploads\/sites\/58\/2020\/12\/Ecologia.jpg\" alt=\"\" width=\"558\" height=\"369\" srcset=\"https:\/\/blogs.correiobraziliense.com.br\/ofuturojacomecou\/wp-content\/uploads\/sites\/58\/2020\/12\/Ecologia.jpg 1920w, https:\/\/blogs.correiobraziliense.com.br\/ofuturojacomecou\/wp-content\/uploads\/sites\/58\/2020\/12\/Ecologia-300x199.jpg 300w, https:\/\/blogs.correiobraziliense.com.br\/ofuturojacomecou\/wp-content\/uploads\/sites\/58\/2020\/12\/Ecologia-768x508.jpg 768w, https:\/\/blogs.correiobraziliense.com.br\/ofuturojacomecou\/wp-content\/uploads\/sites\/58\/2020\/12\/Ecologia-1024x678.jpg 1024w, https:\/\/blogs.correiobraziliense.com.br\/ofuturojacomecou\/wp-content\/uploads\/sites\/58\/2020\/12\/Ecologia-1440x953.jpg 1440w, https:\/\/blogs.correiobraziliense.com.br\/ofuturojacomecou\/wp-content\/uploads\/sites\/58\/2020\/12\/Ecologia-800x530.jpg 800w, https:\/\/blogs.correiobraziliense.com.br\/ofuturojacomecou\/wp-content\/uploads\/sites\/58\/2020\/12\/Ecologia-550x364.jpg 550w, https:\/\/blogs.correiobraziliense.com.br\/ofuturojacomecou\/wp-content\/uploads\/sites\/58\/2020\/12\/Ecologia-230x152.jpg 230w\" sizes=\"auto, (max-width: 558px) 100vw, 558px\" \/><\/p>\n<p><strong><em>Justi\u00e7a Social e Regenera\u00e7\u00e3o Ambiental J\u00e1<\/em><\/strong><br \/>\nEm contraste, na entrevista concedida ao Jornal La Naci\u00f3n, um dos mais c\u00e9lebres cientistas pol\u00edticos, especialista em Rela\u00e7\u00f5es Internacionais da atualidade, autor do recente Ensaio intitulado: \u201cA Hegemonia Contestada\u201d, Bertrand Badie, afirma acerca da crise desatada pela Covid 19: \u201cOs Profetas do Neoliberalismo viraram promotores da economia social. \u00c9 preciso voltar aos imperativos sociais\u201d. Afirma ainda que entraremos num ciclo em que o Poder ser\u00e1 centrado nas m\u00e3os dos mais fr\u00e1geis independente das sociedades sofisticadas em que se encontram os donos do poder e alerta sobre a precariedade sanit\u00e1ria das popula\u00e7\u00f5es mais pobres do mundo.<br \/>\nN\u00e3o sei se alcan\u00e7amos as expectativas sugeridas por Harari e penso que estamos muito distantes de uma vis\u00e3o mais hol\u00edstica e integrada da Vida, onde disputas deveriam dar lugar a mais coopera\u00e7\u00e3o, pelo bem da regenera\u00e7\u00e3o do meio-ambiente e da sobreviv\u00eancia de nossa pr\u00f3pria esp\u00e9cie.<\/p>\n<p><img loading=\"lazy\" decoding=\"async\" class=\"alignnone size-full wp-image-369\" src=\"https:\/\/blogs.correiobraziliense.com.br\/ofuturojacomecou\/wp-content\/uploads\/sites\/58\/2020\/12\/Mundo-Colaborativo.jpg\" alt=\"\" width=\"1920\" height=\"1282\" srcset=\"https:\/\/blogs.correiobraziliense.com.br\/ofuturojacomecou\/wp-content\/uploads\/sites\/58\/2020\/12\/Mundo-Colaborativo.jpg 1920w, https:\/\/blogs.correiobraziliense.com.br\/ofuturojacomecou\/wp-content\/uploads\/sites\/58\/2020\/12\/Mundo-Colaborativo-300x200.jpg 300w, https:\/\/blogs.correiobraziliense.com.br\/ofuturojacomecou\/wp-content\/uploads\/sites\/58\/2020\/12\/Mundo-Colaborativo-768x513.jpg 768w, https:\/\/blogs.correiobraziliense.com.br\/ofuturojacomecou\/wp-content\/uploads\/sites\/58\/2020\/12\/Mundo-Colaborativo-1024x684.jpg 1024w, https:\/\/blogs.correiobraziliense.com.br\/ofuturojacomecou\/wp-content\/uploads\/sites\/58\/2020\/12\/Mundo-Colaborativo-1440x962.jpg 1440w, https:\/\/blogs.correiobraziliense.com.br\/ofuturojacomecou\/wp-content\/uploads\/sites\/58\/2020\/12\/Mundo-Colaborativo-800x534.jpg 800w, https:\/\/blogs.correiobraziliense.com.br\/ofuturojacomecou\/wp-content\/uploads\/sites\/58\/2020\/12\/Mundo-Colaborativo-550x367.jpg 550w, https:\/\/blogs.correiobraziliense.com.br\/ofuturojacomecou\/wp-content\/uploads\/sites\/58\/2020\/12\/Mundo-Colaborativo-230x154.jpg 230w\" sizes=\"auto, (max-width: 1920px) 100vw, 1920px\" \/><\/p>\n<p>Creio num mundo Colaborativo pois n\u00e3o compreendo que diante de tanto avan\u00e7o cient\u00edfico e tecnol\u00f3gico, a humanidade n\u00e3o seja capaz de dar respostas \u00e0 crise ambiental, \u00e0 erradica\u00e7\u00e3o definitiva da fome e \u00e0 garantia de condi\u00e7\u00f5es sociais igualit\u00e1rias, baseadas no melhor para todos ao inv\u00e9s da desejada \u201cesmola universal\u201d sob condi\u00e7\u00f5es de domina\u00e7\u00e3o e controle como pretende apresentar Klaus Schwab na pr\u00f3xima edi\u00e7\u00e3o do F\u00f3rum Econ\u00f4mico Mundial em Davos. Segundo ele, a Nova Ordem Mundial: \u201cGreat Reset\u201d \u00e9 o bot\u00e3o de Reinicializa\u00e7\u00e3o da Humanidade! Que possamos sim Reinicializar o Planeta, fazendo Hist\u00f3ria, mas \u00e0 partir do \u201cDespertar de nossas Consci\u00eancias\u201d, nesta saga terrena t\u00e3o bela, t\u00e3o fr\u00e1gil e t\u00e3o promissora de m\u00faltiplas possibilidades e descobertas e n\u00e3o sob o controle ego\u00edsta, concentradora de renda, que nos leva ao medo e aos gastos anuais trilhion\u00e1rios em armamentos!<br \/>\nQue a utopia nos alimente na busca do respeito, do amor, do acolhimento, da solidariedade, da compaix\u00e3o e de outros sentimentos que nos caracterizam verdadeiramente enquanto Seres Humanos! Feliz 2021!<\/p>\n<p><a href=\"https:\/\/www.youtube.com\/channel\/UC9Z_C-sOFSZ4K7Cms8M-JtA\">Namastech!<\/a><\/p>\n<p><strong><em>Video Apresenta\u00e7\u00e3o:<\/em><\/strong> Voc\u00ea acreditaria, se algu\u00e9m te dissesse em 2019, que em 2020, a humanidade passaria pelo Impacto do isolamento Social?<\/p>\n<p><iframe loading=\"lazy\" width=\"1440\" height=\"810\" src=\"https:\/\/www.youtube.com\/embed\/UyYmcqTUzkY?feature=oembed\" frameborder=\"0\" allow=\"accelerometer; autoplay; clipboard-write; encrypted-media; gyroscope; picture-in-picture\" allowfullscreen><\/iframe><\/p>\n<p>&nbsp;<\/p>\n<p>&nbsp;<\/p>\n","protected":false},"excerpt":{"rendered":"<p>Conforme alertava o historiador Yuval Harari, no in\u00edcio da Pandemia, ter\u00edamos uma chance \u00fanica em 2020, de dar um salto qu\u00e2ntico na humanidade, caso tiv\u00e9ssemos a capacidade de colaborar entre os seres humanos e busc\u00e1ssemos concentrar nossas capacidades, potencialidades e sensibilidade na busca conjunta de solu\u00e7\u00f5es para responder em tempo recorde, os desafios do corona V\u00edrus. Definitivamente as perdas familiares, [&hellip;]<\/p>\n","protected":false},"author":122,"featured_media":0,"comment_status":"open","ping_status":"open","sticky":false,"template":"","format":"standard","meta":{"footnotes":""},"categories":[1],"tags":[3,12,4,5,2,285,304,290,279,295,293,296,302,43,301,55,105,222,277,134,251,287,291,153,286,249,282,294,299,298,108,300,111,284,292,305,228,303,283,289,280,288,281,278,297,276],"class_list":["post-364","post","type-post","status-publish","format-standard","hentry","category-sem-categoria","tag-espiritualidade","tag-gilbertonamastech","tag-ia","tag-inteligencia-artificial","tag-namastech","tag-285","tag-ambiental","tag-artificial","tag-asteroide","tag-bisimensional","tag-borofeno","tag-carros","tag-cerebral","tag-china","tag-chip","tag-chip-cerebral","tag-computacao","tag-covid-19","tag-donald-trump","tag-embraer","tag-espaco","tag-extraterrestres","tag-fusao","tag-futuro","tag-galatica","tag-garimpagem","tag-genetica","tag-grafeno","tag-homem","tag-interface","tag-lua","tag-maqina","tag-nasa","tag-nobel","tag-nuclear","tag-planeta","tag-quantica","tag-regeneracao","tag-revolucao","tag-sol","tag-sonda","tag-supremacia","tag-telimetria","tag-vacina","tag-voadores","tag-yuval-harari"],"_links":{"self":[{"href":"https:\/\/blogs.correiobraziliense.com.br\/ofuturojacomecou\/wp-json\/wp\/v2\/posts\/364","targetHints":{"allow":["GET"]}}],"collection":[{"href":"https:\/\/blogs.correiobraziliense.com.br\/ofuturojacomecou\/wp-json\/wp\/v2\/posts"}],"about":[{"href":"https:\/\/blogs.correiobraziliense.com.br\/ofuturojacomecou\/wp-json\/wp\/v2\/types\/post"}],"author":[{"embeddable":true,"href":"https:\/\/blogs.correiobraziliense.com.br\/ofuturojacomecou\/wp-json\/wp\/v2\/users\/122"}],"replies":[{"embeddable":true,"href":"https:\/\/blogs.correiobraziliense.com.br\/ofuturojacomecou\/wp-json\/wp\/v2\/comments?post=364"}],"version-history":[{"count":2,"href":"https:\/\/blogs.correiobraziliense.com.br\/ofuturojacomecou\/wp-json\/wp\/v2\/posts\/364\/revisions"}],"predecessor-version":[{"id":371,"href":"https:\/\/blogs.correiobraziliense.com.br\/ofuturojacomecou\/wp-json\/wp\/v2\/posts\/364\/revisions\/371"}],"wp:attachment":[{"href":"https:\/\/blogs.correiobraziliense.com.br\/ofuturojacomecou\/wp-json\/wp\/v2\/media?parent=364"}],"wp:term":[{"taxonomy":"category","embeddable":true,"href":"https:\/\/blogs.correiobraziliense.com.br\/ofuturojacomecou\/wp-json\/wp\/v2\/categories?post=364"},{"taxonomy":"post_tag","embeddable":true,"href":"https:\/\/blogs.correiobraziliense.com.br\/ofuturojacomecou\/wp-json\/wp\/v2\/tags?post=364"}],"curies":[{"name":"wp","href":"https:\/\/api.w.org\/{rel}","templated":true}]}}