{"id":302,"date":"2020-12-01T17:26:29","date_gmt":"2020-12-01T20:26:29","guid":{"rendered":"https:\/\/blogs.correiobraziliense.com.br\/ofuturojacomecou\/?p=302"},"modified":"2020-12-02T13:08:49","modified_gmt":"2020-12-02T16:08:49","slug":"2021-saida-da-matrix-vivemos-em-uma-simulacao","status":"publish","type":"post","link":"https:\/\/blogs.correiobraziliense.com.br\/ofuturojacomecou\/2020\/12\/01\/2021-saida-da-matrix-vivemos-em-uma-simulacao\/","title":{"rendered":"2021, Sa\u00edda da Matrix? Vivemos em uma Simula\u00e7\u00e3o?"},"content":{"rendered":"<p><img loading=\"lazy\" decoding=\"async\" class=\"alignnone size-full wp-image-318\" src=\"https:\/\/blogs.correiobraziliense.com.br\/ofuturojacomecou\/wp-content\/uploads\/sites\/58\/2020\/12\/Matrix-4-vers\u00e3o2.jpg\" alt=\"\" width=\"864\" height=\"460\" srcset=\"https:\/\/blogs.correiobraziliense.com.br\/ofuturojacomecou\/wp-content\/uploads\/sites\/58\/2020\/12\/Matrix-4-vers\u00e3o2.jpg 864w, https:\/\/blogs.correiobraziliense.com.br\/ofuturojacomecou\/wp-content\/uploads\/sites\/58\/2020\/12\/Matrix-4-vers\u00e3o2-300x160.jpg 300w, https:\/\/blogs.correiobraziliense.com.br\/ofuturojacomecou\/wp-content\/uploads\/sites\/58\/2020\/12\/Matrix-4-vers\u00e3o2-768x409.jpg 768w, https:\/\/blogs.correiobraziliense.com.br\/ofuturojacomecou\/wp-content\/uploads\/sites\/58\/2020\/12\/Matrix-4-vers\u00e3o2-800x426.jpg 800w, https:\/\/blogs.correiobraziliense.com.br\/ofuturojacomecou\/wp-content\/uploads\/sites\/58\/2020\/12\/Matrix-4-vers\u00e3o2-550x293.jpg 550w, https:\/\/blogs.correiobraziliense.com.br\/ofuturojacomecou\/wp-content\/uploads\/sites\/58\/2020\/12\/Matrix-4-vers\u00e3o2-230x122.jpg 230w\" sizes=\"auto, (max-width: 864px) 100vw, 864px\" \/><\/p>\n<p><em><strong>MATRIX !<\/strong><\/em><\/p>\n<p>Em 21 de Maio de 2021, estreia a quarta edi\u00e7\u00e3o de Matrix, novamente estrelado por <strong><em>Keanu Reeves<\/em><\/strong>. Desde 1999, ano de seu lan\u00e7amento, a s\u00e9rie impacta e suscita debates tecnol\u00f3gicos e filos\u00f3ficos pois seu enredo indica a possibilidade de estarmos todos a viver numa \u201cSimula\u00e7\u00e3o da Realidade\u201d.<br \/>\nAssim como seu personagem, Neo, o ator parece considerar como verdadeira a possibilidade desta vida terrena ser manipulada por poderosos com avan\u00e7adas tecnologias a nos utilizar como laborat\u00f3rio biol\u00f3gico de suas experi\u00eancias. Algumas de suas declara\u00e7\u00f5es, inclusive em entrevistas recentes para as principais revistas e jornais de fic\u00e7\u00e3o, sugerem que h\u00e1 uma clara certeza quanto a esta possibilidade apresentada na fic\u00e7\u00e3o: <strong><em>&#8220;A ra\u00e7a humana foi escravizada por milhares de anos, fomos mantidos em uma pris\u00e3o mental por elites obscuras e sociedades secretas que fizeram todo o poss\u00edvel nos reprimindo e nos impedindo de atingir nosso potencial\u201d.<\/em><\/strong><br \/>\n<strong><em>&#8220;A humanidade est\u00e1 mostrando Sinais de se Libertar da Matrix. Que \u00e9 o momento de estarmos vivos! Estamos vivendo em uma \u00e9poca emocionante.&#8221;<\/em><\/strong><br \/>\n<strong><em>&#8220;Sim, claro, h\u00e1 muitas pessoas que est\u00e3o interessadas apenas em acompanhar os Kardashians mas, uma parte significativa da popula\u00e7\u00e3o acordou. As pessoas est\u00e3o cansadas de guerras desnecess\u00e1rias lideran\u00e7a totalit\u00e1ria e controle autorit\u00e1rio. As pessoas est\u00e3o despertando para o que \u00e9 realmente importante na vida!&#8221;<\/em><\/strong><\/p>\n<p><img loading=\"lazy\" decoding=\"async\" class=\"alignnone wp-image-158\" src=\"https:\/\/blogs.correiobraziliense.com.br\/ofuturojacomecou\/wp-content\/uploads\/sites\/58\/2020\/09\/Elon-Musk.jpg\" alt=\"\" width=\"440\" height=\"199\" srcset=\"https:\/\/blogs.correiobraziliense.com.br\/ofuturojacomecou\/wp-content\/uploads\/sites\/58\/2020\/09\/Elon-Musk.jpg 334w, https:\/\/blogs.correiobraziliense.com.br\/ofuturojacomecou\/wp-content\/uploads\/sites\/58\/2020\/09\/Elon-Musk-300x136.jpg 300w, https:\/\/blogs.correiobraziliense.com.br\/ofuturojacomecou\/wp-content\/uploads\/sites\/58\/2020\/09\/Elon-Musk-230x104.jpg 230w\" sizes=\"auto, (max-width: 440px) 100vw, 440px\" \/><br \/>\nMas sobre qual Despertar Keanu Reeves se refere, cujo caminho apontado n\u00e3o depende dos recursos financeiros e computacionais? Para quem espera uma resposta concreta vinda do Vale do Sil\u00edcio ou de qualquer outro ecossistema avan\u00e7ado na tem\u00e1tica cient\u00edfica e tecnol\u00f3gica, ele recomenda: <strong><em>&#8220;Coloquem suas carteiras de volta nos bolsos. Isso n\u00e3o tem nada a ver com dinheiro ou computadores. \u00c9 uma mudan\u00e7a espiritual que deveria ser e n\u00e3o por meio de um hacker.&#8221;<\/em><\/strong>Este conselho \u00e9 dirigido especialmente aos Transhumanistas, como Elon Musk, dono da Space X, Tesla e da pol\u00eamica Neuralink, que apresentou recentemente em lan\u00e7amento global, seu chip cerebral para recuperar degenera\u00e7\u00f5es e equiparar o ser humano com a capacidade de processamento de super computadores, sob a alega\u00e7\u00e3o de que este ser\u00e1 o \u00fanico caminho para que o \u201cHomo Sapiens\u201d, prossiga diante da amea\u00e7a da Intelig\u00eancia Artificial. Em 2016, o exc\u00eantrico bilion\u00e1rio, declarou acerca da teoria de que vivemos em uma grande e orquestrada simula\u00e7\u00e3o: <strong><em>\u201cA probabilidade de estarmos na realidade base (o que seria o mundo real) \u00e9 de uma em bilh\u00f5es\u201d. Musk, afirmou tamb\u00e9m: \u201cN\u00e3o somos nada al\u00e9m de personagens de um videogame ou conte\u00fados do HD de algum extraterrestre\u201d<\/em><\/strong>.<\/p>\n<p>Recentemente o Astr\u00f4nomo David Kipping, da Universidade de Columbia, declarou que de fato h\u00e1 50% de chances de que nossa \u201cRealidade Aparente\u201d seja mesmo uma simula\u00e7\u00e3o computacional. Utilizando a analogia da moeda lan\u00e7ada ao alto, Kipping entende que n\u00e3o h\u00e1 meios cient\u00edficos capazes de se comprovar o contr\u00e1rio, o que leva a probabilidade desta possibilidade ter duas faces, a real a irreal.<br \/>\nO Matem\u00e1tico Computacional, Houman Owhadi, do Instituto de Tecnologia da Calif\u00f3rnia, parece concordar com todos eles : <strong><em>\u201cse uma simula\u00e7\u00e3o tem poder computacional infinito, n\u00e3o h\u00e1 como dizer se voc\u00ea est\u00e1 ou n\u00e3o vivendo em uma realidade virtual, porque ela poderia computar o que quiser com qualquer grau de realismo.\u201d<\/em><\/strong><\/p>\n<p><img loading=\"lazy\" decoding=\"async\" class=\"alignnone wp-image-323\" src=\"https:\/\/blogs.correiobraziliense.com.br\/ofuturojacomecou\/wp-content\/uploads\/sites\/58\/2020\/12\/colher-matrix.jpg\" alt=\"\" width=\"456\" height=\"335\" srcset=\"https:\/\/blogs.correiobraziliense.com.br\/ofuturojacomecou\/wp-content\/uploads\/sites\/58\/2020\/12\/colher-matrix.jpg 300w, https:\/\/blogs.correiobraziliense.com.br\/ofuturojacomecou\/wp-content\/uploads\/sites\/58\/2020\/12\/colher-matrix-230x169.jpg 230w\" sizes=\"auto, (max-width: 456px) 100vw, 456px\" \/><\/p>\n<p>At\u00e9 aqui, parece que eminentes pesquisadores, cientistas, bilion\u00e1rios da tecnologia, confirmam o que as escrituras orientais afirmam h\u00e1 milhares de anos. Refiro-me menos a poss\u00edvel teoria da conspira\u00e7\u00e3o de uma manipula\u00e7\u00e3o engendrada por um ser maligno, controlador de sistemas computacionais qu\u00e2nticos a nos aprisionar no \u201cDomo\u201d de nossas consci\u00eancias, mas antes, de que \u00e9 exatamente no Campo da Consci\u00eancia em que as chamadas Realidades: Absoluta e Relativa, s\u00e3o processadas. Pessoalmente, adoro aquela cena em um dos epis\u00f3dios, em que Neo depara-se com um menino-monge em treinamento e o iniciado entorta por completo uma colher, afirmando diante do espanto de seu Observador, de forma interrogativa: \u201cQuem disse que a colher existe?\u201d. Indaga\u00e7\u00f5es sobre a realidade h\u00e1 mil\u00eanios s\u00e3o formuladas por pensadores mais atentos e na atualidade diversos f\u00edsicos tamb\u00e9m passaram a questionar a \u201ccausalidade\u201d.<\/p>\n<p><img loading=\"lazy\" decoding=\"async\" class=\"alignnone wp-image-319\" src=\"https:\/\/blogs.correiobraziliense.com.br\/ofuturojacomecou\/wp-content\/uploads\/sites\/58\/2020\/12\/\u00e1tomo.jpg\" alt=\"\" width=\"475\" height=\"267\" srcset=\"https:\/\/blogs.correiobraziliense.com.br\/ofuturojacomecou\/wp-content\/uploads\/sites\/58\/2020\/12\/\u00e1tomo.jpg 1024w, https:\/\/blogs.correiobraziliense.com.br\/ofuturojacomecou\/wp-content\/uploads\/sites\/58\/2020\/12\/\u00e1tomo-300x169.jpg 300w, https:\/\/blogs.correiobraziliense.com.br\/ofuturojacomecou\/wp-content\/uploads\/sites\/58\/2020\/12\/\u00e1tomo-768x432.jpg 768w, https:\/\/blogs.correiobraziliense.com.br\/ofuturojacomecou\/wp-content\/uploads\/sites\/58\/2020\/12\/\u00e1tomo-800x450.jpg 800w, https:\/\/blogs.correiobraziliense.com.br\/ofuturojacomecou\/wp-content\/uploads\/sites\/58\/2020\/12\/\u00e1tomo-550x309.jpg 550w, https:\/\/blogs.correiobraziliense.com.br\/ofuturojacomecou\/wp-content\/uploads\/sites\/58\/2020\/12\/\u00e1tomo-230x129.jpg 230w\" sizes=\"auto, (max-width: 475px) 100vw, 475px\" \/><br \/>\nA f\u00edsica da improbabilidade ou chamada f\u00edsica das m\u00faltiplas possibilidades, a F\u00edsica Qu\u00e2ntica, foi criada pelo F\u00edsico e <strong><em>Pr\u00eamio Nobel Werner Heinsenberg em 1927<\/em><\/strong>, com o princ\u00edpio matem\u00e1tico demonstrado de que existem pares de vari\u00e1veis que n\u00e3o podem ser medidos com total precis\u00e3o (vari\u00e1veis conjugadas). Trata-se do <strong><em>Princ\u00edpio da Incerteza<\/em> <\/strong>como passou a ser conhecido. Para melhor compreens\u00e3o, a f\u00edsica qu\u00e2ntica est\u00e1 mais voltada \u00e0 quantiza\u00e7\u00e3o de energia verificada nos fen\u00f4menos at\u00f4micos, nas mol\u00e9culas e part\u00edculas subat\u00f4micas enquanto a F\u00edsica cl\u00e1ssica concentra-se na quantiza\u00e7\u00e3o ao n\u00edvel macro. O grande sonho da Ci\u00eancia \u00e9 alcan\u00e7ar a Teoria da Unifica\u00e7\u00e3o em que se possa comprovar os mesmos princ\u00edpios f\u00edsicos, em ambas dimens\u00f5es (macro e micro).<\/p>\n<p>Diversos f\u00edsicos sustentam e outros contestam uma das hip\u00f3teses mais intrigantes, de que a realidade aparente \u00e9 reflexo da mente do Observador! Acreditam que a mente \u00e9 capaz de alterar a vida aparente pelo poder que possui de mudar a disposi\u00e7\u00e3o das part\u00edculas at\u00f4micas, criando o cen\u00e1rio imaginado ou cren\u00e7as, com os quais estamos condicionados por nossos padr\u00f5es de reconhecimento. Este entendimento est\u00e1 alinhado com a afirmativa da Lei da Sintonia em que \u00e9 poss\u00edvel atrair aquilo que se pensa (pessoas, coisas, energias etc). Esta vis\u00e3o transcendente da Vida em que o molde mental com seus arqu\u00e9tipos, valores, cren\u00e7as e padr\u00f5es culturais s\u00e3o entendidos como relativos, provis\u00f3rios, mut\u00e1veis enquanto a percep\u00e7\u00e3o essencial aponta para uma origem eterna, infinita, imut\u00e1vel e Una, reconhece as capacidades cognitivas do pensar, sentir, falar, como vibra\u00e7\u00f5es dotadas de poder materializador de \u201crealidades\u201d. Se assim for, a hip\u00f3tese de vivermos uma Grande Simula\u00e7\u00e3o pode fazer sentido.<\/p>\n<p><img loading=\"lazy\" decoding=\"async\" class=\"alignnone size-full wp-image-321\" src=\"https:\/\/blogs.correiobraziliense.com.br\/ofuturojacomecou\/wp-content\/uploads\/sites\/58\/2020\/12\/Capa-Times-Rift-Palmer.jpg\" alt=\"\" width=\"285\" height=\"380\" srcset=\"https:\/\/blogs.correiobraziliense.com.br\/ofuturojacomecou\/wp-content\/uploads\/sites\/58\/2020\/12\/Capa-Times-Rift-Palmer.jpg 285w, https:\/\/blogs.correiobraziliense.com.br\/ofuturojacomecou\/wp-content\/uploads\/sites\/58\/2020\/12\/Capa-Times-Rift-Palmer-225x300.jpg 225w, https:\/\/blogs.correiobraziliense.com.br\/ofuturojacomecou\/wp-content\/uploads\/sites\/58\/2020\/12\/Capa-Times-Rift-Palmer-230x307.jpg 230w\" sizes=\"auto, (max-width: 285px) 100vw, 285px\" \/><br \/>\nQuando utilizamos um \u00f3culos de realidade virtual, temos uma imensa clareza sobre a relatividade da vida! Nosso c\u00f3rtex recebe imagens, sons e provoca sensa\u00e7\u00f5es como se tratasse de acontecimentos reais. Em 2014, Mark Zuckeberg, fundador do Facebook, controlador do Whatsapp e Instagram, adquiriu a empresa: \u00d3culos VR, fabricante do Rift, um avan\u00e7ado modelo a altura de suas pretens\u00f5es futuras (futuro este que j\u00e1 chegou). Na \u00e9poca, o neg\u00f3cio fechado entre dois jovens, envolveu a bagatela de US$2 bilh\u00f5es. O cheque foi entregue para o fundador da \u00d3culos VR, Palmer Luckey, de pouco mais de 20 anos de idade. Observe a declara\u00e7\u00e3o de Zuckeberg h\u00e1 seis anos atr\u00e1s e veja se percebe alguma coincid\u00eancia com a virtualiza\u00e7\u00e3o da vida, acelerada com o Covid 19 neste ano de 2020: <strong><em>\u201cImagine aproveitar um lugar privilegiado em um est\u00e1dio, estudar em uma sala de aula com outros alunos e professores de todo o mundo ou se consultar com um m\u00e9dico \u2013 tudo isso apenas colocando os \u00f3culos na sua casa\u201d.<\/em><\/strong> O Rift vai al\u00e9m, experi\u00eancias demonstraram que \u00e9 poss\u00edvel te colocar num avi\u00e3o, te vestir com roupa de esqui na neve, ligar o \u00f3culos com a grava\u00e7\u00e3o de uma esta\u00e7\u00e3o como a de Aspen, onde voc\u00ea sentir\u00e1 as sensa\u00e7\u00f5es de frio e oxigena\u00e7\u00e3o, compat\u00edveis com o lugar. Na sequ\u00eancia a experi\u00eancia ser\u00e1 revelada, te surpreendendo por te deslocado fisicamente n\u00e3o para a esta\u00e7\u00e3o fria de Aspen, mas para um deserto, com 50 graus de temperatura na tua cabe\u00e7a. Seu c\u00e9rebro aceita a virtualiza\u00e7\u00e3o como real e seu corpo reage em conformidade com esta falsa realidade, ou seja, sente frio empacotado de roupa em pleno calor do deserto. Que louco, n\u00e3o?<\/p>\n<p><img loading=\"lazy\" decoding=\"async\" class=\"alignnone wp-image-322\" src=\"https:\/\/blogs.correiobraziliense.com.br\/ofuturojacomecou\/wp-content\/uploads\/sites\/58\/2020\/12\/Consci\u00eancia.jpg\" alt=\"\" width=\"462\" height=\"347\" srcset=\"https:\/\/blogs.correiobraziliense.com.br\/ofuturojacomecou\/wp-content\/uploads\/sites\/58\/2020\/12\/Consci\u00eancia.jpg 1920w, https:\/\/blogs.correiobraziliense.com.br\/ofuturojacomecou\/wp-content\/uploads\/sites\/58\/2020\/12\/Consci\u00eancia-300x225.jpg 300w, https:\/\/blogs.correiobraziliense.com.br\/ofuturojacomecou\/wp-content\/uploads\/sites\/58\/2020\/12\/Consci\u00eancia-768x576.jpg 768w, https:\/\/blogs.correiobraziliense.com.br\/ofuturojacomecou\/wp-content\/uploads\/sites\/58\/2020\/12\/Consci\u00eancia-1024x768.jpg 1024w, https:\/\/blogs.correiobraziliense.com.br\/ofuturojacomecou\/wp-content\/uploads\/sites\/58\/2020\/12\/Consci\u00eancia-1440x1080.jpg 1440w, https:\/\/blogs.correiobraziliense.com.br\/ofuturojacomecou\/wp-content\/uploads\/sites\/58\/2020\/12\/Consci\u00eancia-800x600.jpg 800w, https:\/\/blogs.correiobraziliense.com.br\/ofuturojacomecou\/wp-content\/uploads\/sites\/58\/2020\/12\/Consci\u00eancia-550x413.jpg 550w, https:\/\/blogs.correiobraziliense.com.br\/ofuturojacomecou\/wp-content\/uploads\/sites\/58\/2020\/12\/Consci\u00eancia-230x173.jpg 230w\" sizes=\"auto, (max-width: 462px) 100vw, 462px\" \/><br \/>\nH\u00e1 32 anos tenho a honra de aprender na fonte da filosofia oriental, especialmente os ensinamentos do fundador da Seicho-No-Ie, Mestre Masaharu Taniguchi (escreveu mais de 470 Livros) e recentemente, do extraordin\u00e1rio Yogue, mestre Paramahansa Yogananda, fundador da Self-Realization Fellowship. Tenho profunda clareza da relatividade existencial deste mundo projetado e a forma como as leis mentais, nele se manifestam. Compreendo que a espiral evolutiva requer um profundo mergulho interior na dimens\u00e3o essencial do Ser e somente em contato com o \u201cEu\u201d maior, amorfo (sem forma), com o \u201cEu\u201d sist\u00eamico, integrado (mente, corpo e esp\u00edrito), transcendendo as limita\u00e7\u00f5es da compreens\u00e3o do mundo percebido (tridimensional) e dos recursos limitados dos 5 Sentidos (Tato, Paladar, Olfato, Vis\u00e3o e audi\u00e7\u00e3o) \u00e9 que reconectaremos com o Todo Infinito que Somos, com o nosso Uno Essencial! Certamente este \u00e9 o verdadeiro poder que te torna incontrol\u00e1vel pela Matrix. O Despertar de Consci\u00eancia contudo, exige descontruir-se de quem voc\u00ea pensa ser para Ser quem Voc\u00ea \u00c9! Da\u00ed a minha concord\u00e2ncia com Keanu Reeves, quando afirma que hackers, tecnologias e dinheiro n\u00e3o s\u00e3o os instrumentos que conduzir\u00e3o a humanidade \u00e0 sa\u00edda da Matrix, mas sem d\u00favida alguma, a dimens\u00e3o mais antiga, poderosa e original contida em todos n\u00f3s, o Poder da Espiritualidade!<\/p>\n<p>Em 2021, menos toxidade emocional e tecnol\u00f3gica, mais contato com o seu Eu, com a suas infinitas possibilidades, mais harmonia, reconcilia\u00e7\u00e3o, autoestima, f\u00e9, determina\u00e7\u00e3o e acima de tudo alinhamento do seu prop\u00f3sito com o Ser Sist\u00eamico (mente, corpo e esp\u00edrito), em prol do coletivo. Mais Medita\u00e7\u00e3o!\u00a0 N\u00e3o h\u00e1 pris\u00e3o para quem se reconhece ilimitado, capaz e livre e cujos desejos e sentimentos se direcionam verdadeiramente para o Bem Comum.<br \/>\n<a href=\"https:\/\/www.youtube.com\/channel\/UC9Z_C-sOFSZ4K7Cms8M-JtA?view_as=subscriber\">Namastech<\/a><br \/>\n(Acompanhe minhas Redes Sociais: gilbertonamastech)<\/p>\n<p>Video RecomendadO:<\/p>\n<p><iframe loading=\"lazy\" width=\"1440\" height=\"810\" src=\"https:\/\/www.youtube.com\/embed\/8q2PM_UI0Pw?start=19&#038;feature=oembed\" frameborder=\"0\" allow=\"accelerometer; autoplay; clipboard-write; encrypted-media; gyroscope; picture-in-picture\" allowfullscreen><\/iframe><\/p>\n","protected":false},"excerpt":{"rendered":"<p>MATRIX ! Em 21 de Maio de 2021, estreia a quarta edi\u00e7\u00e3o de Matrix, novamente estrelado por Keanu Reeves. Desde 1999, ano de seu lan\u00e7amento, a s\u00e9rie impacta e suscita debates tecnol\u00f3gicos e filos\u00f3ficos pois seu enredo indica a possibilidade de estarmos todos a viver numa \u201cSimula\u00e7\u00e3o da Realidade\u201d. Assim como seu personagem, Neo, o ator parece considerar como verdadeira [&hellip;]<\/p>\n","protected":false},"author":122,"featured_media":0,"comment_status":"open","ping_status":"open","sticky":false,"template":"","format":"standard","meta":{"footnotes":""},"categories":[1],"tags":[3,12,5,2,227,74,233,229,232,231,234,53,228,230],"class_list":["post-302","post","type-post","status-publish","format-standard","hentry","category-sem-categoria","tag-espiritualidade","tag-gilbertonamastech","tag-inteligencia-artificial","tag-namastech","tag-consciencia","tag-digital","tag-elon","tag-fisica","tag-keanu-reeves","tag-matrix","tag-musk","tag-neuralink","tag-quantica","tag-simulacao"],"_links":{"self":[{"href":"https:\/\/blogs.correiobraziliense.com.br\/ofuturojacomecou\/wp-json\/wp\/v2\/posts\/302","targetHints":{"allow":["GET"]}}],"collection":[{"href":"https:\/\/blogs.correiobraziliense.com.br\/ofuturojacomecou\/wp-json\/wp\/v2\/posts"}],"about":[{"href":"https:\/\/blogs.correiobraziliense.com.br\/ofuturojacomecou\/wp-json\/wp\/v2\/types\/post"}],"author":[{"embeddable":true,"href":"https:\/\/blogs.correiobraziliense.com.br\/ofuturojacomecou\/wp-json\/wp\/v2\/users\/122"}],"replies":[{"embeddable":true,"href":"https:\/\/blogs.correiobraziliense.com.br\/ofuturojacomecou\/wp-json\/wp\/v2\/comments?post=302"}],"version-history":[{"count":7,"href":"https:\/\/blogs.correiobraziliense.com.br\/ofuturojacomecou\/wp-json\/wp\/v2\/posts\/302\/revisions"}],"predecessor-version":[{"id":329,"href":"https:\/\/blogs.correiobraziliense.com.br\/ofuturojacomecou\/wp-json\/wp\/v2\/posts\/302\/revisions\/329"}],"wp:attachment":[{"href":"https:\/\/blogs.correiobraziliense.com.br\/ofuturojacomecou\/wp-json\/wp\/v2\/media?parent=302"}],"wp:term":[{"taxonomy":"category","embeddable":true,"href":"https:\/\/blogs.correiobraziliense.com.br\/ofuturojacomecou\/wp-json\/wp\/v2\/categories?post=302"},{"taxonomy":"post_tag","embeddable":true,"href":"https:\/\/blogs.correiobraziliense.com.br\/ofuturojacomecou\/wp-json\/wp\/v2\/tags?post=302"}],"curies":[{"name":"wp","href":"https:\/\/api.w.org\/{rel}","templated":true}]}}