{"id":915,"date":"2025-06-04T20:52:44","date_gmt":"2025-06-04T23:52:44","guid":{"rendered":"https:\/\/blogs.correiobraziliense.com.br\/nosso-parque-da-cidade\/?p=915"},"modified":"2025-06-04T20:54:39","modified_gmt":"2025-06-04T23:54:39","slug":"que-frio","status":"publish","type":"post","link":"https:\/\/blogs.correiobraziliense.com.br\/nosso-parque-da-cidade\/cenas\/que-frio\/","title":{"rendered":"Que frio!!!"},"content":{"rendered":"<p><img loading=\"lazy\" decoding=\"async\" src=\"https:\/\/blogs.correiobraziliense.com.br\/nosso-parque-da-cidade\/wp-content\/uploads\/sites\/69\/2025\/06\/Aves-na-pista-2-1024x827.jpeg\" alt=\"\" width=\"1024\" height=\"827\" class=\"alignnone size-large wp-image-917\" srcset=\"https:\/\/blogs.correiobraziliense.com.br\/nosso-parque-da-cidade\/wp-content\/uploads\/sites\/69\/2025\/06\/Aves-na-pista-2-1024x827.jpeg 1024w, https:\/\/blogs.correiobraziliense.com.br\/nosso-parque-da-cidade\/wp-content\/uploads\/sites\/69\/2025\/06\/Aves-na-pista-2-300x242.jpeg 300w, https:\/\/blogs.correiobraziliense.com.br\/nosso-parque-da-cidade\/wp-content\/uploads\/sites\/69\/2025\/06\/Aves-na-pista-2-768x620.jpeg 768w, https:\/\/blogs.correiobraziliense.com.br\/nosso-parque-da-cidade\/wp-content\/uploads\/sites\/69\/2025\/06\/Aves-na-pista-2-800x646.jpeg 800w, https:\/\/blogs.correiobraziliense.com.br\/nosso-parque-da-cidade\/wp-content\/uploads\/sites\/69\/2025\/06\/Aves-na-pista-2-550x444.jpeg 550w, https:\/\/blogs.correiobraziliense.com.br\/nosso-parque-da-cidade\/wp-content\/uploads\/sites\/69\/2025\/06\/Aves-na-pista-2-230x186.jpeg 230w, https:\/\/blogs.correiobraziliense.com.br\/nosso-parque-da-cidade\/wp-content\/uploads\/sites\/69\/2025\/06\/Aves-na-pista-2.jpeg 1280w\" sizes=\"auto, (max-width: 1024px) 100vw, 1024px\" \/> Aves na pista \/ Foto CV maio de 2025<br \/>\nNas manh\u00e3s frias de Bras\u00edlia nesse outono-inverno, as aves que vivem no lago artificial do Parque da Cidade, invadem as pistas em busca do calor e do sol. Os atletas e praticantes de exerc\u00edcios passam a dividir os espa\u00e7os com eles, muitas vezes se desviando do caminho pra n\u00e3o correrem risco de persegui\u00e7\u00e3o por algum ganso mais arteiro.<\/p>\n","protected":false},"excerpt":{"rendered":"<p>Aves na pista \/ Foto CV maio de 2025 Nas manh\u00e3s frias de Bras\u00edlia nesse outono-inverno, as aves que vivem no lago artificial do Parque da Cidade, invadem as pistas em busca do calor e do sol. Os atletas e praticantes de exerc\u00edcios passam a dividir os espa\u00e7os com eles, muitas vezes se desviando do [&hellip;]<\/p>\n","protected":false},"author":153,"featured_media":920,"comment_status":"open","ping_status":"open","sticky":false,"template":"","format":"standard","meta":{"wpb_read_more":[],"footnotes":""},"categories":[79],"tags":[140,138,139],"class_list":["post-915","post","type-post","status-publish","format-standard","has-post-thumbnail","hentry","category-cenas","tag-avesdoparque","tag-frio","tag-frioembrasilia"],"_links":{"self":[{"href":"https:\/\/blogs.correiobraziliense.com.br\/nosso-parque-da-cidade\/wp-json\/wp\/v2\/posts\/915","targetHints":{"allow":["GET"]}}],"collection":[{"href":"https:\/\/blogs.correiobraziliense.com.br\/nosso-parque-da-cidade\/wp-json\/wp\/v2\/posts"}],"about":[{"href":"https:\/\/blogs.correiobraziliense.com.br\/nosso-parque-da-cidade\/wp-json\/wp\/v2\/types\/post"}],"author":[{"embeddable":true,"href":"https:\/\/blogs.correiobraziliense.com.br\/nosso-parque-da-cidade\/wp-json\/wp\/v2\/users\/153"}],"replies":[{"embeddable":true,"href":"https:\/\/blogs.correiobraziliense.com.br\/nosso-parque-da-cidade\/wp-json\/wp\/v2\/comments?post=915"}],"version-history":[{"count":3,"href":"https:\/\/blogs.correiobraziliense.com.br\/nosso-parque-da-cidade\/wp-json\/wp\/v2\/posts\/915\/revisions"}],"predecessor-version":[{"id":921,"href":"https:\/\/blogs.correiobraziliense.com.br\/nosso-parque-da-cidade\/wp-json\/wp\/v2\/posts\/915\/revisions\/921"}],"wp:featuredmedia":[{"embeddable":true,"href":"https:\/\/blogs.correiobraziliense.com.br\/nosso-parque-da-cidade\/wp-json\/wp\/v2\/media\/920"}],"wp:attachment":[{"href":"https:\/\/blogs.correiobraziliense.com.br\/nosso-parque-da-cidade\/wp-json\/wp\/v2\/media?parent=915"}],"wp:term":[{"taxonomy":"category","embeddable":true,"href":"https:\/\/blogs.correiobraziliense.com.br\/nosso-parque-da-cidade\/wp-json\/wp\/v2\/categories?post=915"},{"taxonomy":"post_tag","embeddable":true,"href":"https:\/\/blogs.correiobraziliense.com.br\/nosso-parque-da-cidade\/wp-json\/wp\/v2\/tags?post=915"}],"curies":[{"name":"wp","href":"https:\/\/api.w.org\/{rel}","templated":true}]}}