{"id":89,"date":"2024-02-21T17:39:03","date_gmt":"2024-02-21T20:39:03","guid":{"rendered":"https:\/\/blogs.correiobraziliense.com.br\/nosso-parque-da-cidade\/?p=89"},"modified":"2024-02-26T20:40:57","modified_gmt":"2024-02-26T23:40:57","slug":"calma-e-cuidado","status":"publish","type":"post","link":"https:\/\/blogs.correiobraziliense.com.br\/nosso-parque-da-cidade\/pessoas\/calma-e-cuidado\/","title":{"rendered":"Calma e cuidado"},"content":{"rendered":"<p>Alexssander Augusto Santos Escossia de Oliveira, 40 anos, um filho.<\/p>\n<p>Alexssander \u00e9 oficial de justi\u00e7a e professor. Nasceu em Goi\u00e2nia, mora em Bras\u00edlia h\u00e1 33 anos, e se considera daqui. A mudan\u00e7a pra capital foi feita por toda a fam\u00edlia. Interrompo o bem organizado piquenique que faz com o filho Lucca, de 7 anos, pra conversar um pouco com ele.<\/p>\n<p>Ele lembra que tinha 6 ou 7 anos quando veio ao Parque pela primeira vez. N\u00e3o recorda qual foi sua primeira impress\u00e3o, mas pra ele o Parque da Cidade \u201c\u00e9 calmaria, \u00e9 contato com a natureza, \u00e9 viver esses momentos em que voc\u00ea deixa todo o mundo parado e refor\u00e7a a fam\u00edlia\u201d.<\/p>\n<figure id=\"attachment_91\" aria-describedby=\"caption-attachment-91\" style=\"width: 1024px\" class=\"wp-caption aligncenter\"><img loading=\"lazy\" decoding=\"async\" class=\"wp-image-91 size-large\" src=\"https:\/\/blogs.correiobraziliense.com.br\/nosso-parque-da-cidade\/wp-content\/uploads\/sites\/69\/2024\/02\/WhatsApp-Image-2024-02-20-at-10.57.44-1024x768.jpeg\" alt=\"Alexssander Augusto\" width=\"1024\" height=\"768\" srcset=\"https:\/\/blogs.correiobraziliense.com.br\/nosso-parque-da-cidade\/wp-content\/uploads\/sites\/69\/2024\/02\/WhatsApp-Image-2024-02-20-at-10.57.44-1024x768.jpeg 1024w, https:\/\/blogs.correiobraziliense.com.br\/nosso-parque-da-cidade\/wp-content\/uploads\/sites\/69\/2024\/02\/WhatsApp-Image-2024-02-20-at-10.57.44-300x225.jpeg 300w, https:\/\/blogs.correiobraziliense.com.br\/nosso-parque-da-cidade\/wp-content\/uploads\/sites\/69\/2024\/02\/WhatsApp-Image-2024-02-20-at-10.57.44-768x576.jpeg 768w, https:\/\/blogs.correiobraziliense.com.br\/nosso-parque-da-cidade\/wp-content\/uploads\/sites\/69\/2024\/02\/WhatsApp-Image-2024-02-20-at-10.57.44-800x600.jpeg 800w, https:\/\/blogs.correiobraziliense.com.br\/nosso-parque-da-cidade\/wp-content\/uploads\/sites\/69\/2024\/02\/WhatsApp-Image-2024-02-20-at-10.57.44-550x413.jpeg 550w, https:\/\/blogs.correiobraziliense.com.br\/nosso-parque-da-cidade\/wp-content\/uploads\/sites\/69\/2024\/02\/WhatsApp-Image-2024-02-20-at-10.57.44-230x173.jpeg 230w, https:\/\/blogs.correiobraziliense.com.br\/nosso-parque-da-cidade\/wp-content\/uploads\/sites\/69\/2024\/02\/WhatsApp-Image-2024-02-20-at-10.57.44.jpeg 1280w\" sizes=\"auto, (max-width: 1024px) 100vw, 1024px\" \/><figcaption id=\"caption-attachment-91\" class=\"wp-caption-text\">Alexssander Augusto e filho Lucca<\/figcaption><\/figure>\n<p>Uma pessoa \u201cmuito fam\u00edlia\u201d, ele se define como \u2018um servidor p\u00fablico, pai, filho, algu\u00e9m que busca o melhor\u201d, o que pra ele significa viver com menos correria, ter mais contato com ele mesmo, com o filho, e com Deus. \u201cEm cada \u00e1rea eu vejo que h\u00e1 um objetivo: no Servi\u00e7o P\u00fablico \u00e9 prestar um servi\u00e7o melhor, como pai, ser o melhor pai do mundo que eu puder ser pra ele, como professor, ser o melhor professor para meus alunos, \u00e9 conseguir dar o meu melhor naquilo que eu me disponho a fazer. No contato com Deus, \u00e9 ler cada vez mais a b\u00edblia, entender mais, e agir conforme se ensina.\u201d<\/p>\n<p>Pergunto pro Alexssander quais s\u00e3o suas preocupa\u00e7\u00f5es na vida e a resposta vem com a mesma voz pausada e o tom de professor:<\/p>\n<p>\u201cEu tento n\u00e3o me preocupar muito, mas a gente precisa ter um olhar mais cuidadoso sobre o futuro quando a gente fala de mundo, sobre aquecimento, sobre viol\u00eancia, cuidado com educa\u00e7\u00e3o, cuidado com a diversidade. Hoje est\u00e1 tudo muito fragilizado, quando um fala que \u00e9 de esquerda o da direita fica raivoso, ou vice e versa. De direita ou da esquerda, as pessoas est\u00e3o fragilizadas, qualquer coisa que voc\u00ea fala, o outro explode. E ent\u00e3o \u00e9 esse cuidado com a pessoa, com o individual, ter menos briga&#8230;t\u00e1 tudo muito belicoso, tudo muito mais raivoso.\u201d<\/p>\n<p>E qual seria o recado que ele gostaria de deixar para o filho Lucca, de 7 anos?<\/p>\n<p>\u201cQue seja um homem, que cuide dos outros, seja educado, inteligente, que busque estudar. A gente sempre est\u00e1 fazendo a leitura de alguns livros e eu mostro pra ele que o que resolve \u00e9 a educa\u00e7\u00e3o.<\/p>\n<p>Certa vez eu ouvi que um pa\u00eds que n\u00e3o investe na educa\u00e7\u00e3o, vai investir em pres\u00eddio. E a gente vive essa realidade: n\u00f3s precisamos investir em pres\u00eddio porque a educa\u00e7\u00e3o \u00e9 muito fr\u00e1gil. Ent\u00e3o o que eu busco deixar pra ele \u00e9 isso, estudo, educa\u00e7\u00e3o, cuidado com o outro, ser melhor a cada dia, e acreditar nele, sempre acreditar que \u00e9 poss\u00edvel.\u201d<\/p>\n<p>A necessidade de uma vis\u00e3o positiva, a import\u00e2ncia da cren\u00e7a em si mesmo e a f\u00e9 na vida, \u00e9 o recado geral de Alexssander:<\/p>\n<p>\u201cAcredite! Acreditar \u00e9 o primeiro passo. Primeiro acreditar, depois realizar. Muitas vezes a gente quer realizar sem acreditar, s\u00f3 que acreditar \u00e9 o primeiro passo. Por isso acredite, a\u00ed voc\u00ea vai de pouquinho a pouquinho conseguir realizar.\u201d<\/p>\n<figure id=\"attachment_92\" aria-describedby=\"caption-attachment-92\" style=\"width: 812px\" class=\"wp-caption aligncenter\"><img loading=\"lazy\" decoding=\"async\" class=\"wp-image-92 size-large\" src=\"https:\/\/blogs.correiobraziliense.com.br\/nosso-parque-da-cidade\/wp-content\/uploads\/sites\/69\/2024\/02\/WhatsApp-Image-2024-02-20-at-10.57.44-1-812x1024.jpeg\" alt=\"Alexssander Augusto\" width=\"812\" height=\"1024\" srcset=\"https:\/\/blogs.correiobraziliense.com.br\/nosso-parque-da-cidade\/wp-content\/uploads\/sites\/69\/2024\/02\/WhatsApp-Image-2024-02-20-at-10.57.44-1.jpeg 812w, https:\/\/blogs.correiobraziliense.com.br\/nosso-parque-da-cidade\/wp-content\/uploads\/sites\/69\/2024\/02\/WhatsApp-Image-2024-02-20-at-10.57.44-1-238x300.jpeg 238w, https:\/\/blogs.correiobraziliense.com.br\/nosso-parque-da-cidade\/wp-content\/uploads\/sites\/69\/2024\/02\/WhatsApp-Image-2024-02-20-at-10.57.44-1-768x969.jpeg 768w, https:\/\/blogs.correiobraziliense.com.br\/nosso-parque-da-cidade\/wp-content\/uploads\/sites\/69\/2024\/02\/WhatsApp-Image-2024-02-20-at-10.57.44-1-800x1009.jpeg 800w, https:\/\/blogs.correiobraziliense.com.br\/nosso-parque-da-cidade\/wp-content\/uploads\/sites\/69\/2024\/02\/WhatsApp-Image-2024-02-20-at-10.57.44-1-550x694.jpeg 550w, https:\/\/blogs.correiobraziliense.com.br\/nosso-parque-da-cidade\/wp-content\/uploads\/sites\/69\/2024\/02\/WhatsApp-Image-2024-02-20-at-10.57.44-1-230x290.jpeg 230w\" sizes=\"auto, (max-width: 812px) 100vw, 812px\" \/><figcaption id=\"caption-attachment-92\" class=\"wp-caption-text\">Alexssander Augusto e Lucca<\/figcaption><\/figure>\n","protected":false},"excerpt":{"rendered":"<p>Alexssander Augusto Santos Escossia de Oliveira, 40 anos, um filho. Alexssander \u00e9 oficial de justi\u00e7a e professor. Nasceu em Goi\u00e2nia, mora em Bras\u00edlia h\u00e1 33 anos, e se considera daqui. A mudan\u00e7a pra capital foi feita por toda a fam\u00edlia. Interrompo o bem organizado piquenique que faz com o filho Lucca, de 7 anos, pra [&hellip;]<\/p>\n","protected":false},"author":153,"featured_media":90,"comment_status":"open","ping_status":"open","sticky":false,"template":"","format":"standard","meta":{"wpb_read_more":[],"footnotes":""},"categories":[7],"tags":[],"class_list":["post-89","post","type-post","status-publish","format-standard","has-post-thumbnail","hentry","category-pessoas"],"_links":{"self":[{"href":"https:\/\/blogs.correiobraziliense.com.br\/nosso-parque-da-cidade\/wp-json\/wp\/v2\/posts\/89","targetHints":{"allow":["GET"]}}],"collection":[{"href":"https:\/\/blogs.correiobraziliense.com.br\/nosso-parque-da-cidade\/wp-json\/wp\/v2\/posts"}],"about":[{"href":"https:\/\/blogs.correiobraziliense.com.br\/nosso-parque-da-cidade\/wp-json\/wp\/v2\/types\/post"}],"author":[{"embeddable":true,"href":"https:\/\/blogs.correiobraziliense.com.br\/nosso-parque-da-cidade\/wp-json\/wp\/v2\/users\/153"}],"replies":[{"embeddable":true,"href":"https:\/\/blogs.correiobraziliense.com.br\/nosso-parque-da-cidade\/wp-json\/wp\/v2\/comments?post=89"}],"version-history":[{"count":6,"href":"https:\/\/blogs.correiobraziliense.com.br\/nosso-parque-da-cidade\/wp-json\/wp\/v2\/posts\/89\/revisions"}],"predecessor-version":[{"id":100,"href":"https:\/\/blogs.correiobraziliense.com.br\/nosso-parque-da-cidade\/wp-json\/wp\/v2\/posts\/89\/revisions\/100"}],"wp:featuredmedia":[{"embeddable":true,"href":"https:\/\/blogs.correiobraziliense.com.br\/nosso-parque-da-cidade\/wp-json\/wp\/v2\/media\/90"}],"wp:attachment":[{"href":"https:\/\/blogs.correiobraziliense.com.br\/nosso-parque-da-cidade\/wp-json\/wp\/v2\/media?parent=89"}],"wp:term":[{"taxonomy":"category","embeddable":true,"href":"https:\/\/blogs.correiobraziliense.com.br\/nosso-parque-da-cidade\/wp-json\/wp\/v2\/categories?post=89"},{"taxonomy":"post_tag","embeddable":true,"href":"https:\/\/blogs.correiobraziliense.com.br\/nosso-parque-da-cidade\/wp-json\/wp\/v2\/tags?post=89"}],"curies":[{"name":"wp","href":"https:\/\/api.w.org\/{rel}","templated":true}]}}