{"id":866,"date":"2025-05-02T20:34:22","date_gmt":"2025-05-02T23:34:22","guid":{"rendered":"https:\/\/blogs.correiobraziliense.com.br\/nosso-parque-da-cidade\/?p=866"},"modified":"2025-05-03T22:41:18","modified_gmt":"2025-05-04T01:41:18","slug":"temporada-de-seca-adiada","status":"publish","type":"post","link":"https:\/\/blogs.correiobraziliense.com.br\/nosso-parque-da-cidade\/acontece\/temporada-de-seca-adiada\/","title":{"rendered":"Temporada de seca adiada?"},"content":{"rendered":"<p>\u00c9 senso comum que o brasiliense gosta de falar sobre o clima, principalmente sobre as chuvas e a seca, os per\u00edodos mais definidos na geografia do Cerrado. Historicamente, no Distrito Federal, os meses de maio a setembro s\u00e3o definidos como \u00e9poca da seca, e de outubro a abril como \u00e9poca das chuvas.<br \/>\nComparando-se com os pa\u00edses do hemisf\u00e9rio Norte, costuma-se afirmar que no Brasil n\u00e3o h\u00e1 esta\u00e7\u00f5es t\u00e3o definidas, mas dentro desses marcos das chuvas e da seca, temos em Bras\u00edlia uma ou duas semanas de frio e uma ou duas semanas de muito calor, mas tamb\u00e9m sinais percept\u00edveis das quatro esta\u00e7\u00f5es, como j\u00e1 podemos sentir com as temperaturas mais amenas e o vento fresco das manh\u00e3s, avisando sobre a chegada do outono.<br \/>\nA emerg\u00eancia clim\u00e1tica tem mudado tudo, embaralhado o calend\u00e1rio, intensificado os fen\u00f4menos meteorol\u00f3gicos, como aconteceu com o recorde de 166 dias de seca em 2024.<br \/>\nCom raras exce\u00e7\u00f5es, no feriado de 1 de maio, Dia do Trabalhador, dia que representa uma data de luta e conquistas dos trabalhadores, que tamb\u00e9m se torna um momento de descanso, \u00e9 decretado o in\u00edcio da temporada de seca na capital, quando uma multid\u00e3o de brasilienses ocupa o Parque da Cidade para vivenciar um dia de sol, de lazer, divers\u00e3o e conex\u00e3o com a natureza, como j\u00e1 abordei aqui em post anterior.<br \/>\nEntretanto, n\u00e3o foi o que aconteceu neste ano. <\/p>\n<figure id=\"attachment_868\" aria-describedby=\"caption-attachment-868\" style=\"width: 1024px\" class=\"wp-caption alignnone\"><img loading=\"lazy\" decoding=\"async\" src=\"https:\/\/blogs.correiobraziliense.com.br\/nosso-parque-da-cidade\/wp-content\/uploads\/sites\/69\/2025\/05\/Parque-verdinho-1024x768.jpeg\" alt=\"\" width=\"1024\" height=\"768\" class=\"size-large wp-image-868\" srcset=\"https:\/\/blogs.correiobraziliense.com.br\/nosso-parque-da-cidade\/wp-content\/uploads\/sites\/69\/2025\/05\/Parque-verdinho-1024x768.jpeg 1024w, https:\/\/blogs.correiobraziliense.com.br\/nosso-parque-da-cidade\/wp-content\/uploads\/sites\/69\/2025\/05\/Parque-verdinho-300x225.jpeg 300w, https:\/\/blogs.correiobraziliense.com.br\/nosso-parque-da-cidade\/wp-content\/uploads\/sites\/69\/2025\/05\/Parque-verdinho-768x576.jpeg 768w, https:\/\/blogs.correiobraziliense.com.br\/nosso-parque-da-cidade\/wp-content\/uploads\/sites\/69\/2025\/05\/Parque-verdinho-800x600.jpeg 800w, https:\/\/blogs.correiobraziliense.com.br\/nosso-parque-da-cidade\/wp-content\/uploads\/sites\/69\/2025\/05\/Parque-verdinho-550x413.jpeg 550w, https:\/\/blogs.correiobraziliense.com.br\/nosso-parque-da-cidade\/wp-content\/uploads\/sites\/69\/2025\/05\/Parque-verdinho-230x173.jpeg 230w, https:\/\/blogs.correiobraziliense.com.br\/nosso-parque-da-cidade\/wp-content\/uploads\/sites\/69\/2025\/05\/Parque-verdinho.jpeg 1280w\" sizes=\"auto, (max-width: 1024px) 100vw, 1024px\" \/><figcaption id=\"caption-attachment-868\" class=\"wp-caption-text\">A seca parece longe \/ Foto CV 1 de maio de 2025<\/figcaption><\/figure>\n<figure id=\"attachment_870\" aria-describedby=\"caption-attachment-870\" style=\"width: 1024px\" class=\"wp-caption alignnone\"><img loading=\"lazy\" decoding=\"async\" src=\"https:\/\/blogs.correiobraziliense.com.br\/nosso-parque-da-cidade\/wp-content\/uploads\/sites\/69\/2025\/05\/Poucos-piqueniques-1024x768.jpeg\" alt=\"\" width=\"1024\" height=\"768\" class=\"size-large wp-image-870\" srcset=\"https:\/\/blogs.correiobraziliense.com.br\/nosso-parque-da-cidade\/wp-content\/uploads\/sites\/69\/2025\/05\/Poucos-piqueniques-1024x768.jpeg 1024w, https:\/\/blogs.correiobraziliense.com.br\/nosso-parque-da-cidade\/wp-content\/uploads\/sites\/69\/2025\/05\/Poucos-piqueniques-300x225.jpeg 300w, https:\/\/blogs.correiobraziliense.com.br\/nosso-parque-da-cidade\/wp-content\/uploads\/sites\/69\/2025\/05\/Poucos-piqueniques-768x576.jpeg 768w, https:\/\/blogs.correiobraziliense.com.br\/nosso-parque-da-cidade\/wp-content\/uploads\/sites\/69\/2025\/05\/Poucos-piqueniques-800x600.jpeg 800w, https:\/\/blogs.correiobraziliense.com.br\/nosso-parque-da-cidade\/wp-content\/uploads\/sites\/69\/2025\/05\/Poucos-piqueniques-550x413.jpeg 550w, https:\/\/blogs.correiobraziliense.com.br\/nosso-parque-da-cidade\/wp-content\/uploads\/sites\/69\/2025\/05\/Poucos-piqueniques-230x173.jpeg 230w, https:\/\/blogs.correiobraziliense.com.br\/nosso-parque-da-cidade\/wp-content\/uploads\/sites\/69\/2025\/05\/Poucos-piqueniques.jpeg 1280w\" sizes=\"auto, (max-width: 1024px) 100vw, 1024px\" \/><figcaption id=\"caption-attachment-870\" class=\"wp-caption-text\">Poucos piqueniques no feriado\/ Foto CV 1 de maio 2025<\/figcaption><\/figure>\n<figure id=\"attachment_871\" aria-describedby=\"caption-attachment-871\" style=\"width: 1024px\" class=\"wp-caption alignnone\"><img loading=\"lazy\" decoding=\"async\" src=\"https:\/\/blogs.correiobraziliense.com.br\/nosso-parque-da-cidade\/wp-content\/uploads\/sites\/69\/2025\/05\/Poucos-picnic-com-tenda-1024x926.jpeg\" alt=\"\" width=\"1024\" height=\"926\" class=\"size-large wp-image-871\" srcset=\"https:\/\/blogs.correiobraziliense.com.br\/nosso-parque-da-cidade\/wp-content\/uploads\/sites\/69\/2025\/05\/Poucos-picnic-com-tenda-1024x926.jpeg 1024w, https:\/\/blogs.correiobraziliense.com.br\/nosso-parque-da-cidade\/wp-content\/uploads\/sites\/69\/2025\/05\/Poucos-picnic-com-tenda-300x271.jpeg 300w, https:\/\/blogs.correiobraziliense.com.br\/nosso-parque-da-cidade\/wp-content\/uploads\/sites\/69\/2025\/05\/Poucos-picnic-com-tenda-768x695.jpeg 768w, https:\/\/blogs.correiobraziliense.com.br\/nosso-parque-da-cidade\/wp-content\/uploads\/sites\/69\/2025\/05\/Poucos-picnic-com-tenda-800x724.jpeg 800w, https:\/\/blogs.correiobraziliense.com.br\/nosso-parque-da-cidade\/wp-content\/uploads\/sites\/69\/2025\/05\/Poucos-picnic-com-tenda-550x498.jpeg 550w, https:\/\/blogs.correiobraziliense.com.br\/nosso-parque-da-cidade\/wp-content\/uploads\/sites\/69\/2025\/05\/Poucos-picnic-com-tenda-230x208.jpeg 230w, https:\/\/blogs.correiobraziliense.com.br\/nosso-parque-da-cidade\/wp-content\/uploads\/sites\/69\/2025\/05\/Poucos-picnic-com-tenda.jpeg 1132w\" sizes=\"auto, (max-width: 1024px) 100vw, 1024px\" \/><figcaption id=\"caption-attachment-871\" class=\"wp-caption-text\">Tinha at\u00e9 tenda contra a chuva\/ Foto CV 1 de maio 2025<\/figcaption><\/figure>\n<p>As chuvas di\u00e1rias se estenderam no final de abril e atingiram o feriado em cheio. E como tudo que acontece em Bras\u00edlia, o adiamento da seca foi tamb\u00e9m sentido no Parque.<br \/>\nO dia come\u00e7ou frio, nublado, com uma chuva fina, que durou o in\u00edcio da manh\u00e3 e afastou os milhares de frequentadores do local dos tradicionais piqueniques e churrascos que acontecem na data.<\/p>\n<p><img loading=\"lazy\" decoding=\"async\" src=\"https:\/\/blogs.correiobraziliense.com.br\/nosso-parque-da-cidade\/wp-content\/uploads\/sites\/69\/2025\/05\/Cad\u00ea-as-fam\u00edlias-1024x646.jpeg\" alt=\"\" width=\"1024\" height=\"646\" class=\"alignnone size-large wp-image-869\" srcset=\"https:\/\/blogs.correiobraziliense.com.br\/nosso-parque-da-cidade\/wp-content\/uploads\/sites\/69\/2025\/05\/Cad\u00ea-as-fam\u00edlias-1024x646.jpeg 1024w, https:\/\/blogs.correiobraziliense.com.br\/nosso-parque-da-cidade\/wp-content\/uploads\/sites\/69\/2025\/05\/Cad\u00ea-as-fam\u00edlias-300x189.jpeg 300w, https:\/\/blogs.correiobraziliense.com.br\/nosso-parque-da-cidade\/wp-content\/uploads\/sites\/69\/2025\/05\/Cad\u00ea-as-fam\u00edlias-768x484.jpeg 768w, https:\/\/blogs.correiobraziliense.com.br\/nosso-parque-da-cidade\/wp-content\/uploads\/sites\/69\/2025\/05\/Cad\u00ea-as-fam\u00edlias-800x504.jpeg 800w, https:\/\/blogs.correiobraziliense.com.br\/nosso-parque-da-cidade\/wp-content\/uploads\/sites\/69\/2025\/05\/Cad\u00ea-as-fam\u00edlias-550x347.jpeg 550w, https:\/\/blogs.correiobraziliense.com.br\/nosso-parque-da-cidade\/wp-content\/uploads\/sites\/69\/2025\/05\/Cad\u00ea-as-fam\u00edlias-230x145.jpeg 230w, https:\/\/blogs.correiobraziliense.com.br\/nosso-parque-da-cidade\/wp-content\/uploads\/sites\/69\/2025\/05\/Cad\u00ea-as-fam\u00edlias.jpeg 1280w\" sizes=\"auto, (max-width: 1024px) 100vw, 1024px\" \/>  \u00c1rea de encontro de fam\u00edlias e amigos \/ Foto CV 1 de maio 2025<\/p>\n<p>Com a mudan\u00e7a no clima, o car\u00e1ter festivo desse dia foi pouco sentido e o 1 de maio no Parque da Cidade pareceu um domingo de fevereiro, com muitos praticantes de esportes nas pistas, mas com  bem menos grupos de trabalhadores, fam\u00edlias e religiosos reunidos.<br \/>\n<figure id=\"attachment_872\" aria-describedby=\"caption-attachment-872\" style=\"width: 1024px\" class=\"wp-caption alignnone\"><img loading=\"lazy\" decoding=\"async\" src=\"https:\/\/blogs.correiobraziliense.com.br\/nosso-parque-da-cidade\/wp-content\/uploads\/sites\/69\/2025\/05\/Pista-lotada-melhro-1024x768.jpeg\" alt=\"\" width=\"1024\" height=\"768\" class=\"size-large wp-image-872\" srcset=\"https:\/\/blogs.correiobraziliense.com.br\/nosso-parque-da-cidade\/wp-content\/uploads\/sites\/69\/2025\/05\/Pista-lotada-melhro-1024x768.jpeg 1024w, https:\/\/blogs.correiobraziliense.com.br\/nosso-parque-da-cidade\/wp-content\/uploads\/sites\/69\/2025\/05\/Pista-lotada-melhro-300x225.jpeg 300w, https:\/\/blogs.correiobraziliense.com.br\/nosso-parque-da-cidade\/wp-content\/uploads\/sites\/69\/2025\/05\/Pista-lotada-melhro-768x576.jpeg 768w, https:\/\/blogs.correiobraziliense.com.br\/nosso-parque-da-cidade\/wp-content\/uploads\/sites\/69\/2025\/05\/Pista-lotada-melhro-800x600.jpeg 800w, https:\/\/blogs.correiobraziliense.com.br\/nosso-parque-da-cidade\/wp-content\/uploads\/sites\/69\/2025\/05\/Pista-lotada-melhro-550x413.jpeg 550w, https:\/\/blogs.correiobraziliense.com.br\/nosso-parque-da-cidade\/wp-content\/uploads\/sites\/69\/2025\/05\/Pista-lotada-melhro-230x173.jpeg 230w, https:\/\/blogs.correiobraziliense.com.br\/nosso-parque-da-cidade\/wp-content\/uploads\/sites\/69\/2025\/05\/Pista-lotada-melhro.jpeg 1280w\" sizes=\"auto, (max-width: 1024px) 100vw, 1024px\" \/><figcaption id=\"caption-attachment-872\" class=\"wp-caption-text\">Praticantes de esportes em peso\/ Foto CV 1 de maio 2025<\/figcaption><\/figure><\/p>\n<figure id=\"attachment_873\" aria-describedby=\"caption-attachment-873\" style=\"width: 1024px\" class=\"wp-caption alignnone\"><img loading=\"lazy\" decoding=\"async\" src=\"https:\/\/blogs.correiobraziliense.com.br\/nosso-parque-da-cidade\/wp-content\/uploads\/sites\/69\/2025\/05\/Muita-gente-1024x768.jpeg\" alt=\"\" width=\"1024\" height=\"768\" class=\"size-large wp-image-873\" srcset=\"https:\/\/blogs.correiobraziliense.com.br\/nosso-parque-da-cidade\/wp-content\/uploads\/sites\/69\/2025\/05\/Muita-gente-1024x768.jpeg 1024w, https:\/\/blogs.correiobraziliense.com.br\/nosso-parque-da-cidade\/wp-content\/uploads\/sites\/69\/2025\/05\/Muita-gente-300x225.jpeg 300w, https:\/\/blogs.correiobraziliense.com.br\/nosso-parque-da-cidade\/wp-content\/uploads\/sites\/69\/2025\/05\/Muita-gente-768x576.jpeg 768w, https:\/\/blogs.correiobraziliense.com.br\/nosso-parque-da-cidade\/wp-content\/uploads\/sites\/69\/2025\/05\/Muita-gente-800x600.jpeg 800w, https:\/\/blogs.correiobraziliense.com.br\/nosso-parque-da-cidade\/wp-content\/uploads\/sites\/69\/2025\/05\/Muita-gente-550x413.jpeg 550w, https:\/\/blogs.correiobraziliense.com.br\/nosso-parque-da-cidade\/wp-content\/uploads\/sites\/69\/2025\/05\/Muita-gente-230x173.jpeg 230w, https:\/\/blogs.correiobraziliense.com.br\/nosso-parque-da-cidade\/wp-content\/uploads\/sites\/69\/2025\/05\/Muita-gente.jpeg 1280w\" sizes=\"auto, (max-width: 1024px) 100vw, 1024px\" \/><figcaption id=\"caption-attachment-873\" class=\"wp-caption-text\">Como um domingo \/ Foto CV 1 de maio 2025<\/figcaption><\/figure>\n<p>Parece que o in\u00edcio da estiagem vai ser empurrado mais pra frente, pois previs\u00f5es para o m\u00eas \u00e9 de chuvas ainda, mesmo espa\u00e7adas, com redu\u00e7\u00e3o de temperatura e ar mais seco. Um clima bastante prop\u00edcio para as atividades ao ar livre e para aproveitar tudo o que o Parque tem a oferecer.<br \/>\nMas fica a pergunta no ar: neste ano de 2025, quando ser\u00e1 comemorado a chegada da seca com encontros, festa e muitas atividades de lazer ao ar livre, durante todo o dia no Parque da Cidade e, consequentemente, decretado para toda Bras\u00edlia?<br \/>\nVem a\u00ed o Dia das M\u00e3es ou, se a seca for mesmo adiada, seu in\u00edcio simb\u00f3lico ficar\u00e1 para o feriado de Corpus Christi, em 18 de junho.<br \/>\n<figure id=\"attachment_874\" aria-describedby=\"caption-attachment-874\" style=\"width: 1024px\" class=\"wp-caption alignnone\"><img loading=\"lazy\" decoding=\"async\" src=\"https:\/\/blogs.correiobraziliense.com.br\/nosso-parque-da-cidade\/wp-content\/uploads\/sites\/69\/2025\/05\/INMET-1024x783.jpeg\" alt=\"\" width=\"1024\" height=\"783\" class=\"size-large wp-image-874\" srcset=\"https:\/\/blogs.correiobraziliense.com.br\/nosso-parque-da-cidade\/wp-content\/uploads\/sites\/69\/2025\/05\/INMET-1024x783.jpeg 1024w, https:\/\/blogs.correiobraziliense.com.br\/nosso-parque-da-cidade\/wp-content\/uploads\/sites\/69\/2025\/05\/INMET-300x229.jpeg 300w, https:\/\/blogs.correiobraziliense.com.br\/nosso-parque-da-cidade\/wp-content\/uploads\/sites\/69\/2025\/05\/INMET-768x587.jpeg 768w, https:\/\/blogs.correiobraziliense.com.br\/nosso-parque-da-cidade\/wp-content\/uploads\/sites\/69\/2025\/05\/INMET-800x612.jpeg 800w, https:\/\/blogs.correiobraziliense.com.br\/nosso-parque-da-cidade\/wp-content\/uploads\/sites\/69\/2025\/05\/INMET-550x421.jpeg 550w, https:\/\/blogs.correiobraziliense.com.br\/nosso-parque-da-cidade\/wp-content\/uploads\/sites\/69\/2025\/05\/INMET-230x176.jpeg 230w, https:\/\/blogs.correiobraziliense.com.br\/nosso-parque-da-cidade\/wp-content\/uploads\/sites\/69\/2025\/05\/INMET.jpeg 1170w\" sizes=\"auto, (max-width: 1024px) 100vw, 1024px\" \/><figcaption id=\"caption-attachment-874\" class=\"wp-caption-text\">Quando a seca chega mesmo  segundo o INMET<\/figcaption><\/figure><\/p>\n","protected":false},"excerpt":{"rendered":"<p>\u00c9 senso comum que o brasiliense gosta de falar sobre o clima, principalmente sobre as chuvas e a seca, os per\u00edodos mais definidos na geografia do Cerrado. Historicamente, no Distrito Federal, os meses de maio a setembro s\u00e3o definidos como \u00e9poca da seca, e de outubro a abril como \u00e9poca das chuvas. Comparando-se com os [&hellip;]<\/p>\n","protected":false},"author":153,"featured_media":867,"comment_status":"open","ping_status":"open","sticky":false,"template":"","format":"standard","meta":{"wpb_read_more":[],"footnotes":""},"categories":[4],"tags":[19,127,20,21],"class_list":["post-866","post","type-post","status-publish","format-standard","has-post-thumbnail","hentry","category-acontece","tag-1demaio","tag-iniciodaseca-chuvas","tag-seca","tag-feriado"],"_links":{"self":[{"href":"https:\/\/blogs.correiobraziliense.com.br\/nosso-parque-da-cidade\/wp-json\/wp\/v2\/posts\/866","targetHints":{"allow":["GET"]}}],"collection":[{"href":"https:\/\/blogs.correiobraziliense.com.br\/nosso-parque-da-cidade\/wp-json\/wp\/v2\/posts"}],"about":[{"href":"https:\/\/blogs.correiobraziliense.com.br\/nosso-parque-da-cidade\/wp-json\/wp\/v2\/types\/post"}],"author":[{"embeddable":true,"href":"https:\/\/blogs.correiobraziliense.com.br\/nosso-parque-da-cidade\/wp-json\/wp\/v2\/users\/153"}],"replies":[{"embeddable":true,"href":"https:\/\/blogs.correiobraziliense.com.br\/nosso-parque-da-cidade\/wp-json\/wp\/v2\/comments?post=866"}],"version-history":[{"count":5,"href":"https:\/\/blogs.correiobraziliense.com.br\/nosso-parque-da-cidade\/wp-json\/wp\/v2\/posts\/866\/revisions"}],"predecessor-version":[{"id":880,"href":"https:\/\/blogs.correiobraziliense.com.br\/nosso-parque-da-cidade\/wp-json\/wp\/v2\/posts\/866\/revisions\/880"}],"wp:featuredmedia":[{"embeddable":true,"href":"https:\/\/blogs.correiobraziliense.com.br\/nosso-parque-da-cidade\/wp-json\/wp\/v2\/media\/867"}],"wp:attachment":[{"href":"https:\/\/blogs.correiobraziliense.com.br\/nosso-parque-da-cidade\/wp-json\/wp\/v2\/media?parent=866"}],"wp:term":[{"taxonomy":"category","embeddable":true,"href":"https:\/\/blogs.correiobraziliense.com.br\/nosso-parque-da-cidade\/wp-json\/wp\/v2\/categories?post=866"},{"taxonomy":"post_tag","embeddable":true,"href":"https:\/\/blogs.correiobraziliense.com.br\/nosso-parque-da-cidade\/wp-json\/wp\/v2\/tags?post=866"}],"curies":[{"name":"wp","href":"https:\/\/api.w.org\/{rel}","templated":true}]}}