{"id":817,"date":"2025-03-06T21:55:58","date_gmt":"2025-03-07T00:55:58","guid":{"rendered":"https:\/\/blogs.correiobraziliense.com.br\/nosso-parque-da-cidade\/?p=817"},"modified":"2025-03-07T10:21:51","modified_gmt":"2025-03-07T13:21:51","slug":"e-preciso-cuidar-e-ocupar-a-praca-do-ciclista-de-brasilia","status":"publish","type":"post","link":"https:\/\/blogs.correiobraziliense.com.br\/nosso-parque-da-cidade\/voce-sabia\/e-preciso-cuidar-e-ocupar-a-praca-do-ciclista-de-brasilia\/","title":{"rendered":"\u00c9 preciso cuidar e ocupar a Pra\u00e7a do Ciclista de Bras\u00edlia"},"content":{"rendered":"<p>Como acontece em v\u00e1rias cidades no pa\u00eds, Bras\u00edlia tamb\u00e9m tem uma Pra\u00e7a do Ciclista. Inaugurada em mar\u00e7o de 2022, como resultado da parceria entre grupo de praticantes de ciclismo e empres\u00e1rios, por meio do projeto Adote Uma Pra\u00e7a, a Pra\u00e7a do Ciclista da capital est\u00e1 localizada no Parque da Cidade, na altura do Estacionamento 11, numa \u00e1rea bastante espa\u00e7osa, pr\u00f3xima do lago artificial. <\/p>\n<p>Da mesma forma que aconteceu em cidades como S\u00e3o Paulo, Fortaleza, Curitiba e Belo Horizonte, entre tantas outras, a ideia de ter uma pra\u00e7a do ciclista surgiu a partir do interesse da comunidade e de ativistas defensores da bicicleta como meio de transporte de chamar aten\u00e7\u00e3o para a bicicleta como importante op\u00e7\u00e3o de mobilidade urbana e, principalmente, de ser um ponto de encontro de praticantes.<\/p>\n<p>Com 420 mil metros quadrados de \u00e1rea, uma pista de 10 km exclusiva para ciclos e bastante espa\u00e7o a ser ocupado, al\u00e9m da excelente localiza\u00e7\u00e3o, nenhum lugar poderia parecer mais adequado para instala\u00e7\u00e3o de uma pra\u00e7a dessa natureza como o Parque da Cidade.<\/p>\n<p>Assim, foi idealizada a Pra\u00e7a do Ciclista, decorada com partes de bicicletas antigas pintadas, com biciclet\u00e1rios de ch\u00e3o e bancos para descanso.<br \/>\nE apesar de estar em um local arborizado, ao redor da pra\u00e7a tamb\u00e9m foram plantados ip\u00eas-amarelos em formato circular, que v\u00e3o fazer parte do espet\u00e1culo dos ip\u00eas na temporada da seca, daqui a alguns anos.<br \/>\n<figure id=\"attachment_819\" aria-describedby=\"caption-attachment-819\" style=\"width: 1024px\" class=\"wp-caption alignnone\"><img loading=\"lazy\" decoding=\"async\" src=\"https:\/\/blogs.correiobraziliense.com.br\/nosso-parque-da-cidade\/wp-content\/uploads\/sites\/69\/2025\/03\/Quadro-bici-1024x768.jpeg\" alt=\"\" width=\"1024\" height=\"768\" class=\"size-large wp-image-819\" srcset=\"https:\/\/blogs.correiobraziliense.com.br\/nosso-parque-da-cidade\/wp-content\/uploads\/sites\/69\/2025\/03\/Quadro-bici-1024x768.jpeg 1024w, https:\/\/blogs.correiobraziliense.com.br\/nosso-parque-da-cidade\/wp-content\/uploads\/sites\/69\/2025\/03\/Quadro-bici-300x225.jpeg 300w, https:\/\/blogs.correiobraziliense.com.br\/nosso-parque-da-cidade\/wp-content\/uploads\/sites\/69\/2025\/03\/Quadro-bici-768x576.jpeg 768w, https:\/\/blogs.correiobraziliense.com.br\/nosso-parque-da-cidade\/wp-content\/uploads\/sites\/69\/2025\/03\/Quadro-bici-800x600.jpeg 800w, https:\/\/blogs.correiobraziliense.com.br\/nosso-parque-da-cidade\/wp-content\/uploads\/sites\/69\/2025\/03\/Quadro-bici-550x413.jpeg 550w, https:\/\/blogs.correiobraziliense.com.br\/nosso-parque-da-cidade\/wp-content\/uploads\/sites\/69\/2025\/03\/Quadro-bici-230x173.jpeg 230w, https:\/\/blogs.correiobraziliense.com.br\/nosso-parque-da-cidade\/wp-content\/uploads\/sites\/69\/2025\/03\/Quadro-bici.jpeg 1280w\" sizes=\"auto, (max-width: 1024px) 100vw, 1024px\" \/><figcaption id=\"caption-attachment-819\" class=\"wp-caption-text\">Parte de bicicleta da Pra\u00e7a \/ Foto CV Fev 2025<\/figcaption><\/figure><\/p>\n<figure id=\"attachment_820\" aria-describedby=\"caption-attachment-820\" style=\"width: 1024px\" class=\"wp-caption alignnone\"><img loading=\"lazy\" decoding=\"async\" src=\"https:\/\/blogs.correiobraziliense.com.br\/nosso-parque-da-cidade\/wp-content\/uploads\/sites\/69\/2025\/03\/Bici-adulto-1024x768.jpeg\" alt=\"\" width=\"1024\" height=\"768\" class=\"size-large wp-image-820\" srcset=\"https:\/\/blogs.correiobraziliense.com.br\/nosso-parque-da-cidade\/wp-content\/uploads\/sites\/69\/2025\/03\/Bici-adulto-1024x768.jpeg 1024w, https:\/\/blogs.correiobraziliense.com.br\/nosso-parque-da-cidade\/wp-content\/uploads\/sites\/69\/2025\/03\/Bici-adulto-300x225.jpeg 300w, https:\/\/blogs.correiobraziliense.com.br\/nosso-parque-da-cidade\/wp-content\/uploads\/sites\/69\/2025\/03\/Bici-adulto-768x576.jpeg 768w, https:\/\/blogs.correiobraziliense.com.br\/nosso-parque-da-cidade\/wp-content\/uploads\/sites\/69\/2025\/03\/Bici-adulto-800x600.jpeg 800w, https:\/\/blogs.correiobraziliense.com.br\/nosso-parque-da-cidade\/wp-content\/uploads\/sites\/69\/2025\/03\/Bici-adulto-550x413.jpeg 550w, https:\/\/blogs.correiobraziliense.com.br\/nosso-parque-da-cidade\/wp-content\/uploads\/sites\/69\/2025\/03\/Bici-adulto-230x173.jpeg 230w, https:\/\/blogs.correiobraziliense.com.br\/nosso-parque-da-cidade\/wp-content\/uploads\/sites\/69\/2025\/03\/Bici-adulto.jpeg 1280w\" sizes=\"auto, (max-width: 1024px) 100vw, 1024px\" \/><figcaption id=\"caption-attachment-820\" class=\"wp-caption-text\">Decora\u00e7\u00e3o da Pra\u00e7a \/ Fptp CV Fev 2025<br \/><\/figcaption><\/figure>\n<figure id=\"attachment_821\" aria-describedby=\"caption-attachment-821\" style=\"width: 1024px\" class=\"wp-caption alignnone\"><img loading=\"lazy\" decoding=\"async\" src=\"https:\/\/blogs.correiobraziliense.com.br\/nosso-parque-da-cidade\/wp-content\/uploads\/sites\/69\/2025\/03\/Bci-kids-color-1024x768.jpeg\" alt=\"\" width=\"1024\" height=\"768\" class=\"size-large wp-image-821\" srcset=\"https:\/\/blogs.correiobraziliense.com.br\/nosso-parque-da-cidade\/wp-content\/uploads\/sites\/69\/2025\/03\/Bci-kids-color-1024x768.jpeg 1024w, https:\/\/blogs.correiobraziliense.com.br\/nosso-parque-da-cidade\/wp-content\/uploads\/sites\/69\/2025\/03\/Bci-kids-color-300x225.jpeg 300w, https:\/\/blogs.correiobraziliense.com.br\/nosso-parque-da-cidade\/wp-content\/uploads\/sites\/69\/2025\/03\/Bci-kids-color-768x576.jpeg 768w, https:\/\/blogs.correiobraziliense.com.br\/nosso-parque-da-cidade\/wp-content\/uploads\/sites\/69\/2025\/03\/Bci-kids-color-800x600.jpeg 800w, https:\/\/blogs.correiobraziliense.com.br\/nosso-parque-da-cidade\/wp-content\/uploads\/sites\/69\/2025\/03\/Bci-kids-color-550x413.jpeg 550w, https:\/\/blogs.correiobraziliense.com.br\/nosso-parque-da-cidade\/wp-content\/uploads\/sites\/69\/2025\/03\/Bci-kids-color-230x173.jpeg 230w, https:\/\/blogs.correiobraziliense.com.br\/nosso-parque-da-cidade\/wp-content\/uploads\/sites\/69\/2025\/03\/Bci-kids-color.jpeg 1280w\" sizes=\"auto, (max-width: 1024px) 100vw, 1024px\" \/><figcaption id=\"caption-attachment-821\" class=\"wp-caption-text\">Decora\u00e7\u00e3o da Pra\u00e7a \/ Foto CV Fev 2025<\/figcaption><\/figure>\n<p>At\u00e9 a\u00ed tudo certo, mas, infelizmente, o desejo dos idealizadores, manifestado na \u00e9poca da abertura, de querer que a pra\u00e7a se tornasse um local de visita obrigat\u00f3rio no Parque da Cidade, parece que ainda n\u00e3o foi realizado.<br \/>\nA Pra\u00e7a do Ciclista est\u00e1 l\u00e1, mas tem baixa visita\u00e7\u00e3o, \u00e9 pouco atrativa e necessita de uma revitaliza\u00e7\u00e3o urgente, com uma a\u00e7\u00e3o por parte das empresas que colaboraram com o projeto adotando a pra\u00e7a.<\/p>\n<figure id=\"attachment_822\" aria-describedby=\"caption-attachment-822\" style=\"width: 1024px\" class=\"wp-caption alignnone\"><img loading=\"lazy\" decoding=\"async\" src=\"https:\/\/blogs.correiobraziliense.com.br\/nosso-parque-da-cidade\/wp-content\/uploads\/sites\/69\/2025\/03\/Pra\u00e7a-vazia-1024x768.jpeg\" alt=\"\" width=\"1024\" height=\"768\" class=\"size-large wp-image-822\" srcset=\"https:\/\/blogs.correiobraziliense.com.br\/nosso-parque-da-cidade\/wp-content\/uploads\/sites\/69\/2025\/03\/Pra\u00e7a-vazia-1024x768.jpeg 1024w, https:\/\/blogs.correiobraziliense.com.br\/nosso-parque-da-cidade\/wp-content\/uploads\/sites\/69\/2025\/03\/Pra\u00e7a-vazia-300x225.jpeg 300w, https:\/\/blogs.correiobraziliense.com.br\/nosso-parque-da-cidade\/wp-content\/uploads\/sites\/69\/2025\/03\/Pra\u00e7a-vazia-768x576.jpeg 768w, https:\/\/blogs.correiobraziliense.com.br\/nosso-parque-da-cidade\/wp-content\/uploads\/sites\/69\/2025\/03\/Pra\u00e7a-vazia-800x600.jpeg 800w, https:\/\/blogs.correiobraziliense.com.br\/nosso-parque-da-cidade\/wp-content\/uploads\/sites\/69\/2025\/03\/Pra\u00e7a-vazia-550x413.jpeg 550w, https:\/\/blogs.correiobraziliense.com.br\/nosso-parque-da-cidade\/wp-content\/uploads\/sites\/69\/2025\/03\/Pra\u00e7a-vazia-230x173.jpeg 230w, https:\/\/blogs.correiobraziliense.com.br\/nosso-parque-da-cidade\/wp-content\/uploads\/sites\/69\/2025\/03\/Pra\u00e7a-vazia.jpeg 1280w\" sizes=\"auto, (max-width: 1024px) 100vw, 1024px\" \/><figcaption id=\"caption-attachment-822\" class=\"wp-caption-text\">Pra\u00e7a sempre vazia \/ Foto CV Fev 2025<\/figcaption><\/figure>\n<figure id=\"attachment_823\" aria-describedby=\"caption-attachment-823\" style=\"width: 1024px\" class=\"wp-caption alignnone\"><img loading=\"lazy\" decoding=\"async\" src=\"https:\/\/blogs.correiobraziliense.com.br\/nosso-parque-da-cidade\/wp-content\/uploads\/sites\/69\/2025\/03\/Bici-torta-1024x768.jpeg\" alt=\"\" width=\"1024\" height=\"768\" class=\"size-large wp-image-823\" srcset=\"https:\/\/blogs.correiobraziliense.com.br\/nosso-parque-da-cidade\/wp-content\/uploads\/sites\/69\/2025\/03\/Bici-torta-1024x768.jpeg 1024w, https:\/\/blogs.correiobraziliense.com.br\/nosso-parque-da-cidade\/wp-content\/uploads\/sites\/69\/2025\/03\/Bici-torta-300x225.jpeg 300w, https:\/\/blogs.correiobraziliense.com.br\/nosso-parque-da-cidade\/wp-content\/uploads\/sites\/69\/2025\/03\/Bici-torta-768x576.jpeg 768w, https:\/\/blogs.correiobraziliense.com.br\/nosso-parque-da-cidade\/wp-content\/uploads\/sites\/69\/2025\/03\/Bici-torta-800x600.jpeg 800w, https:\/\/blogs.correiobraziliense.com.br\/nosso-parque-da-cidade\/wp-content\/uploads\/sites\/69\/2025\/03\/Bici-torta-550x413.jpeg 550w, https:\/\/blogs.correiobraziliense.com.br\/nosso-parque-da-cidade\/wp-content\/uploads\/sites\/69\/2025\/03\/Bici-torta-230x173.jpeg 230w, https:\/\/blogs.correiobraziliense.com.br\/nosso-parque-da-cidade\/wp-content\/uploads\/sites\/69\/2025\/03\/Bici-torta.jpeg 1280w\" sizes=\"auto, (max-width: 1024px) 100vw, 1024px\" \/><figcaption id=\"caption-attachment-823\" class=\"wp-caption-text\">Falta de manuten\u00e7\u00e3o \/ Foto CV Fev 2025<\/figcaption><\/figure>\n<figure id=\"attachment_824\" aria-describedby=\"caption-attachment-824\" style=\"width: 1024px\" class=\"wp-caption alignnone\"><img loading=\"lazy\" decoding=\"async\" src=\"https:\/\/blogs.correiobraziliense.com.br\/nosso-parque-da-cidade\/wp-content\/uploads\/sites\/69\/2025\/03\/Placa-de-Sinaliza\u00e7\u00e3o-1024x768.jpeg\" alt=\"\" width=\"1024\" height=\"768\" class=\"size-large wp-image-824\" srcset=\"https:\/\/blogs.correiobraziliense.com.br\/nosso-parque-da-cidade\/wp-content\/uploads\/sites\/69\/2025\/03\/Placa-de-Sinaliza\u00e7\u00e3o-1024x768.jpeg 1024w, https:\/\/blogs.correiobraziliense.com.br\/nosso-parque-da-cidade\/wp-content\/uploads\/sites\/69\/2025\/03\/Placa-de-Sinaliza\u00e7\u00e3o-300x225.jpeg 300w, https:\/\/blogs.correiobraziliense.com.br\/nosso-parque-da-cidade\/wp-content\/uploads\/sites\/69\/2025\/03\/Placa-de-Sinaliza\u00e7\u00e3o-768x576.jpeg 768w, https:\/\/blogs.correiobraziliense.com.br\/nosso-parque-da-cidade\/wp-content\/uploads\/sites\/69\/2025\/03\/Placa-de-Sinaliza\u00e7\u00e3o-800x600.jpeg 800w, https:\/\/blogs.correiobraziliense.com.br\/nosso-parque-da-cidade\/wp-content\/uploads\/sites\/69\/2025\/03\/Placa-de-Sinaliza\u00e7\u00e3o-550x413.jpeg 550w, https:\/\/blogs.correiobraziliense.com.br\/nosso-parque-da-cidade\/wp-content\/uploads\/sites\/69\/2025\/03\/Placa-de-Sinaliza\u00e7\u00e3o-230x173.jpeg 230w, https:\/\/blogs.correiobraziliense.com.br\/nosso-parque-da-cidade\/wp-content\/uploads\/sites\/69\/2025\/03\/Placa-de-Sinaliza\u00e7\u00e3o.jpeg 1280w\" sizes=\"auto, (max-width: 1024px) 100vw, 1024px\" \/><figcaption id=\"caption-attachment-824\" class=\"wp-caption-text\">Placa de Sinaliza\u00e7\u00e3o \/ Foto CV Fev 2025<\/figcaption><\/figure>\n<p>\u00c0 luz do que acontece em outras pra\u00e7as de ciclistas pelo pa\u00eds, que se tornaram refer\u00eancia tur\u00edstica e ponto de encontro de pessoas, seguem algumas sugest\u00f5es para tornar a Pra\u00e7a do Ciclista um local de conv\u00edvio, de valor cultural e educativo:<\/p>\n<p>&#8211; Manuten\u00e7\u00e3o dos equipamentos decorativos e da \u00fanica placa educativa existente;<br \/>\n&#8211; Presen\u00e7a permanente no local, ou pelo menos mais frequente, de praticantes de ciclismo, membros e representantes de entidades associativas e de grupos ativistas que atuam em defesa da bicicleta como pr\u00e1tica esportiva e transporte sustent\u00e1vel,<br \/>\n&#8211; Inser\u00e7\u00e3o de pain\u00e9is educativo permanentes e realiza\u00e7\u00e3o de exposi\u00e7\u00f5es com informa\u00e7\u00f5es relacionadas ao universo da bicicleta, hist\u00f3rias e curiosidades sobre o tema do ciclismo, de forma a atrair interesse do p\u00fablico visitante do Parque;<br \/>\n&#8211; Realiza\u00e7\u00e3o de eventos sociais, culturais e de entretenimento no espa\u00e7o, direcionado a diferentes faixas et\u00e1rias durante todo o ano;<br \/>\n&#8211; Sinaliza\u00e7\u00e3o da Pra\u00e7a do Ciclista no mapa do Parque;<br \/>\n&#8211; Utiliza\u00e7\u00e3o do espa\u00e7o como ponto e de partida de passeios cicl\u00edsticos.<\/p>\n<p>Esses s\u00e3o somente alguns exemplos do que acontece em pra\u00e7as que foram criadas para valorizar o ciclismo, incentivar novos praticantes e se tornar um ponto de encontro vivo.<br \/>\nO ciclismo \u00e9 considerado a modalidade esportiva mais praticada no Distrito Federal, uma Pra\u00e7a para sua valoriza\u00e7\u00e3o j\u00e1 existe, falta cuidado e ocupa\u00e7\u00e3o para cumprir seus objetivos.<\/p>\n","protected":false},"excerpt":{"rendered":"<p>Como acontece em v\u00e1rias cidades no pa\u00eds, Bras\u00edlia tamb\u00e9m tem uma Pra\u00e7a do Ciclista. Inaugurada em mar\u00e7o de 2022, como resultado da parceria entre grupo de praticantes de ciclismo e empres\u00e1rios, por meio do projeto Adote Uma Pra\u00e7a, a Pra\u00e7a do Ciclista da capital est\u00e1 localizada no Parque da Cidade, na altura do Estacionamento 11, [&hellip;]<\/p>\n","protected":false},"author":153,"featured_media":818,"comment_status":"open","ping_status":"open","sticky":false,"template":"","format":"standard","meta":{"wpb_read_more":[],"footnotes":""},"categories":[6],"tags":[113],"class_list":["post-817","post","type-post","status-publish","format-standard","has-post-thumbnail","hentry","category-voce-sabia","tag-ciclismo-pracadociclista-mobilidade-pontodeencontro"],"_links":{"self":[{"href":"https:\/\/blogs.correiobraziliense.com.br\/nosso-parque-da-cidade\/wp-json\/wp\/v2\/posts\/817","targetHints":{"allow":["GET"]}}],"collection":[{"href":"https:\/\/blogs.correiobraziliense.com.br\/nosso-parque-da-cidade\/wp-json\/wp\/v2\/posts"}],"about":[{"href":"https:\/\/blogs.correiobraziliense.com.br\/nosso-parque-da-cidade\/wp-json\/wp\/v2\/types\/post"}],"author":[{"embeddable":true,"href":"https:\/\/blogs.correiobraziliense.com.br\/nosso-parque-da-cidade\/wp-json\/wp\/v2\/users\/153"}],"replies":[{"embeddable":true,"href":"https:\/\/blogs.correiobraziliense.com.br\/nosso-parque-da-cidade\/wp-json\/wp\/v2\/comments?post=817"}],"version-history":[{"count":4,"href":"https:\/\/blogs.correiobraziliense.com.br\/nosso-parque-da-cidade\/wp-json\/wp\/v2\/posts\/817\/revisions"}],"predecessor-version":[{"id":828,"href":"https:\/\/blogs.correiobraziliense.com.br\/nosso-parque-da-cidade\/wp-json\/wp\/v2\/posts\/817\/revisions\/828"}],"wp:featuredmedia":[{"embeddable":true,"href":"https:\/\/blogs.correiobraziliense.com.br\/nosso-parque-da-cidade\/wp-json\/wp\/v2\/media\/818"}],"wp:attachment":[{"href":"https:\/\/blogs.correiobraziliense.com.br\/nosso-parque-da-cidade\/wp-json\/wp\/v2\/media?parent=817"}],"wp:term":[{"taxonomy":"category","embeddable":true,"href":"https:\/\/blogs.correiobraziliense.com.br\/nosso-parque-da-cidade\/wp-json\/wp\/v2\/categories?post=817"},{"taxonomy":"post_tag","embeddable":true,"href":"https:\/\/blogs.correiobraziliense.com.br\/nosso-parque-da-cidade\/wp-json\/wp\/v2\/tags?post=817"}],"curies":[{"name":"wp","href":"https:\/\/api.w.org\/{rel}","templated":true}]}}