{"id":762,"date":"2025-01-30T21:45:54","date_gmt":"2025-01-31T00:45:54","guid":{"rendered":"https:\/\/blogs.correiobraziliense.com.br\/nosso-parque-da-cidade\/?p=762"},"modified":"2025-02-10T20:09:40","modified_gmt":"2025-02-10T23:09:40","slug":"um-castelo-para-a-crianca-ocupar-e-chamar-de-seu-reino","status":"publish","type":"post","link":"https:\/\/blogs.correiobraziliense.com.br\/nosso-parque-da-cidade\/voce-sabia\/um-castelo-para-a-crianca-ocupar-e-chamar-de-seu-reino\/","title":{"rendered":"Um castelo para a crian\u00e7a ocupar e chamar de seu reino"},"content":{"rendered":"<p><figure id=\"attachment_779\" aria-describedby=\"caption-attachment-779\" style=\"width: 1024px\" class=\"wp-caption alignnone\"><img loading=\"lazy\" decoding=\"async\" src=\"https:\/\/blogs.correiobraziliense.com.br\/nosso-parque-da-cidade\/wp-content\/uploads\/sites\/69\/2025\/01\/Tesouro-escondido-1024x673.jpeg\" alt=\"\" width=\"1024\" height=\"673\" class=\"size-large wp-image-779\" srcset=\"https:\/\/blogs.correiobraziliense.com.br\/nosso-parque-da-cidade\/wp-content\/uploads\/sites\/69\/2025\/01\/Tesouro-escondido-1024x673.jpeg 1024w, https:\/\/blogs.correiobraziliense.com.br\/nosso-parque-da-cidade\/wp-content\/uploads\/sites\/69\/2025\/01\/Tesouro-escondido-300x197.jpeg 300w, https:\/\/blogs.correiobraziliense.com.br\/nosso-parque-da-cidade\/wp-content\/uploads\/sites\/69\/2025\/01\/Tesouro-escondido-768x505.jpeg 768w, https:\/\/blogs.correiobraziliense.com.br\/nosso-parque-da-cidade\/wp-content\/uploads\/sites\/69\/2025\/01\/Tesouro-escondido-800x526.jpeg 800w, https:\/\/blogs.correiobraziliense.com.br\/nosso-parque-da-cidade\/wp-content\/uploads\/sites\/69\/2025\/01\/Tesouro-escondido-550x361.jpeg 550w, https:\/\/blogs.correiobraziliense.com.br\/nosso-parque-da-cidade\/wp-content\/uploads\/sites\/69\/2025\/01\/Tesouro-escondido-230x151.jpeg 230w, https:\/\/blogs.correiobraziliense.com.br\/nosso-parque-da-cidade\/wp-content\/uploads\/sites\/69\/2025\/01\/Tesouro-escondido.jpeg 1280w\" sizes=\"auto, (max-width: 1024px) 100vw, 1024px\" \/><figcaption id=\"caption-attachment-779\" class=\"wp-caption-text\">Um tesouro cercado de \u00e1rvores \/ Foto CV jan2025<\/figcaption><\/figure><br \/>\nInaugurado com o Parque da Cidade, em 1978, o Castelinho est\u00e1 nas mais v\u00edvidas mem\u00f3rias dos adultos que frequentavam o local quando crian\u00e7as nas d\u00e9cadas de 80 e 90.<br \/>\nQuase uma extens\u00e3o do Parque Ana L\u00eddia, em termos de op\u00e7\u00e3o para os pequenos, o Castelinho sempre foi divers\u00e3o garantida, um convite \u00e0 fantasia e a outros tipos de brincadeiras, com equipamentos diferenciados, pr\u00f3prios para o desenvolvimento motor infantil e muito gasto de energia.<br \/>\nDepois de um longo per\u00edodo de abandono e de ter se tornado um dos \u201cfantasmas do Parque\u201d ( uma refer\u00eancia aos equipamentos em desuso, ver <a href=\"http:\/\/buscacb2.correioweb.com.br\/correio\/2008\/02\/10\/AD28-1002.pdf\">aqui<\/a>), um espa\u00e7o deteriorado, sujo e at\u00e9 perigoso, o Castelinho passou por algumas iniciativas de recupera\u00e7\u00e3o em 2006 e 2009 a uma completa revitaliza\u00e7\u00e3o em 2023.<br \/>\nHoje, o Castelinho est\u00e1 novo, limpo e seguro, com vigil\u00e2ncia no local pra evitar depreda\u00e7\u00e3o. O pr\u00e9dio que representa a fortaleza est\u00e1 pintado, colorido, o mobili\u00e1rio com mesas e cadeiras prontos pra serem usados. Os brinquedos do playground tamb\u00e9m est\u00e3o todos restaurados, a areia foi trocada, os v\u00e1rios escorregadores est\u00e3o novinhos, com adequa\u00e7\u00f5es que visam a seguran\u00e7a dos usu\u00e1rios.<br \/>\n<figure id=\"attachment_764\" aria-describedby=\"caption-attachment-764\" style=\"width: 1024px\" class=\"wp-caption alignnone\"><img loading=\"lazy\" decoding=\"async\" src=\"https:\/\/blogs.correiobraziliense.com.br\/nosso-parque-da-cidade\/wp-content\/uploads\/sites\/69\/2025\/01\/\u00c1rea-externa-melhor-1024x738.jpeg\" alt=\"\" width=\"1024\" height=\"738\" class=\"size-large wp-image-764\" srcset=\"https:\/\/blogs.correiobraziliense.com.br\/nosso-parque-da-cidade\/wp-content\/uploads\/sites\/69\/2025\/01\/\u00c1rea-externa-melhor-1024x738.jpeg 1024w, https:\/\/blogs.correiobraziliense.com.br\/nosso-parque-da-cidade\/wp-content\/uploads\/sites\/69\/2025\/01\/\u00c1rea-externa-melhor-300x216.jpeg 300w, https:\/\/blogs.correiobraziliense.com.br\/nosso-parque-da-cidade\/wp-content\/uploads\/sites\/69\/2025\/01\/\u00c1rea-externa-melhor-768x553.jpeg 768w, https:\/\/blogs.correiobraziliense.com.br\/nosso-parque-da-cidade\/wp-content\/uploads\/sites\/69\/2025\/01\/\u00c1rea-externa-melhor-800x576.jpeg 800w, https:\/\/blogs.correiobraziliense.com.br\/nosso-parque-da-cidade\/wp-content\/uploads\/sites\/69\/2025\/01\/\u00c1rea-externa-melhor-550x396.jpeg 550w, https:\/\/blogs.correiobraziliense.com.br\/nosso-parque-da-cidade\/wp-content\/uploads\/sites\/69\/2025\/01\/\u00c1rea-externa-melhor-230x166.jpeg 230w, https:\/\/blogs.correiobraziliense.com.br\/nosso-parque-da-cidade\/wp-content\/uploads\/sites\/69\/2025\/01\/\u00c1rea-externa-melhor.jpeg 1280w\" sizes=\"auto, (max-width: 1024px) 100vw, 1024px\" \/><figcaption id=\"caption-attachment-764\" class=\"wp-caption-text\">O Castelinho revitalizado \/ Foto CV jan2025<\/figcaption><\/figure><\/p>\n<figure id=\"attachment_765\" aria-describedby=\"caption-attachment-765\" style=\"width: 1024px\" class=\"wp-caption alignnone\"><img loading=\"lazy\" decoding=\"async\" src=\"https:\/\/blogs.correiobraziliense.com.br\/nosso-parque-da-cidade\/wp-content\/uploads\/sites\/69\/2025\/01\/Melhor-vis\u00e3o-de-dentro-com-mesas-1024x768.jpeg\" alt=\"\" width=\"1024\" height=\"768\" class=\"size-large wp-image-765\" srcset=\"https:\/\/blogs.correiobraziliense.com.br\/nosso-parque-da-cidade\/wp-content\/uploads\/sites\/69\/2025\/01\/Melhor-vis\u00e3o-de-dentro-com-mesas-1024x768.jpeg 1024w, https:\/\/blogs.correiobraziliense.com.br\/nosso-parque-da-cidade\/wp-content\/uploads\/sites\/69\/2025\/01\/Melhor-vis\u00e3o-de-dentro-com-mesas-300x225.jpeg 300w, https:\/\/blogs.correiobraziliense.com.br\/nosso-parque-da-cidade\/wp-content\/uploads\/sites\/69\/2025\/01\/Melhor-vis\u00e3o-de-dentro-com-mesas-768x576.jpeg 768w, https:\/\/blogs.correiobraziliense.com.br\/nosso-parque-da-cidade\/wp-content\/uploads\/sites\/69\/2025\/01\/Melhor-vis\u00e3o-de-dentro-com-mesas-800x600.jpeg 800w, https:\/\/blogs.correiobraziliense.com.br\/nosso-parque-da-cidade\/wp-content\/uploads\/sites\/69\/2025\/01\/Melhor-vis\u00e3o-de-dentro-com-mesas-550x413.jpeg 550w, https:\/\/blogs.correiobraziliense.com.br\/nosso-parque-da-cidade\/wp-content\/uploads\/sites\/69\/2025\/01\/Melhor-vis\u00e3o-de-dentro-com-mesas-230x173.jpeg 230w, https:\/\/blogs.correiobraziliense.com.br\/nosso-parque-da-cidade\/wp-content\/uploads\/sites\/69\/2025\/01\/Melhor-vis\u00e3o-de-dentro-com-mesas.jpeg 1280w\" sizes=\"auto, (max-width: 1024px) 100vw, 1024px\" \/><figcaption id=\"caption-attachment-765\" class=\"wp-caption-text\">Por dentro do Castelinho \/ Foto CV jan2025<\/figcaption><\/figure>\n<figure id=\"attachment_766\" aria-describedby=\"caption-attachment-766\" style=\"width: 1024px\" class=\"wp-caption alignnone\"><img loading=\"lazy\" decoding=\"async\" src=\"https:\/\/blogs.correiobraziliense.com.br\/nosso-parque-da-cidade\/wp-content\/uploads\/sites\/69\/2025\/01\/Brinquedos-s\u00f3lidos-colorido-1024x732.jpeg\" alt=\"\" width=\"1024\" height=\"732\" class=\"size-large wp-image-766\" srcset=\"https:\/\/blogs.correiobraziliense.com.br\/nosso-parque-da-cidade\/wp-content\/uploads\/sites\/69\/2025\/01\/Brinquedos-s\u00f3lidos-colorido-1024x732.jpeg 1024w, https:\/\/blogs.correiobraziliense.com.br\/nosso-parque-da-cidade\/wp-content\/uploads\/sites\/69\/2025\/01\/Brinquedos-s\u00f3lidos-colorido-300x214.jpeg 300w, https:\/\/blogs.correiobraziliense.com.br\/nosso-parque-da-cidade\/wp-content\/uploads\/sites\/69\/2025\/01\/Brinquedos-s\u00f3lidos-colorido-768x549.jpeg 768w, https:\/\/blogs.correiobraziliense.com.br\/nosso-parque-da-cidade\/wp-content\/uploads\/sites\/69\/2025\/01\/Brinquedos-s\u00f3lidos-colorido-800x572.jpeg 800w, https:\/\/blogs.correiobraziliense.com.br\/nosso-parque-da-cidade\/wp-content\/uploads\/sites\/69\/2025\/01\/Brinquedos-s\u00f3lidos-colorido-550x393.jpeg 550w, https:\/\/blogs.correiobraziliense.com.br\/nosso-parque-da-cidade\/wp-content\/uploads\/sites\/69\/2025\/01\/Brinquedos-s\u00f3lidos-colorido-230x164.jpeg 230w, https:\/\/blogs.correiobraziliense.com.br\/nosso-parque-da-cidade\/wp-content\/uploads\/sites\/69\/2025\/01\/Brinquedos-s\u00f3lidos-colorido.jpeg 1280w\" sizes=\"auto, (max-width: 1024px) 100vw, 1024px\" \/><figcaption id=\"caption-attachment-766\" class=\"wp-caption-text\">Brinquedos recuperados\/ Foto CV jan 2025<\/figcaption><\/figure>\n<figure id=\"attachment_767\" aria-describedby=\"caption-attachment-767\" style=\"width: 1024px\" class=\"wp-caption alignnone\"><img loading=\"lazy\" decoding=\"async\" src=\"https:\/\/blogs.correiobraziliense.com.br\/nosso-parque-da-cidade\/wp-content\/uploads\/sites\/69\/2025\/01\/Brinquedos-com-prote\u00e7\u00e3o-1024x767.jpeg\" alt=\"\" width=\"1024\" height=\"767\" class=\"size-large wp-image-767\" srcset=\"https:\/\/blogs.correiobraziliense.com.br\/nosso-parque-da-cidade\/wp-content\/uploads\/sites\/69\/2025\/01\/Brinquedos-com-prote\u00e7\u00e3o-1024x767.jpeg 1024w, https:\/\/blogs.correiobraziliense.com.br\/nosso-parque-da-cidade\/wp-content\/uploads\/sites\/69\/2025\/01\/Brinquedos-com-prote\u00e7\u00e3o-300x225.jpeg 300w, https:\/\/blogs.correiobraziliense.com.br\/nosso-parque-da-cidade\/wp-content\/uploads\/sites\/69\/2025\/01\/Brinquedos-com-prote\u00e7\u00e3o-768x575.jpeg 768w, https:\/\/blogs.correiobraziliense.com.br\/nosso-parque-da-cidade\/wp-content\/uploads\/sites\/69\/2025\/01\/Brinquedos-com-prote\u00e7\u00e3o-800x599.jpeg 800w, https:\/\/blogs.correiobraziliense.com.br\/nosso-parque-da-cidade\/wp-content\/uploads\/sites\/69\/2025\/01\/Brinquedos-com-prote\u00e7\u00e3o-550x412.jpeg 550w, https:\/\/blogs.correiobraziliense.com.br\/nosso-parque-da-cidade\/wp-content\/uploads\/sites\/69\/2025\/01\/Brinquedos-com-prote\u00e7\u00e3o-230x172.jpeg 230w, https:\/\/blogs.correiobraziliense.com.br\/nosso-parque-da-cidade\/wp-content\/uploads\/sites\/69\/2025\/01\/Brinquedos-com-prote\u00e7\u00e3o.jpeg 1280w\" sizes=\"auto, (max-width: 1024px) 100vw, 1024px\" \/><figcaption id=\"caption-attachment-767\" class=\"wp-caption-text\">Brinquedos mais seguros \/ Foto CV jan 2025<\/figcaption><\/figure>\n<figure id=\"attachment_768\" aria-describedby=\"caption-attachment-768\" style=\"width: 1024px\" class=\"wp-caption alignnone\"><img loading=\"lazy\" decoding=\"async\" src=\"https:\/\/blogs.correiobraziliense.com.br\/nosso-parque-da-cidade\/wp-content\/uploads\/sites\/69\/2025\/01\/Escorregadores-1024x747.jpeg\" alt=\"\" width=\"1024\" height=\"747\" class=\"size-large wp-image-768\" srcset=\"https:\/\/blogs.correiobraziliense.com.br\/nosso-parque-da-cidade\/wp-content\/uploads\/sites\/69\/2025\/01\/Escorregadores-1024x747.jpeg 1024w, https:\/\/blogs.correiobraziliense.com.br\/nosso-parque-da-cidade\/wp-content\/uploads\/sites\/69\/2025\/01\/Escorregadores-300x219.jpeg 300w, https:\/\/blogs.correiobraziliense.com.br\/nosso-parque-da-cidade\/wp-content\/uploads\/sites\/69\/2025\/01\/Escorregadores-768x560.jpeg 768w, https:\/\/blogs.correiobraziliense.com.br\/nosso-parque-da-cidade\/wp-content\/uploads\/sites\/69\/2025\/01\/Escorregadores-800x584.jpeg 800w, https:\/\/blogs.correiobraziliense.com.br\/nosso-parque-da-cidade\/wp-content\/uploads\/sites\/69\/2025\/01\/Escorregadores-550x401.jpeg 550w, https:\/\/blogs.correiobraziliense.com.br\/nosso-parque-da-cidade\/wp-content\/uploads\/sites\/69\/2025\/01\/Escorregadores-230x168.jpeg 230w, https:\/\/blogs.correiobraziliense.com.br\/nosso-parque-da-cidade\/wp-content\/uploads\/sites\/69\/2025\/01\/Escorregadores.jpeg 1280w\" sizes=\"auto, (max-width: 1024px) 100vw, 1024px\" \/><figcaption id=\"caption-attachment-768\" class=\"wp-caption-text\">Conjunto de escorregadores e outros brinquedos recuperados \/ Foto CV jan 2025<\/figcaption><\/figure>\n<figure id=\"attachment_769\" aria-describedby=\"caption-attachment-769\" style=\"width: 1024px\" class=\"wp-caption alignnone\"><img loading=\"lazy\" decoding=\"async\" src=\"https:\/\/blogs.correiobraziliense.com.br\/nosso-parque-da-cidade\/wp-content\/uploads\/sites\/69\/2025\/01\/brinquedos-infantis-1024x767.jpeg\" alt=\"\" width=\"1024\" height=\"767\" class=\"size-large wp-image-769\" srcset=\"https:\/\/blogs.correiobraziliense.com.br\/nosso-parque-da-cidade\/wp-content\/uploads\/sites\/69\/2025\/01\/brinquedos-infantis-1024x767.jpeg 1024w, https:\/\/blogs.correiobraziliense.com.br\/nosso-parque-da-cidade\/wp-content\/uploads\/sites\/69\/2025\/01\/brinquedos-infantis-300x225.jpeg 300w, https:\/\/blogs.correiobraziliense.com.br\/nosso-parque-da-cidade\/wp-content\/uploads\/sites\/69\/2025\/01\/brinquedos-infantis-768x575.jpeg 768w, https:\/\/blogs.correiobraziliense.com.br\/nosso-parque-da-cidade\/wp-content\/uploads\/sites\/69\/2025\/01\/brinquedos-infantis-800x599.jpeg 800w, https:\/\/blogs.correiobraziliense.com.br\/nosso-parque-da-cidade\/wp-content\/uploads\/sites\/69\/2025\/01\/brinquedos-infantis-550x412.jpeg 550w, https:\/\/blogs.correiobraziliense.com.br\/nosso-parque-da-cidade\/wp-content\/uploads\/sites\/69\/2025\/01\/brinquedos-infantis-230x172.jpeg 230w, https:\/\/blogs.correiobraziliense.com.br\/nosso-parque-da-cidade\/wp-content\/uploads\/sites\/69\/2025\/01\/brinquedos-infantis.jpeg 1280w\" sizes=\"auto, (max-width: 1024px) 100vw, 1024px\" \/><figcaption id=\"caption-attachment-769\" class=\"wp-caption-text\">Os diferentes brinquedos est\u00e3o em volta do Castelinho \/ Foto CV jan2025<\/figcaption><\/figure>\n<p>O Castelinho do Parque \u00e9 um patrim\u00f4nio cultural que faz parte da identidade e da mem\u00f3ria afetiva dos brasilienses. Por isso tem grande import\u00e2ncia,  na hist\u00f3ria do Parque, sendo um equipamento valioso, que deve ser preservado e valorizado pela popula\u00e7\u00e3o.<br \/>\nCom a revitaliza\u00e7\u00e3o, o Castelinho \u00e9 hoje o melhor parque infantil de Bras\u00edlia, com acesso p\u00fablico e gratuito.<br \/>\nN\u00e3o existe outro igual ele em nenhuma quadra do Plano Piloto, nem em bairros mais novos, considerados \u00e1reas nobres, como o Noroeste.<br \/>\nL\u00e1 as crian\u00e7as podem usar a imagina\u00e7\u00e3o e criar seus contos de fadas e hist\u00f3rias de reinos, pr\u00edncipes e princesas, se divertir nos mais diversos tipos de brinquedos, e os pais podem fazer piqueniques no espa\u00e7o externo, que \u00e9 super arborizado, com um largo gramado em volta, ou planejar festinhas de anivers\u00e1rio para seus guerreiros nas diferentes salas e espa\u00e7os do castelo. As torres e corredores s\u00e3o um convite ao esconde-esconde, pique-pega e outras brincadeiras que fazem cada vez mais falta nos dias de hoje.<br \/>\n<figure id=\"attachment_770\" aria-describedby=\"caption-attachment-770\" style=\"width: 1024px\" class=\"wp-caption alignnone\"><img loading=\"lazy\" decoding=\"async\" src=\"https:\/\/blogs.correiobraziliense.com.br\/nosso-parque-da-cidade\/wp-content\/uploads\/sites\/69\/2025\/01\/Melhor-vis\u00e3o-de-dentro-com-mesas-1-1024x768.jpeg\" alt=\"\" width=\"1024\" height=\"768\" class=\"size-large wp-image-770\" srcset=\"https:\/\/blogs.correiobraziliense.com.br\/nosso-parque-da-cidade\/wp-content\/uploads\/sites\/69\/2025\/01\/Melhor-vis\u00e3o-de-dentro-com-mesas-1-1024x768.jpeg 1024w, https:\/\/blogs.correiobraziliense.com.br\/nosso-parque-da-cidade\/wp-content\/uploads\/sites\/69\/2025\/01\/Melhor-vis\u00e3o-de-dentro-com-mesas-1-300x225.jpeg 300w, https:\/\/blogs.correiobraziliense.com.br\/nosso-parque-da-cidade\/wp-content\/uploads\/sites\/69\/2025\/01\/Melhor-vis\u00e3o-de-dentro-com-mesas-1-768x576.jpeg 768w, https:\/\/blogs.correiobraziliense.com.br\/nosso-parque-da-cidade\/wp-content\/uploads\/sites\/69\/2025\/01\/Melhor-vis\u00e3o-de-dentro-com-mesas-1-800x600.jpeg 800w, https:\/\/blogs.correiobraziliense.com.br\/nosso-parque-da-cidade\/wp-content\/uploads\/sites\/69\/2025\/01\/Melhor-vis\u00e3o-de-dentro-com-mesas-1-550x413.jpeg 550w, https:\/\/blogs.correiobraziliense.com.br\/nosso-parque-da-cidade\/wp-content\/uploads\/sites\/69\/2025\/01\/Melhor-vis\u00e3o-de-dentro-com-mesas-1-230x173.jpeg 230w, https:\/\/blogs.correiobraziliense.com.br\/nosso-parque-da-cidade\/wp-content\/uploads\/sites\/69\/2025\/01\/Melhor-vis\u00e3o-de-dentro-com-mesas-1.jpeg 1280w\" sizes=\"auto, (max-width: 1024px) 100vw, 1024px\" \/><figcaption id=\"caption-attachment-770\" class=\"wp-caption-text\">Espa\u00e7o interno onde podem ser realizadas as festas de anivers\u00e1rio \/ Foto CV jan2025<\/figcaption><\/figure><\/p>\n<figure id=\"attachment_771\" aria-describedby=\"caption-attachment-771\" style=\"width: 1024px\" class=\"wp-caption alignnone\"><img loading=\"lazy\" decoding=\"async\" src=\"https:\/\/blogs.correiobraziliense.com.br\/nosso-parque-da-cidade\/wp-content\/uploads\/sites\/69\/2025\/01\/Vis\u00e3o-ampla-de-dentro-1024x768.jpeg\" alt=\"\" width=\"1024\" height=\"768\" class=\"size-large wp-image-771\" srcset=\"https:\/\/blogs.correiobraziliense.com.br\/nosso-parque-da-cidade\/wp-content\/uploads\/sites\/69\/2025\/01\/Vis\u00e3o-ampla-de-dentro-1024x768.jpeg 1024w, https:\/\/blogs.correiobraziliense.com.br\/nosso-parque-da-cidade\/wp-content\/uploads\/sites\/69\/2025\/01\/Vis\u00e3o-ampla-de-dentro-300x225.jpeg 300w, https:\/\/blogs.correiobraziliense.com.br\/nosso-parque-da-cidade\/wp-content\/uploads\/sites\/69\/2025\/01\/Vis\u00e3o-ampla-de-dentro-768x576.jpeg 768w, https:\/\/blogs.correiobraziliense.com.br\/nosso-parque-da-cidade\/wp-content\/uploads\/sites\/69\/2025\/01\/Vis\u00e3o-ampla-de-dentro-800x600.jpeg 800w, https:\/\/blogs.correiobraziliense.com.br\/nosso-parque-da-cidade\/wp-content\/uploads\/sites\/69\/2025\/01\/Vis\u00e3o-ampla-de-dentro-550x413.jpeg 550w, https:\/\/blogs.correiobraziliense.com.br\/nosso-parque-da-cidade\/wp-content\/uploads\/sites\/69\/2025\/01\/Vis\u00e3o-ampla-de-dentro-230x173.jpeg 230w, https:\/\/blogs.correiobraziliense.com.br\/nosso-parque-da-cidade\/wp-content\/uploads\/sites\/69\/2025\/01\/Vis\u00e3o-ampla-de-dentro.jpeg 1280w\" sizes=\"auto, (max-width: 1024px) 100vw, 1024px\" \/><figcaption id=\"caption-attachment-771\" class=\"wp-caption-text\">Um convite \u00e0 fantasia \/ Foto CV jan 2025<\/figcaption><\/figure>\n<p><figure id=\"attachment_772\" aria-describedby=\"caption-attachment-772\" style=\"width: 1024px\" class=\"wp-caption alignnone\"><img loading=\"lazy\" decoding=\"async\" src=\"https:\/\/blogs.correiobraziliense.com.br\/nosso-parque-da-cidade\/wp-content\/uploads\/sites\/69\/2025\/01\/Por-dentro-mesas-1024x768.jpeg\" alt=\"\" width=\"1024\" height=\"768\" class=\"size-large wp-image-772\" srcset=\"https:\/\/blogs.correiobraziliense.com.br\/nosso-parque-da-cidade\/wp-content\/uploads\/sites\/69\/2025\/01\/Por-dentro-mesas-1024x768.jpeg 1024w, https:\/\/blogs.correiobraziliense.com.br\/nosso-parque-da-cidade\/wp-content\/uploads\/sites\/69\/2025\/01\/Por-dentro-mesas-300x225.jpeg 300w, https:\/\/blogs.correiobraziliense.com.br\/nosso-parque-da-cidade\/wp-content\/uploads\/sites\/69\/2025\/01\/Por-dentro-mesas-768x576.jpeg 768w, https:\/\/blogs.correiobraziliense.com.br\/nosso-parque-da-cidade\/wp-content\/uploads\/sites\/69\/2025\/01\/Por-dentro-mesas-800x600.jpeg 800w, https:\/\/blogs.correiobraziliense.com.br\/nosso-parque-da-cidade\/wp-content\/uploads\/sites\/69\/2025\/01\/Por-dentro-mesas-550x413.jpeg 550w, https:\/\/blogs.correiobraziliense.com.br\/nosso-parque-da-cidade\/wp-content\/uploads\/sites\/69\/2025\/01\/Por-dentro-mesas-230x173.jpeg 230w, https:\/\/blogs.correiobraziliense.com.br\/nosso-parque-da-cidade\/wp-content\/uploads\/sites\/69\/2025\/01\/Por-dentro-mesas.jpeg 1280w\" sizes=\"auto, (max-width: 1024px) 100vw, 1024px\" \/><figcaption id=\"caption-attachment-772\" class=\"wp-caption-text\">Espa\u00e7o interno \/ Foto CV jan 2025<\/figcaption><\/figure><br \/>\n<figure id=\"attachment_773\" aria-describedby=\"caption-attachment-773\" style=\"width: 1024px\" class=\"wp-caption alignnone\"><img loading=\"lazy\" decoding=\"async\" src=\"https:\/\/blogs.correiobraziliense.com.br\/nosso-parque-da-cidade\/wp-content\/uploads\/sites\/69\/2025\/01\/Corredor-e-janelas-1024x768.jpeg\" alt=\"\" width=\"1024\" height=\"768\" class=\"size-large wp-image-773\" srcset=\"https:\/\/blogs.correiobraziliense.com.br\/nosso-parque-da-cidade\/wp-content\/uploads\/sites\/69\/2025\/01\/Corredor-e-janelas-1024x768.jpeg 1024w, https:\/\/blogs.correiobraziliense.com.br\/nosso-parque-da-cidade\/wp-content\/uploads\/sites\/69\/2025\/01\/Corredor-e-janelas-300x225.jpeg 300w, https:\/\/blogs.correiobraziliense.com.br\/nosso-parque-da-cidade\/wp-content\/uploads\/sites\/69\/2025\/01\/Corredor-e-janelas-768x576.jpeg 768w, https:\/\/blogs.correiobraziliense.com.br\/nosso-parque-da-cidade\/wp-content\/uploads\/sites\/69\/2025\/01\/Corredor-e-janelas-800x600.jpeg 800w, https:\/\/blogs.correiobraziliense.com.br\/nosso-parque-da-cidade\/wp-content\/uploads\/sites\/69\/2025\/01\/Corredor-e-janelas-550x413.jpeg 550w, https:\/\/blogs.correiobraziliense.com.br\/nosso-parque-da-cidade\/wp-content\/uploads\/sites\/69\/2025\/01\/Corredor-e-janelas-230x173.jpeg 230w, https:\/\/blogs.correiobraziliense.com.br\/nosso-parque-da-cidade\/wp-content\/uploads\/sites\/69\/2025\/01\/Corredor-e-janelas.jpeg 1280w\" sizes=\"auto, (max-width: 1024px) 100vw, 1024px\" \/><figcaption id=\"caption-attachment-773\" class=\"wp-caption-text\">Espa\u00e7o interno  \/ Foto CV jan 2025<\/figcaption><\/figure><\/p>\n<p>Se voc\u00ea tem crian\u00e7a em casa, leve-a pra conhecer, explorar e ocupar o Castelinho. Um lugar pra chamar os amiguinhos e voltar muitas vezes.<\/p>\n<figure id=\"attachment_785\" aria-describedby=\"caption-attachment-785\" style=\"width: 1024px\" class=\"wp-caption alignnone\"><img loading=\"lazy\" decoding=\"async\" src=\"https:\/\/blogs.correiobraziliense.com.br\/nosso-parque-da-cidade\/wp-content\/uploads\/sites\/69\/2025\/01\/Outro-\u00e2ngulo-\u00e1rea-externa-1024x706.jpeg\" alt=\"\" width=\"1024\" height=\"706\" class=\"size-large wp-image-785\" srcset=\"https:\/\/blogs.correiobraziliense.com.br\/nosso-parque-da-cidade\/wp-content\/uploads\/sites\/69\/2025\/01\/Outro-\u00e2ngulo-\u00e1rea-externa-1024x706.jpeg 1024w, https:\/\/blogs.correiobraziliense.com.br\/nosso-parque-da-cidade\/wp-content\/uploads\/sites\/69\/2025\/01\/Outro-\u00e2ngulo-\u00e1rea-externa-300x207.jpeg 300w, https:\/\/blogs.correiobraziliense.com.br\/nosso-parque-da-cidade\/wp-content\/uploads\/sites\/69\/2025\/01\/Outro-\u00e2ngulo-\u00e1rea-externa-768x530.jpeg 768w, https:\/\/blogs.correiobraziliense.com.br\/nosso-parque-da-cidade\/wp-content\/uploads\/sites\/69\/2025\/01\/Outro-\u00e2ngulo-\u00e1rea-externa-800x552.jpeg 800w, https:\/\/blogs.correiobraziliense.com.br\/nosso-parque-da-cidade\/wp-content\/uploads\/sites\/69\/2025\/01\/Outro-\u00e2ngulo-\u00e1rea-externa-550x379.jpeg 550w, https:\/\/blogs.correiobraziliense.com.br\/nosso-parque-da-cidade\/wp-content\/uploads\/sites\/69\/2025\/01\/Outro-\u00e2ngulo-\u00e1rea-externa-230x159.jpeg 230w, https:\/\/blogs.correiobraziliense.com.br\/nosso-parque-da-cidade\/wp-content\/uploads\/sites\/69\/2025\/01\/Outro-\u00e2ngulo-\u00e1rea-externa.jpeg 1280w\" sizes=\"auto, (max-width: 1024px) 100vw, 1024px\" \/><figcaption id=\"caption-attachment-785\" class=\"wp-caption-text\">\u00c1rea externa do Castelinho \/ Foto CV jan 2025<\/figcaption><\/figure>\n<figure id=\"attachment_775\" aria-describedby=\"caption-attachment-775\" style=\"width: 1024px\" class=\"wp-caption alignnone\"><img loading=\"lazy\" decoding=\"async\" src=\"https:\/\/blogs.correiobraziliense.com.br\/nosso-parque-da-cidade\/wp-content\/uploads\/sites\/69\/2025\/01\/Diagonal-do-castelo-1-1024x768.jpeg\" alt=\"\" width=\"1024\" height=\"768\" class=\"size-large wp-image-775\" srcset=\"https:\/\/blogs.correiobraziliense.com.br\/nosso-parque-da-cidade\/wp-content\/uploads\/sites\/69\/2025\/01\/Diagonal-do-castelo-1-1024x768.jpeg 1024w, https:\/\/blogs.correiobraziliense.com.br\/nosso-parque-da-cidade\/wp-content\/uploads\/sites\/69\/2025\/01\/Diagonal-do-castelo-1-300x225.jpeg 300w, https:\/\/blogs.correiobraziliense.com.br\/nosso-parque-da-cidade\/wp-content\/uploads\/sites\/69\/2025\/01\/Diagonal-do-castelo-1-768x576.jpeg 768w, https:\/\/blogs.correiobraziliense.com.br\/nosso-parque-da-cidade\/wp-content\/uploads\/sites\/69\/2025\/01\/Diagonal-do-castelo-1-800x600.jpeg 800w, https:\/\/blogs.correiobraziliense.com.br\/nosso-parque-da-cidade\/wp-content\/uploads\/sites\/69\/2025\/01\/Diagonal-do-castelo-1-550x413.jpeg 550w, https:\/\/blogs.correiobraziliense.com.br\/nosso-parque-da-cidade\/wp-content\/uploads\/sites\/69\/2025\/01\/Diagonal-do-castelo-1-230x173.jpeg 230w, https:\/\/blogs.correiobraziliense.com.br\/nosso-parque-da-cidade\/wp-content\/uploads\/sites\/69\/2025\/01\/Diagonal-do-castelo-1.jpeg 1280w\" sizes=\"auto, (max-width: 1024px) 100vw, 1024px\" \/><figcaption id=\"caption-attachment-775\" class=\"wp-caption-text\">Lateral do Castelinho \/ Foto CV jan2025<\/figcaption><\/figure>\n<p><figure id=\"attachment_777\" aria-describedby=\"caption-attachment-777\" style=\"width: 1024px\" class=\"wp-caption alignnone\"><img loading=\"lazy\" decoding=\"async\" src=\"https:\/\/blogs.correiobraziliense.com.br\/nosso-parque-da-cidade\/wp-content\/uploads\/sites\/69\/2025\/01\/Conjunto-de-brinquedos-1024x878.jpeg\" alt=\"\" width=\"1024\" height=\"878\" class=\"size-large wp-image-777\" srcset=\"https:\/\/blogs.correiobraziliense.com.br\/nosso-parque-da-cidade\/wp-content\/uploads\/sites\/69\/2025\/01\/Conjunto-de-brinquedos-1024x878.jpeg 1024w, https:\/\/blogs.correiobraziliense.com.br\/nosso-parque-da-cidade\/wp-content\/uploads\/sites\/69\/2025\/01\/Conjunto-de-brinquedos-300x257.jpeg 300w, https:\/\/blogs.correiobraziliense.com.br\/nosso-parque-da-cidade\/wp-content\/uploads\/sites\/69\/2025\/01\/Conjunto-de-brinquedos-768x658.jpeg 768w, https:\/\/blogs.correiobraziliense.com.br\/nosso-parque-da-cidade\/wp-content\/uploads\/sites\/69\/2025\/01\/Conjunto-de-brinquedos-800x686.jpeg 800w, https:\/\/blogs.correiobraziliense.com.br\/nosso-parque-da-cidade\/wp-content\/uploads\/sites\/69\/2025\/01\/Conjunto-de-brinquedos-550x471.jpeg 550w, https:\/\/blogs.correiobraziliense.com.br\/nosso-parque-da-cidade\/wp-content\/uploads\/sites\/69\/2025\/01\/Conjunto-de-brinquedos-230x197.jpeg 230w, https:\/\/blogs.correiobraziliense.com.br\/nosso-parque-da-cidade\/wp-content\/uploads\/sites\/69\/2025\/01\/Conjunto-de-brinquedos.jpeg 1195w\" sizes=\"auto, (max-width: 1024px) 100vw, 1024px\" \/><figcaption id=\"caption-attachment-777\" class=\"wp-caption-text\">Mas brinquedos do parque \/ Foto CV jan 2025<\/figcaption><\/figure><img loading=\"lazy\" decoding=\"async\" src=\"https:\/\/blogs.correiobraziliense.com.br\/nosso-parque-da-cidade\/wp-content\/uploads\/sites\/69\/2025\/01\/\u00c0rea-externa-\u00f3tima-1024x754.jpeg\" alt=\"\" width=\"1024\" height=\"754\" class=\"alignnone size-large wp-image-778\" srcset=\"https:\/\/blogs.correiobraziliense.com.br\/nosso-parque-da-cidade\/wp-content\/uploads\/sites\/69\/2025\/01\/\u00c0rea-externa-\u00f3tima-1024x754.jpeg 1024w, https:\/\/blogs.correiobraziliense.com.br\/nosso-parque-da-cidade\/wp-content\/uploads\/sites\/69\/2025\/01\/\u00c0rea-externa-\u00f3tima-300x221.jpeg 300w, https:\/\/blogs.correiobraziliense.com.br\/nosso-parque-da-cidade\/wp-content\/uploads\/sites\/69\/2025\/01\/\u00c0rea-externa-\u00f3tima-768x566.jpeg 768w, https:\/\/blogs.correiobraziliense.com.br\/nosso-parque-da-cidade\/wp-content\/uploads\/sites\/69\/2025\/01\/\u00c0rea-externa-\u00f3tima-800x589.jpeg 800w, https:\/\/blogs.correiobraziliense.com.br\/nosso-parque-da-cidade\/wp-content\/uploads\/sites\/69\/2025\/01\/\u00c0rea-externa-\u00f3tima-550x405.jpeg 550w, https:\/\/blogs.correiobraziliense.com.br\/nosso-parque-da-cidade\/wp-content\/uploads\/sites\/69\/2025\/01\/\u00c0rea-externa-\u00f3tima-230x169.jpeg 230w, https:\/\/blogs.correiobraziliense.com.br\/nosso-parque-da-cidade\/wp-content\/uploads\/sites\/69\/2025\/01\/\u00c0rea-externa-\u00f3tima.jpeg 1280w\" sizes=\"auto, (max-width: 1024px) 100vw, 1024px\" \/><\/p>\n<figure id=\"attachment_776\" aria-describedby=\"caption-attachment-776\" style=\"width: 1024px\" class=\"wp-caption alignnone\"><img loading=\"lazy\" decoding=\"async\" src=\"https:\/\/blogs.correiobraziliense.com.br\/nosso-parque-da-cidade\/wp-content\/uploads\/sites\/69\/2025\/01\/Laterla-do-castelo-1024x768.jpeg\" alt=\"\" width=\"1024\" height=\"768\" class=\"size-large wp-image-776\" srcset=\"https:\/\/blogs.correiobraziliense.com.br\/nosso-parque-da-cidade\/wp-content\/uploads\/sites\/69\/2025\/01\/Laterla-do-castelo-1024x768.jpeg 1024w, https:\/\/blogs.correiobraziliense.com.br\/nosso-parque-da-cidade\/wp-content\/uploads\/sites\/69\/2025\/01\/Laterla-do-castelo-300x225.jpeg 300w, https:\/\/blogs.correiobraziliense.com.br\/nosso-parque-da-cidade\/wp-content\/uploads\/sites\/69\/2025\/01\/Laterla-do-castelo-768x576.jpeg 768w, https:\/\/blogs.correiobraziliense.com.br\/nosso-parque-da-cidade\/wp-content\/uploads\/sites\/69\/2025\/01\/Laterla-do-castelo-800x600.jpeg 800w, https:\/\/blogs.correiobraziliense.com.br\/nosso-parque-da-cidade\/wp-content\/uploads\/sites\/69\/2025\/01\/Laterla-do-castelo-550x413.jpeg 550w, https:\/\/blogs.correiobraziliense.com.br\/nosso-parque-da-cidade\/wp-content\/uploads\/sites\/69\/2025\/01\/Laterla-do-castelo-230x173.jpeg 230w, https:\/\/blogs.correiobraziliense.com.br\/nosso-parque-da-cidade\/wp-content\/uploads\/sites\/69\/2025\/01\/Laterla-do-castelo.jpeg 1280w\" sizes=\"auto, (max-width: 1024px) 100vw, 1024px\" \/><figcaption id=\"caption-attachment-776\" class=\"wp-caption-text\">Para entrar e explorar. \/ Foto CV jan 2025<\/figcaption><\/figure>\n","protected":false},"excerpt":{"rendered":"<p>Inaugurado com o Parque da Cidade, em 1978, o Castelinho est\u00e1 nas mais v\u00edvidas mem\u00f3rias dos adultos que frequentavam o local quando crian\u00e7as nas d\u00e9cadas de 80 e 90. Quase uma extens\u00e3o do Parque Ana L\u00eddia, em termos de op\u00e7\u00e3o para os pequenos, o Castelinho sempre foi divers\u00e3o garantida, um convite \u00e0 fantasia e a [&hellip;]<\/p>\n","protected":false},"author":153,"featured_media":780,"comment_status":"open","ping_status":"open","sticky":false,"template":"","format":"standard","meta":{"wpb_read_more":[],"footnotes":""},"categories":[6],"tags":[107,108,106],"class_list":["post-762","post","type-post","status-publish","format-standard","has-post-thumbnail","hentry","category-voce-sabia","tag-castelinho","tag-castelinhodoparque","tag-parqueinfantil"],"_links":{"self":[{"href":"https:\/\/blogs.correiobraziliense.com.br\/nosso-parque-da-cidade\/wp-json\/wp\/v2\/posts\/762","targetHints":{"allow":["GET"]}}],"collection":[{"href":"https:\/\/blogs.correiobraziliense.com.br\/nosso-parque-da-cidade\/wp-json\/wp\/v2\/posts"}],"about":[{"href":"https:\/\/blogs.correiobraziliense.com.br\/nosso-parque-da-cidade\/wp-json\/wp\/v2\/types\/post"}],"author":[{"embeddable":true,"href":"https:\/\/blogs.correiobraziliense.com.br\/nosso-parque-da-cidade\/wp-json\/wp\/v2\/users\/153"}],"replies":[{"embeddable":true,"href":"https:\/\/blogs.correiobraziliense.com.br\/nosso-parque-da-cidade\/wp-json\/wp\/v2\/comments?post=762"}],"version-history":[{"count":5,"href":"https:\/\/blogs.correiobraziliense.com.br\/nosso-parque-da-cidade\/wp-json\/wp\/v2\/posts\/762\/revisions"}],"predecessor-version":[{"id":800,"href":"https:\/\/blogs.correiobraziliense.com.br\/nosso-parque-da-cidade\/wp-json\/wp\/v2\/posts\/762\/revisions\/800"}],"wp:featuredmedia":[{"embeddable":true,"href":"https:\/\/blogs.correiobraziliense.com.br\/nosso-parque-da-cidade\/wp-json\/wp\/v2\/media\/780"}],"wp:attachment":[{"href":"https:\/\/blogs.correiobraziliense.com.br\/nosso-parque-da-cidade\/wp-json\/wp\/v2\/media?parent=762"}],"wp:term":[{"taxonomy":"category","embeddable":true,"href":"https:\/\/blogs.correiobraziliense.com.br\/nosso-parque-da-cidade\/wp-json\/wp\/v2\/categories?post=762"},{"taxonomy":"post_tag","embeddable":true,"href":"https:\/\/blogs.correiobraziliense.com.br\/nosso-parque-da-cidade\/wp-json\/wp\/v2\/tags?post=762"}],"curies":[{"name":"wp","href":"https:\/\/api.w.org\/{rel}","templated":true}]}}