{"id":75,"date":"2024-02-14T13:20:43","date_gmt":"2024-02-14T16:20:43","guid":{"rendered":"https:\/\/blogs.correiobraziliense.com.br\/nosso-parque-da-cidade\/?p=75"},"modified":"2024-02-14T13:20:43","modified_gmt":"2024-02-14T16:20:43","slug":"acidentes-na-pista","status":"publish","type":"post","link":"https:\/\/blogs.correiobraziliense.com.br\/nosso-parque-da-cidade\/voce-sabia\/acidentes-na-pista\/","title":{"rendered":"Acidentes na Pista"},"content":{"rendered":"<p>Por se tratar de um local de tr\u00e1fego de muitas pessoas, de todas as idades, praticando exerc\u00edcios, pedalando, patinando ou andando de skate, \u00e9 comum acontecerem quedas e acidentes nas pistas do Parque da Cidade. E se voc\u00ea testemunhar algum, pode ajudar e at\u00e9 salvar um vida.<br \/>\nPara atender as ocorr\u00eancias, uma ambul\u00e2ncia do Corpo de Bombeiros fica de plant\u00e3o pr\u00f3ximo ao Estacionamento 13 durante os fins de semana e feriados, e existem 4 motocicletas que fazem a ronda o dia inteiro nos 10km de pista.<\/p>\n<p>A recomenda\u00e7\u00e3o geral, para qualquer tipo de acidente, \u00e9 avisar a vigil\u00e2ncia, se estiverem pr\u00f3ximos, ou chamar imediatamente o Corpo de Bombeiros pelo 193 ou o Samu pelo 192. Por se tratar de uma \u00e1rea central e com v\u00e1rios acessos, o atendimento \u00e9 r\u00e1pido e pode ser acionado por qualquer pessoa.<\/p>\n<figure id=\"attachment_77\" aria-describedby=\"caption-attachment-77\" style=\"width: 1024px\" class=\"wp-caption aligncenter\"><img loading=\"lazy\" decoding=\"async\" class=\"size-large wp-image-77\" src=\"https:\/\/blogs.correiobraziliense.com.br\/nosso-parque-da-cidade\/wp-content\/uploads\/sites\/69\/2024\/02\/foto-02-1024x574.jpeg\" alt=\"ciclista atendido na pista\" width=\"1024\" height=\"574\" srcset=\"https:\/\/blogs.correiobraziliense.com.br\/nosso-parque-da-cidade\/wp-content\/uploads\/sites\/69\/2024\/02\/foto-02-1024x574.jpeg 1024w, https:\/\/blogs.correiobraziliense.com.br\/nosso-parque-da-cidade\/wp-content\/uploads\/sites\/69\/2024\/02\/foto-02-300x168.jpeg 300w, https:\/\/blogs.correiobraziliense.com.br\/nosso-parque-da-cidade\/wp-content\/uploads\/sites\/69\/2024\/02\/foto-02-768x430.jpeg 768w, https:\/\/blogs.correiobraziliense.com.br\/nosso-parque-da-cidade\/wp-content\/uploads\/sites\/69\/2024\/02\/foto-02-800x448.jpeg 800w, https:\/\/blogs.correiobraziliense.com.br\/nosso-parque-da-cidade\/wp-content\/uploads\/sites\/69\/2024\/02\/foto-02-550x308.jpeg 550w, https:\/\/blogs.correiobraziliense.com.br\/nosso-parque-da-cidade\/wp-content\/uploads\/sites\/69\/2024\/02\/foto-02-230x129.jpeg 230w, https:\/\/blogs.correiobraziliense.com.br\/nosso-parque-da-cidade\/wp-content\/uploads\/sites\/69\/2024\/02\/foto-02.jpeg 1140w\" sizes=\"auto, (max-width: 1024px) 100vw, 1024px\" \/><figcaption id=\"caption-attachment-77\" class=\"wp-caption-text\">ciclista atendido na pista<\/figcaption><\/figure>\n<p>Servi\u00e7o de Socorro<br \/>\nBombeiros: 193<br \/>\nSamu:192<\/p>\n","protected":false},"excerpt":{"rendered":"<p>Por se tratar de um local de tr\u00e1fego de muitas pessoas, de todas as idades, praticando exerc\u00edcios, pedalando, patinando ou andando de skate, \u00e9 comum acontecerem quedas e acidentes nas pistas do Parque da Cidade. E se voc\u00ea testemunhar algum, pode ajudar e at\u00e9 salvar um vida. Para atender as ocorr\u00eancias, uma ambul\u00e2ncia do Corpo [&hellip;]<\/p>\n","protected":false},"author":16,"featured_media":76,"comment_status":"open","ping_status":"open","sticky":false,"template":"","format":"standard","meta":{"wpb_read_more":[],"footnotes":""},"categories":[6],"tags":[],"class_list":["post-75","post","type-post","status-publish","format-standard","has-post-thumbnail","hentry","category-voce-sabia"],"_links":{"self":[{"href":"https:\/\/blogs.correiobraziliense.com.br\/nosso-parque-da-cidade\/wp-json\/wp\/v2\/posts\/75","targetHints":{"allow":["GET"]}}],"collection":[{"href":"https:\/\/blogs.correiobraziliense.com.br\/nosso-parque-da-cidade\/wp-json\/wp\/v2\/posts"}],"about":[{"href":"https:\/\/blogs.correiobraziliense.com.br\/nosso-parque-da-cidade\/wp-json\/wp\/v2\/types\/post"}],"author":[{"embeddable":true,"href":"https:\/\/blogs.correiobraziliense.com.br\/nosso-parque-da-cidade\/wp-json\/wp\/v2\/users\/16"}],"replies":[{"embeddable":true,"href":"https:\/\/blogs.correiobraziliense.com.br\/nosso-parque-da-cidade\/wp-json\/wp\/v2\/comments?post=75"}],"version-history":[{"count":1,"href":"https:\/\/blogs.correiobraziliense.com.br\/nosso-parque-da-cidade\/wp-json\/wp\/v2\/posts\/75\/revisions"}],"predecessor-version":[{"id":78,"href":"https:\/\/blogs.correiobraziliense.com.br\/nosso-parque-da-cidade\/wp-json\/wp\/v2\/posts\/75\/revisions\/78"}],"wp:featuredmedia":[{"embeddable":true,"href":"https:\/\/blogs.correiobraziliense.com.br\/nosso-parque-da-cidade\/wp-json\/wp\/v2\/media\/76"}],"wp:attachment":[{"href":"https:\/\/blogs.correiobraziliense.com.br\/nosso-parque-da-cidade\/wp-json\/wp\/v2\/media?parent=75"}],"wp:term":[{"taxonomy":"category","embeddable":true,"href":"https:\/\/blogs.correiobraziliense.com.br\/nosso-parque-da-cidade\/wp-json\/wp\/v2\/categories?post=75"},{"taxonomy":"post_tag","embeddable":true,"href":"https:\/\/blogs.correiobraziliense.com.br\/nosso-parque-da-cidade\/wp-json\/wp\/v2\/tags?post=75"}],"curies":[{"name":"wp","href":"https:\/\/api.w.org\/{rel}","templated":true}]}}