{"id":595,"date":"2024-11-08T20:04:42","date_gmt":"2024-11-08T23:04:42","guid":{"rendered":"https:\/\/blogs.correiobraziliense.com.br\/nosso-parque-da-cidade\/?p=595"},"modified":"2024-11-13T20:00:19","modified_gmt":"2024-11-13T23:00:19","slug":"enquanto-existir-crianca-o-parque-vivera","status":"publish","type":"post","link":"https:\/\/blogs.correiobraziliense.com.br\/nosso-parque-da-cidade\/voce-sabia\/enquanto-existir-crianca-o-parque-vivera\/","title":{"rendered":"&#8220;Enquanto existir crian\u00e7a, o parque viver\u00e1&#8221;"},"content":{"rendered":"<figure id=\"attachment_598\" aria-describedby=\"caption-attachment-598\" style=\"width: 1024px\" class=\"wp-caption alignnone\"><img loading=\"lazy\" decoding=\"async\" src=\"https:\/\/blogs.correiobraziliense.com.br\/nosso-parque-da-cidade\/wp-content\/uploads\/sites\/69\/2024\/11\/09-07-2023-Credito-Ed-Alves-RG-vermelha-1024x679.jpg\" alt=\"\" width=\"1024\" height=\"679\" class=\"size-large wp-image-598\" srcset=\"https:\/\/blogs.correiobraziliense.com.br\/nosso-parque-da-cidade\/wp-content\/uploads\/sites\/69\/2024\/11\/09-07-2023-Credito-Ed-Alves-RG-vermelha-1024x679.jpg 1024w, https:\/\/blogs.correiobraziliense.com.br\/nosso-parque-da-cidade\/wp-content\/uploads\/sites\/69\/2024\/11\/09-07-2023-Credito-Ed-Alves-RG-vermelha-300x199.jpg 300w, https:\/\/blogs.correiobraziliense.com.br\/nosso-parque-da-cidade\/wp-content\/uploads\/sites\/69\/2024\/11\/09-07-2023-Credito-Ed-Alves-RG-vermelha-768x509.jpg 768w, https:\/\/blogs.correiobraziliense.com.br\/nosso-parque-da-cidade\/wp-content\/uploads\/sites\/69\/2024\/11\/09-07-2023-Credito-Ed-Alves-RG-vermelha.jpg 1440w, https:\/\/blogs.correiobraziliense.com.br\/nosso-parque-da-cidade\/wp-content\/uploads\/sites\/69\/2024\/11\/09-07-2023-Credito-Ed-Alves-RG-vermelha-800x530.jpg 800w, https:\/\/blogs.correiobraziliense.com.br\/nosso-parque-da-cidade\/wp-content\/uploads\/sites\/69\/2024\/11\/09-07-2023-Credito-Ed-Alves-RG-vermelha-550x365.jpg 550w, https:\/\/blogs.correiobraziliense.com.br\/nosso-parque-da-cidade\/wp-content\/uploads\/sites\/69\/2024\/11\/09-07-2023-Credito-Ed-Alves-RG-vermelha-230x152.jpg 230w\" sizes=\"auto, (max-width: 1024px) 100vw, 1024px\" \/><figcaption id=\"caption-attachment-598\" class=\"wp-caption-text\">Ferris Wheels &#8211; roda gigante panor\u00e2mica\/ Foto Ed Alves 9\/7\/23 Acervo Cedoc CB<\/figcaption><\/figure>\n<p>Vista de longe, a roda gigante panor\u00e2mica Ferris Wheels j\u00e1 virou \u00edcone de Bras\u00edlia e chama aten\u00e7\u00e3o de turistas instalados nos setores hoteleiros. Quem vai ao Parque da Cidade e passa perto do Nicol\u00e2ndia, n\u00e3o consegue deixar de observar aquele lugar cheio de cores e de brinquedos enormes, com muito barulho de festa, quando est\u00e1 em funcionamento.<\/p>\n<p>O Nicol\u00e2ndia j\u00e1 \u00e9 uma lenda, faz parte da mem\u00f3ria afetiva dos brasilienses, de pioneiros, seus descendentes e dos moradores da cidade que viveram a inf\u00e2ncia aqui, pois ele chegou na capital desde seu in\u00edcio, e recebe um carinho especial da popula\u00e7\u00e3o do DF e das gera\u00e7\u00f5es que continuam se divertindo no local.<\/p>\n<figure id=\"attachment_599\" aria-describedby=\"caption-attachment-599\" style=\"width: 1024px\" class=\"wp-caption alignnone\"><img loading=\"lazy\" decoding=\"async\" src=\"https:\/\/blogs.correiobraziliense.com.br\/nosso-parque-da-cidade\/wp-content\/uploads\/sites\/69\/2024\/11\/12-10-2003.-Credito-Carlos-Moura-minhoca-1024x672.jpg\" alt=\"\" width=\"1024\" height=\"672\" class=\"size-large wp-image-599\" srcset=\"https:\/\/blogs.correiobraziliense.com.br\/nosso-parque-da-cidade\/wp-content\/uploads\/sites\/69\/2024\/11\/12-10-2003.-Credito-Carlos-Moura-minhoca-1024x672.jpg 1024w, https:\/\/blogs.correiobraziliense.com.br\/nosso-parque-da-cidade\/wp-content\/uploads\/sites\/69\/2024\/11\/12-10-2003.-Credito-Carlos-Moura-minhoca-300x197.jpg 300w, https:\/\/blogs.correiobraziliense.com.br\/nosso-parque-da-cidade\/wp-content\/uploads\/sites\/69\/2024\/11\/12-10-2003.-Credito-Carlos-Moura-minhoca-768x504.jpg 768w, https:\/\/blogs.correiobraziliense.com.br\/nosso-parque-da-cidade\/wp-content\/uploads\/sites\/69\/2024\/11\/12-10-2003.-Credito-Carlos-Moura-minhoca.jpg 1440w, https:\/\/blogs.correiobraziliense.com.br\/nosso-parque-da-cidade\/wp-content\/uploads\/sites\/69\/2024\/11\/12-10-2003.-Credito-Carlos-Moura-minhoca-800x525.jpg 800w, https:\/\/blogs.correiobraziliense.com.br\/nosso-parque-da-cidade\/wp-content\/uploads\/sites\/69\/2024\/11\/12-10-2003.-Credito-Carlos-Moura-minhoca-550x361.jpg 550w, https:\/\/blogs.correiobraziliense.com.br\/nosso-parque-da-cidade\/wp-content\/uploads\/sites\/69\/2024\/11\/12-10-2003.-Credito-Carlos-Moura-minhoca-230x151.jpg 230w\" sizes=\"auto, (max-width: 1024px) 100vw, 1024px\" \/><figcaption id=\"caption-attachment-599\" class=\"wp-caption-text\">Foto CARLOS MOURA<\/figcaption><\/figure>\n<p>Entretanto, a maioria das pessoas n\u00e3o sabe como o Nicol\u00e2ndia surgiu e veio parar no Parque da Cidade, e que, por tr\u00e1s dele, tem a hist\u00f3ria de um homem que acreditava na magia dos brinquedos e adorava o ambiente alegre que um parque de divers\u00f5es poderia proporcionar, principalmente para as crian\u00e7as.<\/p>\n<figure id=\"attachment_584\" aria-describedby=\"caption-attachment-584\" style=\"width: 1024px\" class=\"wp-caption alignnone\"><img loading=\"lazy\" decoding=\"async\" src=\"https:\/\/blogs.correiobraziliense.com.br\/nosso-parque-da-cidade\/wp-content\/uploads\/sites\/69\/2024\/11\/Nicolandia-1024x784.jpeg\" alt=\"\" width=\"1024\" height=\"784\" class=\"size-large wp-image-584\" srcset=\"https:\/\/blogs.correiobraziliense.com.br\/nosso-parque-da-cidade\/wp-content\/uploads\/sites\/69\/2024\/11\/Nicolandia-1024x784.jpeg 1024w, https:\/\/blogs.correiobraziliense.com.br\/nosso-parque-da-cidade\/wp-content\/uploads\/sites\/69\/2024\/11\/Nicolandia-300x230.jpeg 300w, https:\/\/blogs.correiobraziliense.com.br\/nosso-parque-da-cidade\/wp-content\/uploads\/sites\/69\/2024\/11\/Nicolandia-768x588.jpeg 768w, https:\/\/blogs.correiobraziliense.com.br\/nosso-parque-da-cidade\/wp-content\/uploads\/sites\/69\/2024\/11\/Nicolandia-800x613.jpeg 800w, https:\/\/blogs.correiobraziliense.com.br\/nosso-parque-da-cidade\/wp-content\/uploads\/sites\/69\/2024\/11\/Nicolandia-550x421.jpeg 550w, https:\/\/blogs.correiobraziliense.com.br\/nosso-parque-da-cidade\/wp-content\/uploads\/sites\/69\/2024\/11\/Nicolandia-230x176.jpeg 230w, https:\/\/blogs.correiobraziliense.com.br\/nosso-parque-da-cidade\/wp-content\/uploads\/sites\/69\/2024\/11\/Nicolandia.jpeg 1280w\" sizes=\"auto, (max-width: 1024px) 100vw, 1024px\" \/><figcaption id=\"caption-attachment-584\" class=\"wp-caption-text\">Fila pra entra no Nicolandia cedinho \/ Foto CV out2024<\/figcaption><\/figure>\n<p>Depois de rodar o pa\u00eds inteiro trabalhando em um parque de divers\u00f5es itinerante, com apenas dois brinquedos, uma pequena roda gigante, que recebeu de uma quita\u00e7\u00e3o de d\u00edvida trabalhista, e um carrossel, seu Nico, apelido de Antonio Hil\u00e1rio de Souza, criou o Nicol\u00e2ndia, em 1961. Primeiro funcionando na 309 Sul, depois pr\u00f3ximo \u00e0 Torre de TV, at\u00e9 mudar definitivamente para o Parque da Cidade, e ser inaugurado com ele.<br \/>\n<figure id=\"attachment_600\" aria-describedby=\"caption-attachment-600\" style=\"width: 1024px\" class=\"wp-caption alignnone\"><img loading=\"lazy\" decoding=\"async\" src=\"https:\/\/blogs.correiobraziliense.com.br\/nosso-parque-da-cidade\/wp-content\/uploads\/sites\/69\/2024\/11\/27-07-1989.-Cr\u00e9dito-F.-GualbertoCB.-Antonio-Hil\u00e1rio-de-Souza-o-Seu-Nico-fundador-do-Nicol\u00e2ndia-1024x721.jpg\" alt=\"\" width=\"1024\" height=\"721\" class=\"size-large wp-image-600\" srcset=\"https:\/\/blogs.correiobraziliense.com.br\/nosso-parque-da-cidade\/wp-content\/uploads\/sites\/69\/2024\/11\/27-07-1989.-Cr\u00e9dito-F.-GualbertoCB.-Antonio-Hil\u00e1rio-de-Souza-o-Seu-Nico-fundador-do-Nicol\u00e2ndia-1024x721.jpg 1024w, https:\/\/blogs.correiobraziliense.com.br\/nosso-parque-da-cidade\/wp-content\/uploads\/sites\/69\/2024\/11\/27-07-1989.-Cr\u00e9dito-F.-GualbertoCB.-Antonio-Hil\u00e1rio-de-Souza-o-Seu-Nico-fundador-do-Nicol\u00e2ndia-300x211.jpg 300w, https:\/\/blogs.correiobraziliense.com.br\/nosso-parque-da-cidade\/wp-content\/uploads\/sites\/69\/2024\/11\/27-07-1989.-Cr\u00e9dito-F.-GualbertoCB.-Antonio-Hil\u00e1rio-de-Souza-o-Seu-Nico-fundador-do-Nicol\u00e2ndia-768x541.jpg 768w, https:\/\/blogs.correiobraziliense.com.br\/nosso-parque-da-cidade\/wp-content\/uploads\/sites\/69\/2024\/11\/27-07-1989.-Cr\u00e9dito-F.-GualbertoCB.-Antonio-Hil\u00e1rio-de-Souza-o-Seu-Nico-fundador-do-Nicol\u00e2ndia-1440x1014.jpg 1440w, https:\/\/blogs.correiobraziliense.com.br\/nosso-parque-da-cidade\/wp-content\/uploads\/sites\/69\/2024\/11\/27-07-1989.-Cr\u00e9dito-F.-GualbertoCB.-Antonio-Hil\u00e1rio-de-Souza-o-Seu-Nico-fundador-do-Nicol\u00e2ndia-800x563.jpg 800w, https:\/\/blogs.correiobraziliense.com.br\/nosso-parque-da-cidade\/wp-content\/uploads\/sites\/69\/2024\/11\/27-07-1989.-Cr\u00e9dito-F.-GualbertoCB.-Antonio-Hil\u00e1rio-de-Souza-o-Seu-Nico-fundador-do-Nicol\u00e2ndia-550x387.jpg 550w, https:\/\/blogs.correiobraziliense.com.br\/nosso-parque-da-cidade\/wp-content\/uploads\/sites\/69\/2024\/11\/27-07-1989.-Cr\u00e9dito-F.-GualbertoCB.-Antonio-Hil\u00e1rio-de-Souza-o-Seu-Nico-fundador-do-Nicol\u00e2ndia-230x162.jpg 230w, https:\/\/blogs.correiobraziliense.com.br\/nosso-parque-da-cidade\/wp-content\/uploads\/sites\/69\/2024\/11\/27-07-1989.-Cr\u00e9dito-F.-GualbertoCB.-Antonio-Hil\u00e1rio-de-Souza-o-Seu-Nico-fundador-do-Nicol\u00e2ndia.jpg 2048w\" sizes=\"auto, (max-width: 1024px) 100vw, 1024px\" \/><figcaption id=\"caption-attachment-600\" class=\"wp-caption-text\">Seu Nico Foto F. Gualberto 27\/7\/1989 Acervo CedocCB<\/figcaption><\/figure><\/p>\n<p>Sim, o Nicol\u00e2ndia, que significa cidade do Nico, uma refer\u00eancia \u00e0 Disneyl\u00e2ndia, existia antes do Parque da Cidade, nasceu de um sonho empreendedor, cresceu, se modernizou, e hoje \u00e9 um dos poucos parques de divers\u00f5es fixos no pa\u00eds. Com mais de 30 atra\u00e7\u00f5es, entre elas o 360, \u00fanico na Am\u00e9rica Latina, que soma-se a alguns brinquedos para quem gosta de emo\u00e7\u00f5es fortes, como o Kabum que faz uma queda livre de 30 metros de altura e o Colossus Loop, uma montanha russa que gera adrenalina at\u00e9 em quem s\u00f3 observa, o Nicol\u00e2ndia tem  op\u00e7\u00f5es pra todas as idades, como os cl\u00e1ssicos Tobog\u00e3,  Bate-Bate, e o Carrossel, que sempre existiram ali e foram trocados por outros mais atuais ao longo dos anos. O destaque \u00e9 a Ferris Wheel, a roda gigante panor\u00e2mica, com 40 metros de altura, que proporciona uma vista privilegiada do Parque e dos principais cart\u00f5es postais de Bras\u00edlia.<\/p>\n<figure id=\"attachment_602\" aria-describedby=\"caption-attachment-602\" style=\"width: 1024px\" class=\"wp-caption alignnone\"><img loading=\"lazy\" decoding=\"async\" src=\"https:\/\/blogs.correiobraziliense.com.br\/nosso-parque-da-cidade\/wp-content\/uploads\/sites\/69\/2024\/11\/09-07-2023-Credito-Ed-Alves-RG-noite-1024x669.jpg\" alt=\"\" width=\"1024\" height=\"669\" class=\"size-large wp-image-602\" srcset=\"https:\/\/blogs.correiobraziliense.com.br\/nosso-parque-da-cidade\/wp-content\/uploads\/sites\/69\/2024\/11\/09-07-2023-Credito-Ed-Alves-RG-noite-1024x669.jpg 1024w, https:\/\/blogs.correiobraziliense.com.br\/nosso-parque-da-cidade\/wp-content\/uploads\/sites\/69\/2024\/11\/09-07-2023-Credito-Ed-Alves-RG-noite-300x196.jpg 300w, https:\/\/blogs.correiobraziliense.com.br\/nosso-parque-da-cidade\/wp-content\/uploads\/sites\/69\/2024\/11\/09-07-2023-Credito-Ed-Alves-RG-noite-768x502.jpg 768w, https:\/\/blogs.correiobraziliense.com.br\/nosso-parque-da-cidade\/wp-content\/uploads\/sites\/69\/2024\/11\/09-07-2023-Credito-Ed-Alves-RG-noite.jpg 1440w, https:\/\/blogs.correiobraziliense.com.br\/nosso-parque-da-cidade\/wp-content\/uploads\/sites\/69\/2024\/11\/09-07-2023-Credito-Ed-Alves-RG-noite-800x523.jpg 800w, https:\/\/blogs.correiobraziliense.com.br\/nosso-parque-da-cidade\/wp-content\/uploads\/sites\/69\/2024\/11\/09-07-2023-Credito-Ed-Alves-RG-noite-550x360.jpg 550w, https:\/\/blogs.correiobraziliense.com.br\/nosso-parque-da-cidade\/wp-content\/uploads\/sites\/69\/2024\/11\/09-07-2023-Credito-Ed-Alves-RG-noite-230x150.jpg 230w\" sizes=\"auto, (max-width: 1024px) 100vw, 1024px\" \/><figcaption id=\"caption-attachment-602\" class=\"wp-caption-text\">Nicol\u00e2ndia Foto Ed Alves 0907\/2023 Acervo Cedoc CB<\/figcaption><\/figure>\n<p>O Nicol\u00e2ndia, virou Nova Nicol\u00e2ndia, e depois do falecimento de seu Nico, em 2001, continuou na fam\u00edlia, administrado pelos dois filhos Marcelo e Marco Antonio e m\u00e3e deles, D. Maria. Com foco nas crian\u00e7as, o parque mant\u00e9m atra\u00e7\u00f5es pra toda a fam\u00edlia, promovendo divers\u00e3o, com servi\u00e7o de alimenta\u00e7\u00e3o e atra\u00e7\u00f5es especiais, shows e outras apresenta\u00e7\u00f5es art\u00edsticas. Re\u00fane cerca de 200 mil visitantes ao ano e \u00e9, sem d\u00favida, um patrim\u00f4nio de Bras\u00edlia, e do Parque da Cidade.<\/p>\n<p><img loading=\"lazy\" decoding=\"async\" src=\"https:\/\/blogs.correiobraziliense.com.br\/nosso-parque-da-cidade\/wp-content\/uploads\/sites\/69\/2024\/11\/Photo-Grafia-ZS-724x1024.jpg\" alt=\"\" width=\"724\" height=\"1024\" class=\"alignnone size-large wp-image-604\" srcset=\"https:\/\/blogs.correiobraziliense.com.br\/nosso-parque-da-cidade\/wp-content\/uploads\/sites\/69\/2024\/11\/Photo-Grafia-ZS.jpg 724w, https:\/\/blogs.correiobraziliense.com.br\/nosso-parque-da-cidade\/wp-content\/uploads\/sites\/69\/2024\/11\/Photo-Grafia-ZS-212x300.jpg 212w, https:\/\/blogs.correiobraziliense.com.br\/nosso-parque-da-cidade\/wp-content\/uploads\/sites\/69\/2024\/11\/Photo-Grafia-ZS-768x1086.jpg 768w, https:\/\/blogs.correiobraziliense.com.br\/nosso-parque-da-cidade\/wp-content\/uploads\/sites\/69\/2024\/11\/Photo-Grafia-ZS-1440x2036.jpg 1440w, https:\/\/blogs.correiobraziliense.com.br\/nosso-parque-da-cidade\/wp-content\/uploads\/sites\/69\/2024\/11\/Photo-Grafia-ZS-800x1131.jpg 800w, https:\/\/blogs.correiobraziliense.com.br\/nosso-parque-da-cidade\/wp-content\/uploads\/sites\/69\/2024\/11\/Photo-Grafia-ZS-550x778.jpg 550w, https:\/\/blogs.correiobraziliense.com.br\/nosso-parque-da-cidade\/wp-content\/uploads\/sites\/69\/2024\/11\/Photo-Grafia-ZS-230x325.jpg 230w\" sizes=\"auto, (max-width: 724px) 100vw, 724px\" \/><\/p>\n<p>Leia mais sobre o Nicol\u00e2ndia <a href=\"https:\/\/blogs.correiobraziliense.com.br\/marcas-e-negocios\/2024\/09\/21\/terra-magica-no-coracao-do-df\/\">aqui<\/a><\/p>\n","protected":false},"excerpt":{"rendered":"<p>Vista de longe, a roda gigante panor\u00e2mica Ferris Wheels j\u00e1 virou \u00edcone de Bras\u00edlia e chama aten\u00e7\u00e3o de turistas instalados nos setores hoteleiros. Quem vai ao Parque da Cidade e passa perto do Nicol\u00e2ndia, n\u00e3o consegue deixar de observar aquele lugar cheio de cores e de brinquedos enormes, com muito barulho de festa, quando est\u00e1 [&hellip;]<\/p>\n","protected":false},"author":153,"featured_media":597,"comment_status":"open","ping_status":"open","sticky":false,"template":"","format":"standard","meta":{"wpb_read_more":[],"footnotes":""},"categories":[6],"tags":[73,76,74,75],"class_list":["post-595","post","type-post","status-publish","format-standard","has-post-thumbnail","hentry","category-voce-sabia","tag-nicolandia","tag-parquedediversoes","tag-rodagigante","tag-seunico"],"_links":{"self":[{"href":"https:\/\/blogs.correiobraziliense.com.br\/nosso-parque-da-cidade\/wp-json\/wp\/v2\/posts\/595","targetHints":{"allow":["GET"]}}],"collection":[{"href":"https:\/\/blogs.correiobraziliense.com.br\/nosso-parque-da-cidade\/wp-json\/wp\/v2\/posts"}],"about":[{"href":"https:\/\/blogs.correiobraziliense.com.br\/nosso-parque-da-cidade\/wp-json\/wp\/v2\/types\/post"}],"author":[{"embeddable":true,"href":"https:\/\/blogs.correiobraziliense.com.br\/nosso-parque-da-cidade\/wp-json\/wp\/v2\/users\/153"}],"replies":[{"embeddable":true,"href":"https:\/\/blogs.correiobraziliense.com.br\/nosso-parque-da-cidade\/wp-json\/wp\/v2\/comments?post=595"}],"version-history":[{"count":9,"href":"https:\/\/blogs.correiobraziliense.com.br\/nosso-parque-da-cidade\/wp-json\/wp\/v2\/posts\/595\/revisions"}],"predecessor-version":[{"id":613,"href":"https:\/\/blogs.correiobraziliense.com.br\/nosso-parque-da-cidade\/wp-json\/wp\/v2\/posts\/595\/revisions\/613"}],"wp:featuredmedia":[{"embeddable":true,"href":"https:\/\/blogs.correiobraziliense.com.br\/nosso-parque-da-cidade\/wp-json\/wp\/v2\/media\/597"}],"wp:attachment":[{"href":"https:\/\/blogs.correiobraziliense.com.br\/nosso-parque-da-cidade\/wp-json\/wp\/v2\/media?parent=595"}],"wp:term":[{"taxonomy":"category","embeddable":true,"href":"https:\/\/blogs.correiobraziliense.com.br\/nosso-parque-da-cidade\/wp-json\/wp\/v2\/categories?post=595"},{"taxonomy":"post_tag","embeddable":true,"href":"https:\/\/blogs.correiobraziliense.com.br\/nosso-parque-da-cidade\/wp-json\/wp\/v2\/tags?post=595"}],"curies":[{"name":"wp","href":"https:\/\/api.w.org\/{rel}","templated":true}]}}