{"id":544,"date":"2024-10-11T22:02:54","date_gmt":"2024-10-12T01:02:54","guid":{"rendered":"https:\/\/blogs.correiobraziliense.com.br\/nosso-parque-da-cidade\/?p=544"},"modified":"2024-10-25T21:17:07","modified_gmt":"2024-10-26T00:17:07","slug":"o-parque-da-cidade-faz-46-anos","status":"publish","type":"post","link":"https:\/\/blogs.correiobraziliense.com.br\/nosso-parque-da-cidade\/voce-sabia\/o-parque-da-cidade-faz-46-anos\/","title":{"rendered":"O PARQUE DA CIDADE FAZ 46 ANOS"},"content":{"rendered":"<p class=\"western\" align=\"left\">Imagine Bras\u00edlia, hoje, sem o Parque da Cidade.<\/p>\n<p class=\"western\" align=\"left\">Nas v\u00e9speras do Dia das Crian\u00e7as, no dia 11 de outubro de 1978, h\u00e1 46 anos, o Parque da Cidade foi inaugurado como maior centro de lazer da Am\u00e9rica Latina. Para uma cidade que crescia e j\u00e1 contava com 800 mil habitantes vivendo longe do litoral e das montanhas, foi uma grande entrega.<\/p>\n<p align=\"left\">\n<figure id=\"attachment_558\" aria-describedby=\"caption-attachment-558\" style=\"width: 1024px\" class=\"wp-caption alignnone\"><img loading=\"lazy\" decoding=\"async\" class=\"size-large wp-image-558\" src=\"https:\/\/blogs.correiobraziliense.com.br\/nosso-parque-da-cidade\/wp-content\/uploads\/sites\/69\/2024\/10\/Publico-caminha-pra-inaugura\u00e7\u00e3o-1024x685.jpeg\" alt=\"\" width=\"1024\" height=\"685\" srcset=\"https:\/\/blogs.correiobraziliense.com.br\/nosso-parque-da-cidade\/wp-content\/uploads\/sites\/69\/2024\/10\/Publico-caminha-pra-inaugura\u00e7\u00e3o-1024x685.jpeg 1024w, https:\/\/blogs.correiobraziliense.com.br\/nosso-parque-da-cidade\/wp-content\/uploads\/sites\/69\/2024\/10\/Publico-caminha-pra-inaugura\u00e7\u00e3o-300x201.jpeg 300w, https:\/\/blogs.correiobraziliense.com.br\/nosso-parque-da-cidade\/wp-content\/uploads\/sites\/69\/2024\/10\/Publico-caminha-pra-inaugura\u00e7\u00e3o-768x514.jpeg 768w, https:\/\/blogs.correiobraziliense.com.br\/nosso-parque-da-cidade\/wp-content\/uploads\/sites\/69\/2024\/10\/Publico-caminha-pra-inaugura\u00e7\u00e3o.jpeg 1440w, https:\/\/blogs.correiobraziliense.com.br\/nosso-parque-da-cidade\/wp-content\/uploads\/sites\/69\/2024\/10\/Publico-caminha-pra-inaugura\u00e7\u00e3o-800x536.jpeg 800w, https:\/\/blogs.correiobraziliense.com.br\/nosso-parque-da-cidade\/wp-content\/uploads\/sites\/69\/2024\/10\/Publico-caminha-pra-inaugura\u00e7\u00e3o-550x368.jpeg 550w, https:\/\/blogs.correiobraziliense.com.br\/nosso-parque-da-cidade\/wp-content\/uploads\/sites\/69\/2024\/10\/Publico-caminha-pra-inaugura\u00e7\u00e3o-230x154.jpeg 230w\" sizes=\"auto, (max-width: 1024px) 100vw, 1024px\" \/><figcaption id=\"caption-attachment-558\" class=\"wp-caption-text\">Pessoas a caminho da cerim\u00f4nia de inaugura\u00e7\u00e3o do Parque da Cidade \/ Foto Joaquim Firmino 11\/10\/1978 acervo Cedoc-CB<\/figcaption><\/figure>\n<p>&nbsp;<\/p>\n<figure id=\"attachment_552\" aria-describedby=\"caption-attachment-552\" style=\"width: 1024px\" class=\"wp-caption alignnone\"><img loading=\"lazy\" decoding=\"async\" class=\"size-large wp-image-552\" src=\"https:\/\/blogs.correiobraziliense.com.br\/nosso-parque-da-cidade\/wp-content\/uploads\/sites\/69\/2024\/10\/Povo-na-inaugura\u00e7\u00e3o-1024x701.jpeg\" alt=\"\" width=\"1024\" height=\"701\" srcset=\"https:\/\/blogs.correiobraziliense.com.br\/nosso-parque-da-cidade\/wp-content\/uploads\/sites\/69\/2024\/10\/Povo-na-inaugura\u00e7\u00e3o-1024x701.jpeg 1024w, https:\/\/blogs.correiobraziliense.com.br\/nosso-parque-da-cidade\/wp-content\/uploads\/sites\/69\/2024\/10\/Povo-na-inaugura\u00e7\u00e3o-300x205.jpeg 300w, https:\/\/blogs.correiobraziliense.com.br\/nosso-parque-da-cidade\/wp-content\/uploads\/sites\/69\/2024\/10\/Povo-na-inaugura\u00e7\u00e3o-768x526.jpeg 768w, https:\/\/blogs.correiobraziliense.com.br\/nosso-parque-da-cidade\/wp-content\/uploads\/sites\/69\/2024\/10\/Povo-na-inaugura\u00e7\u00e3o.jpeg 1440w, https:\/\/blogs.correiobraziliense.com.br\/nosso-parque-da-cidade\/wp-content\/uploads\/sites\/69\/2024\/10\/Povo-na-inaugura\u00e7\u00e3o-800x548.jpeg 800w, https:\/\/blogs.correiobraziliense.com.br\/nosso-parque-da-cidade\/wp-content\/uploads\/sites\/69\/2024\/10\/Povo-na-inaugura\u00e7\u00e3o-550x376.jpeg 550w, https:\/\/blogs.correiobraziliense.com.br\/nosso-parque-da-cidade\/wp-content\/uploads\/sites\/69\/2024\/10\/Povo-na-inaugura\u00e7\u00e3o-230x157.jpeg 230w\" sizes=\"auto, (max-width: 1024px) 100vw, 1024px\" \/><figcaption id=\"caption-attachment-552\" class=\"wp-caption-text\">Presentes na inaugura\u00e7\u00e3o do Parque \/ Foto Marcus Otoni 11-10-1978 Acervo Cedoc- CB<\/figcaption><\/figure>\n<p>&nbsp;<\/p>\n<figure id=\"attachment_550\" aria-describedby=\"caption-attachment-550\" style=\"width: 1024px\" class=\"wp-caption alignnone\"><img loading=\"lazy\" decoding=\"async\" class=\"size-large wp-image-550\" src=\"https:\/\/blogs.correiobraziliense.com.br\/nosso-parque-da-cidade\/wp-content\/uploads\/sites\/69\/2024\/10\/Pessoas-na-inaugura\u00e7\u00e3o-1024x764.jpeg\" alt=\"\" width=\"1024\" height=\"764\" srcset=\"https:\/\/blogs.correiobraziliense.com.br\/nosso-parque-da-cidade\/wp-content\/uploads\/sites\/69\/2024\/10\/Pessoas-na-inaugura\u00e7\u00e3o-1024x764.jpeg 1024w, https:\/\/blogs.correiobraziliense.com.br\/nosso-parque-da-cidade\/wp-content\/uploads\/sites\/69\/2024\/10\/Pessoas-na-inaugura\u00e7\u00e3o-300x224.jpeg 300w, https:\/\/blogs.correiobraziliense.com.br\/nosso-parque-da-cidade\/wp-content\/uploads\/sites\/69\/2024\/10\/Pessoas-na-inaugura\u00e7\u00e3o-768x573.jpeg 768w, https:\/\/blogs.correiobraziliense.com.br\/nosso-parque-da-cidade\/wp-content\/uploads\/sites\/69\/2024\/10\/Pessoas-na-inaugura\u00e7\u00e3o-1440x1074.jpeg 1440w, https:\/\/blogs.correiobraziliense.com.br\/nosso-parque-da-cidade\/wp-content\/uploads\/sites\/69\/2024\/10\/Pessoas-na-inaugura\u00e7\u00e3o-800x597.jpeg 800w, https:\/\/blogs.correiobraziliense.com.br\/nosso-parque-da-cidade\/wp-content\/uploads\/sites\/69\/2024\/10\/Pessoas-na-inaugura\u00e7\u00e3o-550x410.jpeg 550w, https:\/\/blogs.correiobraziliense.com.br\/nosso-parque-da-cidade\/wp-content\/uploads\/sites\/69\/2024\/10\/Pessoas-na-inaugura\u00e7\u00e3o-230x171.jpeg 230w, https:\/\/blogs.correiobraziliense.com.br\/nosso-parque-da-cidade\/wp-content\/uploads\/sites\/69\/2024\/10\/Pessoas-na-inaugura\u00e7\u00e3o.jpeg 1373w\" sizes=\"auto, (max-width: 1024px) 100vw, 1024px\" \/><figcaption id=\"caption-attachment-550\" class=\"wp-caption-text\">Multid\u00e3o prestigiou a inaugura\u00e7\u00e3o do Parque\/ Foto Adauto Cruz 11-10-1978 Acervo Cedoc-CB<\/figcaption><\/figure>\n<p>&nbsp;<\/p>\n<p class=\"western\" align=\"left\">No discurso de inaugura\u00e7\u00e3o, o Governador Elmo Serejo, vision\u00e1rio, destacou dois aspectos muito importantes que tamb\u00e9m fundamentaram a cria\u00e7\u00e3o do Parque, pouco conhecidos, mas que continuam sendo fortes pilares pra valoriza\u00e7\u00e3o de sua exist\u00eancia.<\/p>\n<p class=\"western\" align=\"left\">O primeiro, sobre a import\u00e2ncia da cria\u00e7\u00e3o do Parque para evitar constru\u00e7\u00f5es e invas\u00f5es do espa\u00e7o urbano em uma \u00e1rea central da capital:<\/p>\n<p class=\"western\" align=\"left\">\u201cEstamos entregando \u00e0 popula\u00e7\u00e3o do Distrito Federal este Parque, com 4 milh\u00f5es de metros quadrados, completamente equipado como \u00e1rea de recrea\u00e7\u00e3o e lazer, situado em local nobre de Bras\u00edlia. Se n\u00e3o fora sua implanta\u00e7\u00e3o, em bem pouco tempo ter\u00edamos um retalhamento t\u00e3o ao gosto daqueles que exercitam a especula\u00e7\u00e3o imobili\u00e1ria\u201d.<\/p>\n<p class=\"western\" align=\"left\">O outro aspecto \u00e9 tamb\u00e9m de grande relev\u00e2ncia, principalmente numa \u00e9poca em que sofremos globalmente as consequ\u00eancias da emerg\u00eancia clim\u00e1tica. O Governador tratou da import\u00e2ncia da preserva\u00e7\u00e3o ambiental com a cria\u00e7\u00e3o do Parque:<\/p>\n<p class=\"western\" align=\"left\">\u201cEsta \u00e1rea de 4 milh\u00f5es de metros quadrados est\u00e1 preservada numa a\u00e7\u00e3o objetiva que o nosso governo lega \u00e0s gera\u00e7\u00f5es futuras na defesa do meio ambiente, t\u00e3o em moda e sua aplica\u00e7\u00e3o, mas com t\u00e3o poucos se dedicando a ela.\u201d<\/p>\n<p class=\"western\" align=\"left\">Para se ter uma no\u00e7\u00e3o sobre a import\u00e2ncia da cria\u00e7\u00e3o desse espa\u00e7o, basta refletir sobre como seria viver hoje em Bras\u00edlia sem o Parque da Cidade, em termos de impacto ambiental e de configura\u00e7\u00e3o geogr\u00e1fica e imobili\u00e1ria, al\u00e9m de tudo que ele oferece at\u00e9 hoje como maior \u00e1rea aberta ao p\u00fablico para a pr\u00e1tica de esportes, lazer e entretenimento ao ar livre.<\/p>\n<p align=\"left\">O dia seguinte \u00e0 inaugura\u00e7\u00e3o houve o comparecimento em massa da popula\u00e7\u00e3o que queria conhecer e usufruir das novidades do Parque.<\/p>\n<p align=\"left\">\n<figure id=\"attachment_551\" aria-describedby=\"caption-attachment-551\" style=\"width: 1024px\" class=\"wp-caption alignnone\"><img loading=\"lazy\" decoding=\"async\" class=\"size-large wp-image-551\" src=\"https:\/\/blogs.correiobraziliense.com.br\/nosso-parque-da-cidade\/wp-content\/uploads\/sites\/69\/2024\/10\/Engarrafamento-1024x636.jpeg\" alt=\"\" width=\"1024\" height=\"636\" srcset=\"https:\/\/blogs.correiobraziliense.com.br\/nosso-parque-da-cidade\/wp-content\/uploads\/sites\/69\/2024\/10\/Engarrafamento-1024x636.jpeg 1024w, https:\/\/blogs.correiobraziliense.com.br\/nosso-parque-da-cidade\/wp-content\/uploads\/sites\/69\/2024\/10\/Engarrafamento-300x186.jpeg 300w, https:\/\/blogs.correiobraziliense.com.br\/nosso-parque-da-cidade\/wp-content\/uploads\/sites\/69\/2024\/10\/Engarrafamento-768x477.jpeg 768w, https:\/\/blogs.correiobraziliense.com.br\/nosso-parque-da-cidade\/wp-content\/uploads\/sites\/69\/2024\/10\/Engarrafamento.jpeg 1440w, https:\/\/blogs.correiobraziliense.com.br\/nosso-parque-da-cidade\/wp-content\/uploads\/sites\/69\/2024\/10\/Engarrafamento-800x497.jpeg 800w, https:\/\/blogs.correiobraziliense.com.br\/nosso-parque-da-cidade\/wp-content\/uploads\/sites\/69\/2024\/10\/Engarrafamento-550x341.jpeg 550w, https:\/\/blogs.correiobraziliense.com.br\/nosso-parque-da-cidade\/wp-content\/uploads\/sites\/69\/2024\/10\/Engarrafamento-230x143.jpeg 230w\" sizes=\"auto, (max-width: 1024px) 100vw, 1024px\" \/><figcaption id=\"caption-attachment-551\" class=\"wp-caption-text\">O primeiro dia do Parque gerou engarrafamento na cidade. Foto Joaquim Firmino 12-10-1978 Acervo Cedoc- CB<\/figcaption><\/figure>\n<p>&nbsp;<\/p>\n<figure id=\"attachment_559\" aria-describedby=\"caption-attachment-559\" style=\"width: 1024px\" class=\"wp-caption alignnone\"><img loading=\"lazy\" decoding=\"async\" class=\"size-large wp-image-559\" src=\"https:\/\/blogs.correiobraziliense.com.br\/nosso-parque-da-cidade\/wp-content\/uploads\/sites\/69\/2024\/10\/P\u00fablico-fila-pra-piscina-1024x852.jpeg\" alt=\"\" width=\"1024\" height=\"852\" srcset=\"https:\/\/blogs.correiobraziliense.com.br\/nosso-parque-da-cidade\/wp-content\/uploads\/sites\/69\/2024\/10\/P\u00fablico-fila-pra-piscina-1024x852.jpeg 1024w, https:\/\/blogs.correiobraziliense.com.br\/nosso-parque-da-cidade\/wp-content\/uploads\/sites\/69\/2024\/10\/P\u00fablico-fila-pra-piscina-300x250.jpeg 300w, https:\/\/blogs.correiobraziliense.com.br\/nosso-parque-da-cidade\/wp-content\/uploads\/sites\/69\/2024\/10\/P\u00fablico-fila-pra-piscina-768x639.jpeg 768w, https:\/\/blogs.correiobraziliense.com.br\/nosso-parque-da-cidade\/wp-content\/uploads\/sites\/69\/2024\/10\/P\u00fablico-fila-pra-piscina-1440x1198.jpeg 1440w, https:\/\/blogs.correiobraziliense.com.br\/nosso-parque-da-cidade\/wp-content\/uploads\/sites\/69\/2024\/10\/P\u00fablico-fila-pra-piscina-800x666.jpeg 800w, https:\/\/blogs.correiobraziliense.com.br\/nosso-parque-da-cidade\/wp-content\/uploads\/sites\/69\/2024\/10\/P\u00fablico-fila-pra-piscina-550x458.jpeg 550w, https:\/\/blogs.correiobraziliense.com.br\/nosso-parque-da-cidade\/wp-content\/uploads\/sites\/69\/2024\/10\/P\u00fablico-fila-pra-piscina-230x191.jpeg 230w, https:\/\/blogs.correiobraziliense.com.br\/nosso-parque-da-cidade\/wp-content\/uploads\/sites\/69\/2024\/10\/P\u00fablico-fila-pra-piscina.jpeg 1231w\" sizes=\"auto, (max-width: 1024px) 100vw, 1024px\" \/><figcaption id=\"caption-attachment-559\" class=\"wp-caption-text\">P\u00fablico faz fila para entrar na Piscina de Ondas ? Foto Joaquim Firmino 12\/10\/1978 Acervo Cedoc-CB<\/figcaption><\/figure>\n<p>&nbsp;<\/p>\n<figure id=\"attachment_553\" aria-describedby=\"caption-attachment-553\" style=\"width: 1024px\" class=\"wp-caption alignnone\"><img loading=\"lazy\" decoding=\"async\" class=\"size-large wp-image-553\" src=\"https:\/\/blogs.correiobraziliense.com.br\/nosso-parque-da-cidade\/wp-content\/uploads\/sites\/69\/2024\/10\/Crian\u00e7as-na-piscina-1024x296.jpeg\" alt=\"\" width=\"1024\" height=\"296\" srcset=\"https:\/\/blogs.correiobraziliense.com.br\/nosso-parque-da-cidade\/wp-content\/uploads\/sites\/69\/2024\/10\/Crian\u00e7as-na-piscina-1024x296.jpeg 1024w, https:\/\/blogs.correiobraziliense.com.br\/nosso-parque-da-cidade\/wp-content\/uploads\/sites\/69\/2024\/10\/Crian\u00e7as-na-piscina-300x87.jpeg 300w, https:\/\/blogs.correiobraziliense.com.br\/nosso-parque-da-cidade\/wp-content\/uploads\/sites\/69\/2024\/10\/Crian\u00e7as-na-piscina-768x222.jpeg 768w, https:\/\/blogs.correiobraziliense.com.br\/nosso-parque-da-cidade\/wp-content\/uploads\/sites\/69\/2024\/10\/Crian\u00e7as-na-piscina.jpeg 1440w, https:\/\/blogs.correiobraziliense.com.br\/nosso-parque-da-cidade\/wp-content\/uploads\/sites\/69\/2024\/10\/Crian\u00e7as-na-piscina-800x232.jpeg 800w, https:\/\/blogs.correiobraziliense.com.br\/nosso-parque-da-cidade\/wp-content\/uploads\/sites\/69\/2024\/10\/Crian\u00e7as-na-piscina-550x159.jpeg 550w, https:\/\/blogs.correiobraziliense.com.br\/nosso-parque-da-cidade\/wp-content\/uploads\/sites\/69\/2024\/10\/Crian\u00e7as-na-piscina-230x67.jpeg 230w\" sizes=\"auto, (max-width: 1024px) 100vw, 1024px\" \/><figcaption id=\"caption-attachment-553\" class=\"wp-caption-text\">Crian\u00e7as fazem a festa na Piscina de Ondas \/ Foto Joaquim Firmino 12-10-1978 Acervo Cedoc CB<\/figcaption><\/figure>\n<p>&nbsp;<\/p>\n<figure id=\"attachment_548\" aria-describedby=\"caption-attachment-548\" style=\"width: 1024px\" class=\"wp-caption alignnone\"><img loading=\"lazy\" decoding=\"async\" class=\"size-large wp-image-548\" src=\"https:\/\/blogs.correiobraziliense.com.br\/nosso-parque-da-cidade\/wp-content\/uploads\/sites\/69\/2024\/10\/Dia-das-Cian\u00e7as-na-Piscina-de-Ondas-1024x716.jpeg\" alt=\"\" width=\"1024\" height=\"716\" srcset=\"https:\/\/blogs.correiobraziliense.com.br\/nosso-parque-da-cidade\/wp-content\/uploads\/sites\/69\/2024\/10\/Dia-das-Cian\u00e7as-na-Piscina-de-Ondas-1024x716.jpeg 1024w, https:\/\/blogs.correiobraziliense.com.br\/nosso-parque-da-cidade\/wp-content\/uploads\/sites\/69\/2024\/10\/Dia-das-Cian\u00e7as-na-Piscina-de-Ondas-300x210.jpeg 300w, https:\/\/blogs.correiobraziliense.com.br\/nosso-parque-da-cidade\/wp-content\/uploads\/sites\/69\/2024\/10\/Dia-das-Cian\u00e7as-na-Piscina-de-Ondas-768x537.jpeg 768w, https:\/\/blogs.correiobraziliense.com.br\/nosso-parque-da-cidade\/wp-content\/uploads\/sites\/69\/2024\/10\/Dia-das-Cian\u00e7as-na-Piscina-de-Ondas.jpeg 1440w, https:\/\/blogs.correiobraziliense.com.br\/nosso-parque-da-cidade\/wp-content\/uploads\/sites\/69\/2024\/10\/Dia-das-Cian\u00e7as-na-Piscina-de-Ondas-800x560.jpeg 800w, https:\/\/blogs.correiobraziliense.com.br\/nosso-parque-da-cidade\/wp-content\/uploads\/sites\/69\/2024\/10\/Dia-das-Cian\u00e7as-na-Piscina-de-Ondas-550x385.jpeg 550w, https:\/\/blogs.correiobraziliense.com.br\/nosso-parque-da-cidade\/wp-content\/uploads\/sites\/69\/2024\/10\/Dia-das-Cian\u00e7as-na-Piscina-de-Ondas-230x161.jpeg 230w\" sizes=\"auto, (max-width: 1024px) 100vw, 1024px\" \/><figcaption id=\"caption-attachment-548\" class=\"wp-caption-text\">Dia das Crian\u00e7as no primeiro dia de abertura da Piscina de Ondas \/ Foto CB 12 de outubro de 1978 Acervo Cedoc-CB<\/figcaption><\/figure>\n<p>&nbsp;<\/p>\n<p class=\"western\" align=\"left\">O Correio Braziliense, que nasceu junto com Bras\u00edlia e se tornou o di\u00e1rio do Distrito Federal nesses 64 anos, estava l\u00e1 e fez toda a cobertura. O acervo de fotos que registram a inaugura\u00e7\u00e3o, o dia seguinte e a vida do Parque ao longo dos 46 anos \u00e9 imenso e de grande valor para a mem\u00f3ria de Bras\u00edlia.<\/p>\n<p align=\"left\">\n<figure id=\"attachment_545\" aria-describedby=\"caption-attachment-545\" style=\"width: 681px\" class=\"wp-caption alignnone\"><img loading=\"lazy\" decoding=\"async\" class=\"size-large wp-image-545\" src=\"https:\/\/blogs.correiobraziliense.com.br\/nosso-parque-da-cidade\/wp-content\/uploads\/sites\/69\/2024\/10\/Dia-seguinte-capa-681x1024.jpeg\" alt=\"\" width=\"681\" height=\"1024\" srcset=\"https:\/\/blogs.correiobraziliense.com.br\/nosso-parque-da-cidade\/wp-content\/uploads\/sites\/69\/2024\/10\/Dia-seguinte-capa.jpeg 681w, https:\/\/blogs.correiobraziliense.com.br\/nosso-parque-da-cidade\/wp-content\/uploads\/sites\/69\/2024\/10\/Dia-seguinte-capa-200x300.jpeg 200w, https:\/\/blogs.correiobraziliense.com.br\/nosso-parque-da-cidade\/wp-content\/uploads\/sites\/69\/2024\/10\/Dia-seguinte-capa-768x1155.jpeg 768w, https:\/\/blogs.correiobraziliense.com.br\/nosso-parque-da-cidade\/wp-content\/uploads\/sites\/69\/2024\/10\/Dia-seguinte-capa-800x1203.jpeg 800w, https:\/\/blogs.correiobraziliense.com.br\/nosso-parque-da-cidade\/wp-content\/uploads\/sites\/69\/2024\/10\/Dia-seguinte-capa-550x827.jpeg 550w, https:\/\/blogs.correiobraziliense.com.br\/nosso-parque-da-cidade\/wp-content\/uploads\/sites\/69\/2024\/10\/Dia-seguinte-capa-230x346.jpeg 230w\" sizes=\"auto, (max-width: 681px) 100vw, 681px\" \/><figcaption id=\"caption-attachment-545\" class=\"wp-caption-text\">CB, capa do jornal de 12 de outubro de 1978 \/ Acervo Cedoc-CB<\/figcaption><\/figure>\n<p>&nbsp;<\/p>\n<figure id=\"attachment_546\" aria-describedby=\"caption-attachment-546\" style=\"width: 689px\" class=\"wp-caption alignnone\"><img loading=\"lazy\" decoding=\"async\" class=\"size-large wp-image-546\" src=\"https:\/\/blogs.correiobraziliense.com.br\/nosso-parque-da-cidade\/wp-content\/uploads\/sites\/69\/2024\/10\/Dia-seguinte-interna-689x1024.jpeg\" alt=\"\" width=\"689\" height=\"1024\" srcset=\"https:\/\/blogs.correiobraziliense.com.br\/nosso-parque-da-cidade\/wp-content\/uploads\/sites\/69\/2024\/10\/Dia-seguinte-interna.jpeg 689w, https:\/\/blogs.correiobraziliense.com.br\/nosso-parque-da-cidade\/wp-content\/uploads\/sites\/69\/2024\/10\/Dia-seguinte-interna-202x300.jpeg 202w, https:\/\/blogs.correiobraziliense.com.br\/nosso-parque-da-cidade\/wp-content\/uploads\/sites\/69\/2024\/10\/Dia-seguinte-interna-768x1142.jpeg 768w, https:\/\/blogs.correiobraziliense.com.br\/nosso-parque-da-cidade\/wp-content\/uploads\/sites\/69\/2024\/10\/Dia-seguinte-interna-800x1190.jpeg 800w, https:\/\/blogs.correiobraziliense.com.br\/nosso-parque-da-cidade\/wp-content\/uploads\/sites\/69\/2024\/10\/Dia-seguinte-interna-550x818.jpeg 550w, https:\/\/blogs.correiobraziliense.com.br\/nosso-parque-da-cidade\/wp-content\/uploads\/sites\/69\/2024\/10\/Dia-seguinte-interna-230x342.jpeg 230w\" sizes=\"auto, (max-width: 689px) 100vw, 689px\" \/><figcaption id=\"caption-attachment-546\" class=\"wp-caption-text\">CB, 12 de outubro de 1978, cobertura da inaugura\u00e7\u00e3o \/ Acervo Cedoc-CB<\/figcaption><\/figure>\n<p>&nbsp;<\/p>\n<figure id=\"attachment_547\" aria-describedby=\"caption-attachment-547\" style=\"width: 681px\" class=\"wp-caption alignnone\"><img loading=\"lazy\" decoding=\"async\" class=\"size-large wp-image-547\" src=\"https:\/\/blogs.correiobraziliense.com.br\/nosso-parque-da-cidade\/wp-content\/uploads\/sites\/69\/2024\/10\/DIA-SEGUINTE-Ao-DIa-12-681x1024.jpeg\" alt=\"\" width=\"681\" height=\"1024\" srcset=\"https:\/\/blogs.correiobraziliense.com.br\/nosso-parque-da-cidade\/wp-content\/uploads\/sites\/69\/2024\/10\/DIA-SEGUINTE-Ao-DIa-12.jpeg 681w, https:\/\/blogs.correiobraziliense.com.br\/nosso-parque-da-cidade\/wp-content\/uploads\/sites\/69\/2024\/10\/DIA-SEGUINTE-Ao-DIa-12-200x300.jpeg 200w, https:\/\/blogs.correiobraziliense.com.br\/nosso-parque-da-cidade\/wp-content\/uploads\/sites\/69\/2024\/10\/DIA-SEGUINTE-Ao-DIa-12-768x1155.jpeg 768w, https:\/\/blogs.correiobraziliense.com.br\/nosso-parque-da-cidade\/wp-content\/uploads\/sites\/69\/2024\/10\/DIA-SEGUINTE-Ao-DIa-12-800x1203.jpeg 800w, https:\/\/blogs.correiobraziliense.com.br\/nosso-parque-da-cidade\/wp-content\/uploads\/sites\/69\/2024\/10\/DIA-SEGUINTE-Ao-DIa-12-550x827.jpeg 550w, https:\/\/blogs.correiobraziliense.com.br\/nosso-parque-da-cidade\/wp-content\/uploads\/sites\/69\/2024\/10\/DIA-SEGUINTE-Ao-DIa-12-230x346.jpeg 230w\" sizes=\"auto, (max-width: 681px) 100vw, 681px\" \/><figcaption id=\"caption-attachment-547\" class=\"wp-caption-text\">CB, cobertura do dia seguinte \u00e0 inaugura\u00e7\u00e3o do Parque, 13 de outubro de 1978 \/ Acervo Cedoc &#8211; CB<\/figcaption><\/figure>\n","protected":false},"excerpt":{"rendered":"<p>Imagine Bras\u00edlia, hoje, sem o Parque da Cidade. Nas v\u00e9speras do Dia das Crian\u00e7as, no dia 11 de outubro de 1978, h\u00e1 46 anos, o Parque da Cidade foi inaugurado como maior centro de lazer da Am\u00e9rica Latina. Para uma cidade que crescia e j\u00e1 contava com 800 mil habitantes vivendo longe do litoral e [&hellip;]<\/p>\n","protected":false},"author":153,"featured_media":549,"comment_status":"open","ping_status":"open","sticky":false,"template":"","format":"standard","meta":{"wpb_read_more":[],"footnotes":""},"categories":[6],"tags":[66,65,67],"class_list":["post-544","post","type-post","status-publish","format-standard","has-post-thumbnail","hentry","category-voce-sabia","tag-46anosdoparquedacidade","tag-aniversariodoparque","tag-inauguracaodoparquedacidade"],"_links":{"self":[{"href":"https:\/\/blogs.correiobraziliense.com.br\/nosso-parque-da-cidade\/wp-json\/wp\/v2\/posts\/544","targetHints":{"allow":["GET"]}}],"collection":[{"href":"https:\/\/blogs.correiobraziliense.com.br\/nosso-parque-da-cidade\/wp-json\/wp\/v2\/posts"}],"about":[{"href":"https:\/\/blogs.correiobraziliense.com.br\/nosso-parque-da-cidade\/wp-json\/wp\/v2\/types\/post"}],"author":[{"embeddable":true,"href":"https:\/\/blogs.correiobraziliense.com.br\/nosso-parque-da-cidade\/wp-json\/wp\/v2\/users\/153"}],"replies":[{"embeddable":true,"href":"https:\/\/blogs.correiobraziliense.com.br\/nosso-parque-da-cidade\/wp-json\/wp\/v2\/comments?post=544"}],"version-history":[{"count":5,"href":"https:\/\/blogs.correiobraziliense.com.br\/nosso-parque-da-cidade\/wp-json\/wp\/v2\/posts\/544\/revisions"}],"predecessor-version":[{"id":568,"href":"https:\/\/blogs.correiobraziliense.com.br\/nosso-parque-da-cidade\/wp-json\/wp\/v2\/posts\/544\/revisions\/568"}],"wp:featuredmedia":[{"embeddable":true,"href":"https:\/\/blogs.correiobraziliense.com.br\/nosso-parque-da-cidade\/wp-json\/wp\/v2\/media\/549"}],"wp:attachment":[{"href":"https:\/\/blogs.correiobraziliense.com.br\/nosso-parque-da-cidade\/wp-json\/wp\/v2\/media?parent=544"}],"wp:term":[{"taxonomy":"category","embeddable":true,"href":"https:\/\/blogs.correiobraziliense.com.br\/nosso-parque-da-cidade\/wp-json\/wp\/v2\/categories?post=544"},{"taxonomy":"post_tag","embeddable":true,"href":"https:\/\/blogs.correiobraziliense.com.br\/nosso-parque-da-cidade\/wp-json\/wp\/v2\/tags?post=544"}],"curies":[{"name":"wp","href":"https:\/\/api.w.org\/{rel}","templated":true}]}}