{"id":531,"date":"2024-10-01T20:58:22","date_gmt":"2024-10-01T23:58:22","guid":{"rendered":"https:\/\/blogs.correiobraziliense.com.br\/nosso-parque-da-cidade\/?p=531"},"modified":"2024-10-01T20:58:22","modified_gmt":"2024-10-01T23:58:22","slug":"corrida-por-uma-causa","status":"publish","type":"post","link":"https:\/\/blogs.correiobraziliense.com.br\/nosso-parque-da-cidade\/acontece\/corrida-por-uma-causa\/","title":{"rendered":"Corrida por uma causa"},"content":{"rendered":"<p><span style=\"color: #222222\"><span style=\"font-family: Verdana, BlinkMacSystemFont, apple-system, Segoe UI, Roboto, Oxygen, Ubuntu, Cantarell, Open Sans, Helvetica Neue, sans-serif\"><span style=\"font-size: medium\">Por sua localiza\u00e7\u00e3o central e concentra\u00e7\u00e3o de grande n\u00famero de pessoas, o Parque da Cidade \u00e9 palco frequente de diferentes eventos que promovem sa\u00fade, bem-estar e conscientiza\u00e7\u00e3o sobre temas de relev\u00e2ncia para a comunidade do DF.<\/span><\/span><\/span><\/p>\n<p><span style=\"color: #222222\"><span style=\"font-family: Verdana, BlinkMacSystemFont, apple-system, Segoe UI, Roboto, Oxygen, Ubuntu, Cantarell, Open Sans, Helvetica Neue, sans-serif\"><span style=\"font-size: medium\">Em homenagem ao Outubro Rosa, no pr\u00f3ximo domingo, 6 de outubro, acontece no Parque a 2.<sup>a<\/sup> edi\u00e7\u00e3o da Corrida o Ano Todo Rosa, que promove a conscientiza\u00e7\u00e3o sobre a preven\u00e7\u00e3o do c\u00e2ncer de mama. A corrida ser\u00e1 de 5 Km e as inscri\u00e7\u00f5es est\u00e3o abertas tamb\u00e9m para quem quer apoiar a causa com caminhada.<\/span><\/span><\/span><\/p>\n<p><span style=\"color: #222222\"><span style=\"font-family: Verdana, BlinkMacSystemFont, apple-system, Segoe UI, Roboto, Oxygen, Ubuntu, Cantarell, Open Sans, Helvetica Neue, sans-serif\"><span style=\"font-size: medium\">A largada ser\u00e1 \u00e0s 8h, no Estacionamento 7, pr\u00f3ximo \u00e0 piscina de ondas.<\/span><\/span><\/span><\/p>\n<p><span style=\"color: #222222\"><span style=\"font-family: Verdana, BlinkMacSystemFont, apple-system, Segoe UI, Roboto, Oxygen, Ubuntu, Cantarell, Open Sans, Helvetica Neue, sans-serif\"><span style=\"font-size: medium\"><strong><b><br \/>\nInscri\u00e7\u00f5es:\u00a0<\/b><\/strong><a href=\"https:\/\/centraldacorrida.com.br\/evento\/corridaoanotodorosa\">https:\/\/centraldacorrida.com.br\/evento\/corridaoanotodorosa<\/a><\/span><\/span><\/span><\/p>\n<p><strong><span style=\"color: #222222\"><span style=\"font-family: Verdana, BlinkMacSystemFont, apple-system, Segoe UI, Roboto, Oxygen, Ubuntu, Cantarell, Open Sans, Helvetica Neue, sans-serif\"><span style=\"font-size: medium\"><b>Mais i<\/b><\/span><\/span><\/span><\/strong><strong><span style=\"color: #222222\"><span style=\"font-family: Verdana, BlinkMacSystemFont, apple-system, Segoe UI, Roboto, Oxygen, Ubuntu, Cantarell, Open Sans, Helvetica Neue, sans-serif\"><span style=\"font-size: medium\"><b>nforma\u00e7\u00f5es:<\/b><\/span><\/span><\/span><\/strong><span style=\"color: #222222\"><span style=\"font-family: Verdana, BlinkMacSystemFont, apple-system, Segoe UI, Roboto, Oxygen, Ubuntu, Cantarell, Open Sans, Helvetica Neue, sans-serif\"><span style=\"font-size: medium\">\u00a0atendimento@timeassessoria.com.br<\/span><\/span><\/span><\/p>\n<p>&nbsp;<\/p>\n","protected":false},"excerpt":{"rendered":"<p>Por sua localiza\u00e7\u00e3o central e concentra\u00e7\u00e3o de grande n\u00famero de pessoas, o Parque da Cidade \u00e9 palco frequente de diferentes eventos que promovem sa\u00fade, bem-estar e conscientiza\u00e7\u00e3o sobre temas de relev\u00e2ncia para a comunidade do DF. Em homenagem ao Outubro Rosa, no pr\u00f3ximo domingo, 6 de outubro, acontece no Parque a 2.a edi\u00e7\u00e3o da Corrida [&hellip;]<\/p>\n","protected":false},"author":153,"featured_media":532,"comment_status":"open","ping_status":"open","sticky":false,"template":"","format":"standard","meta":{"wpb_read_more":[],"footnotes":""},"categories":[4],"tags":[63],"class_list":["post-531","post","type-post","status-publish","format-standard","has-post-thumbnail","hentry","category-acontece","tag-corrida-outubrorosa"],"_links":{"self":[{"href":"https:\/\/blogs.correiobraziliense.com.br\/nosso-parque-da-cidade\/wp-json\/wp\/v2\/posts\/531","targetHints":{"allow":["GET"]}}],"collection":[{"href":"https:\/\/blogs.correiobraziliense.com.br\/nosso-parque-da-cidade\/wp-json\/wp\/v2\/posts"}],"about":[{"href":"https:\/\/blogs.correiobraziliense.com.br\/nosso-parque-da-cidade\/wp-json\/wp\/v2\/types\/post"}],"author":[{"embeddable":true,"href":"https:\/\/blogs.correiobraziliense.com.br\/nosso-parque-da-cidade\/wp-json\/wp\/v2\/users\/153"}],"replies":[{"embeddable":true,"href":"https:\/\/blogs.correiobraziliense.com.br\/nosso-parque-da-cidade\/wp-json\/wp\/v2\/comments?post=531"}],"version-history":[{"count":1,"href":"https:\/\/blogs.correiobraziliense.com.br\/nosso-parque-da-cidade\/wp-json\/wp\/v2\/posts\/531\/revisions"}],"predecessor-version":[{"id":533,"href":"https:\/\/blogs.correiobraziliense.com.br\/nosso-parque-da-cidade\/wp-json\/wp\/v2\/posts\/531\/revisions\/533"}],"wp:featuredmedia":[{"embeddable":true,"href":"https:\/\/blogs.correiobraziliense.com.br\/nosso-parque-da-cidade\/wp-json\/wp\/v2\/media\/532"}],"wp:attachment":[{"href":"https:\/\/blogs.correiobraziliense.com.br\/nosso-parque-da-cidade\/wp-json\/wp\/v2\/media?parent=531"}],"wp:term":[{"taxonomy":"category","embeddable":true,"href":"https:\/\/blogs.correiobraziliense.com.br\/nosso-parque-da-cidade\/wp-json\/wp\/v2\/categories?post=531"},{"taxonomy":"post_tag","embeddable":true,"href":"https:\/\/blogs.correiobraziliense.com.br\/nosso-parque-da-cidade\/wp-json\/wp\/v2\/tags?post=531"}],"curies":[{"name":"wp","href":"https:\/\/api.w.org\/{rel}","templated":true}]}}