{"id":53,"date":"2024-01-26T18:36:03","date_gmt":"2024-01-26T21:36:03","guid":{"rendered":"https:\/\/blogs.correiobraziliense.com.br\/nosso-parque-da-cidade\/?p=53"},"modified":"2024-02-07T18:39:40","modified_gmt":"2024-02-07T21:39:40","slug":"nuvenzinhas","status":"publish","type":"post","link":"https:\/\/blogs.correiobraziliense.com.br\/nosso-parque-da-cidade\/voce-sabia\/nuvenzinhas\/","title":{"rendered":"Nuvenzinhas"},"content":{"rendered":"<p>Para quem quer pedalar com hist\u00f3ria e entender como \u00e9 andar de camelo, como fazia o Eduardo da can\u00e7\u00e3o Eduardo e M\u00f4nica, do Legi\u00e3o Urbana, pode alugar uma bicicleta Nuvem, uma inven\u00e7\u00e3o candanga dos anos 80. A cria\u00e7\u00e3o da bike brasiliense \u00e9 atribu\u00edda a um ciclista muito conhecido na cidade, o Z\u00e9 Cadima, o famoso Z\u00e9 do Pedal, e dar uma volta de nuvenzinha \u00e9 algo que todo visitante do Parque deve fazer um dia.<\/p>\n<p>As nuvenzinhas est\u00e3o dispon\u00edveis para aluguel aos s\u00e1bados, domingos e feriados, ao lado da quadra de frescobol, Estacionamento 13, e custa R$20,00 por uma hora.<\/p>\n<p>Assista o document\u00e1rio sobre Z\u00e9 do Pedal, criador da bike nuvenzinha<br \/>\n<iframe loading=\"lazy\" title=\"YouTube video player\" src=\"https:\/\/www.youtube.com\/embed\/nURNADB63EA?si=M86MwM4WDepAUrKB\" width=\"560\" height=\"315\" frameborder=\"0\" allowfullscreen=\"allowfullscreen\"><\/iframe><\/p>\n","protected":false},"excerpt":{"rendered":"<p>Para quem quer pedalar com hist\u00f3ria e entender como \u00e9 andar de camelo, como fazia o Eduardo da can\u00e7\u00e3o Eduardo e M\u00f4nica, do Legi\u00e3o Urbana, pode alugar uma bicicleta Nuvem, uma inven\u00e7\u00e3o candanga dos anos 80. A cria\u00e7\u00e3o da bike brasiliense \u00e9 atribu\u00edda a um ciclista muito conhecido na cidade, o Z\u00e9 Cadima, o famoso [&hellip;]<\/p>\n","protected":false},"author":153,"featured_media":54,"comment_status":"open","ping_status":"open","sticky":false,"template":"","format":"standard","meta":{"wpb_read_more":[],"footnotes":""},"categories":[6],"tags":[],"class_list":["post-53","post","type-post","status-publish","format-standard","has-post-thumbnail","hentry","category-voce-sabia"],"_links":{"self":[{"href":"https:\/\/blogs.correiobraziliense.com.br\/nosso-parque-da-cidade\/wp-json\/wp\/v2\/posts\/53","targetHints":{"allow":["GET"]}}],"collection":[{"href":"https:\/\/blogs.correiobraziliense.com.br\/nosso-parque-da-cidade\/wp-json\/wp\/v2\/posts"}],"about":[{"href":"https:\/\/blogs.correiobraziliense.com.br\/nosso-parque-da-cidade\/wp-json\/wp\/v2\/types\/post"}],"author":[{"embeddable":true,"href":"https:\/\/blogs.correiobraziliense.com.br\/nosso-parque-da-cidade\/wp-json\/wp\/v2\/users\/153"}],"replies":[{"embeddable":true,"href":"https:\/\/blogs.correiobraziliense.com.br\/nosso-parque-da-cidade\/wp-json\/wp\/v2\/comments?post=53"}],"version-history":[{"count":2,"href":"https:\/\/blogs.correiobraziliense.com.br\/nosso-parque-da-cidade\/wp-json\/wp\/v2\/posts\/53\/revisions"}],"predecessor-version":[{"id":68,"href":"https:\/\/blogs.correiobraziliense.com.br\/nosso-parque-da-cidade\/wp-json\/wp\/v2\/posts\/53\/revisions\/68"}],"wp:featuredmedia":[{"embeddable":true,"href":"https:\/\/blogs.correiobraziliense.com.br\/nosso-parque-da-cidade\/wp-json\/wp\/v2\/media\/54"}],"wp:attachment":[{"href":"https:\/\/blogs.correiobraziliense.com.br\/nosso-parque-da-cidade\/wp-json\/wp\/v2\/media?parent=53"}],"wp:term":[{"taxonomy":"category","embeddable":true,"href":"https:\/\/blogs.correiobraziliense.com.br\/nosso-parque-da-cidade\/wp-json\/wp\/v2\/categories?post=53"},{"taxonomy":"post_tag","embeddable":true,"href":"https:\/\/blogs.correiobraziliense.com.br\/nosso-parque-da-cidade\/wp-json\/wp\/v2\/tags?post=53"}],"curies":[{"name":"wp","href":"https:\/\/api.w.org\/{rel}","templated":true}]}}