{"id":502,"date":"2024-09-01T21:23:40","date_gmt":"2024-09-02T00:23:40","guid":{"rendered":"https:\/\/blogs.correiobraziliense.com.br\/nosso-parque-da-cidade\/?p=502"},"modified":"2024-09-01T21:23:40","modified_gmt":"2024-09-02T00:23:40","slug":"belezas-do-cerrado-na-seca","status":"publish","type":"post","link":"https:\/\/blogs.correiobraziliense.com.br\/nosso-parque-da-cidade\/voce-sabia\/belezas-do-cerrado-na-seca\/","title":{"rendered":"Belezas do Cerrado na seca"},"content":{"rendered":"<p>Com mais de 36 anos vivendo em Bras\u00edlia, posso dizer que, n\u00e3o s\u00f3 me acostumei com a seca,\u00a0 como aprendi a gostar e apreciar o que o per\u00edodo sem as chuvas di\u00e1rias oferece de bom, com destaque para as belezas naturais do Cerrado, principalmente das \u00e1rvores que se mostram com todo esplendor nessa \u00e9poca.<\/p>\n<p>No post anterior eu apresentei 5 dicas para aproveitar o Parque da Cidade em <a href=\"https:\/\/blogs.correiobraziliense.com.br\/nosso-parque-da-cidade\/sem-categoria\/5-dicas-para-voce-aproveitar-mais-o-parque-em-agosto\/\">agosto<\/a>. Chegou Setembro e a chuva ainda n\u00e3o caiu, a seca continua, e Bras\u00edlia nesses dias est\u00e1 linda, com ip\u00eas-amarelos por toda a cidade. Mas n\u00e3o s\u00e3o s\u00f3 os ip\u00eas que embelezam a paisagem, muitas \u00e1rvores cerratences se mostram com suas caracter\u00edsticas \u00edmpares, s\u00f3 vis\u00edveis por agora.<\/p>\n<p>Ent\u00e3o aproveite sua caminhada no Parque da Cidade, que nessa \u00e9poca \u00e9 prefer\u00edvel faz\u00ea-la mais cedo, e observe os exemplares que se exibem ao longo da pista.<\/p>\n<p>Apreciar a natureza \u00e9 um exerc\u00edcio relaxante em qualquer \u00e9poca no Parque. Conhe\u00e7a algumas \u00e1rvores que fazem parte da abund\u00e2ncia que l\u00e1 existe.<\/p>\n<figure id=\"attachment_505\" aria-describedby=\"caption-attachment-505\" style=\"width: 768px\" class=\"wp-caption alignnone\"><img loading=\"lazy\" decoding=\"async\" class=\"size-large wp-image-505\" src=\"https:\/\/blogs.correiobraziliense.com.br\/nosso-parque-da-cidade\/wp-content\/uploads\/sites\/69\/2024\/09\/Cavi\u00fana-do-Cerrado-Dalbergia-miscolobium-768x1024.jpeg\" alt=\"\" width=\"768\" height=\"1024\" srcset=\"https:\/\/blogs.correiobraziliense.com.br\/nosso-parque-da-cidade\/wp-content\/uploads\/sites\/69\/2024\/09\/Cavi\u00fana-do-Cerrado-Dalbergia-miscolobium.jpeg 768w, https:\/\/blogs.correiobraziliense.com.br\/nosso-parque-da-cidade\/wp-content\/uploads\/sites\/69\/2024\/09\/Cavi\u00fana-do-Cerrado-Dalbergia-miscolobium-225x300.jpeg 225w, https:\/\/blogs.correiobraziliense.com.br\/nosso-parque-da-cidade\/wp-content\/uploads\/sites\/69\/2024\/09\/Cavi\u00fana-do-Cerrado-Dalbergia-miscolobium-800x1067.jpeg 800w, https:\/\/blogs.correiobraziliense.com.br\/nosso-parque-da-cidade\/wp-content\/uploads\/sites\/69\/2024\/09\/Cavi\u00fana-do-Cerrado-Dalbergia-miscolobium-550x733.jpeg 550w, https:\/\/blogs.correiobraziliense.com.br\/nosso-parque-da-cidade\/wp-content\/uploads\/sites\/69\/2024\/09\/Cavi\u00fana-do-Cerrado-Dalbergia-miscolobium-230x307.jpeg 230w\" sizes=\"auto, (max-width: 768px) 100vw, 768px\" \/><figcaption id=\"caption-attachment-505\" class=\"wp-caption-text\">Cavi\u00fana do Cerrado (Dalbergia miscolobium)\/Foto CV set 2024<\/figcaption><\/figure>\n<figure id=\"attachment_506\" aria-describedby=\"caption-attachment-506\" style=\"width: 1024px\" class=\"wp-caption alignnone\"><img loading=\"lazy\" decoding=\"async\" class=\"size-large wp-image-506\" src=\"https:\/\/blogs.correiobraziliense.com.br\/nosso-parque-da-cidade\/wp-content\/uploads\/sites\/69\/2024\/09\/Cega-machado-Physocalymma-scaberrimum-1024x768.jpeg\" alt=\"\" width=\"1024\" height=\"768\" srcset=\"https:\/\/blogs.correiobraziliense.com.br\/nosso-parque-da-cidade\/wp-content\/uploads\/sites\/69\/2024\/09\/Cega-machado-Physocalymma-scaberrimum-1024x768.jpeg 1024w, https:\/\/blogs.correiobraziliense.com.br\/nosso-parque-da-cidade\/wp-content\/uploads\/sites\/69\/2024\/09\/Cega-machado-Physocalymma-scaberrimum-300x225.jpeg 300w, https:\/\/blogs.correiobraziliense.com.br\/nosso-parque-da-cidade\/wp-content\/uploads\/sites\/69\/2024\/09\/Cega-machado-Physocalymma-scaberrimum-768x576.jpeg 768w, https:\/\/blogs.correiobraziliense.com.br\/nosso-parque-da-cidade\/wp-content\/uploads\/sites\/69\/2024\/09\/Cega-machado-Physocalymma-scaberrimum-800x600.jpeg 800w, https:\/\/blogs.correiobraziliense.com.br\/nosso-parque-da-cidade\/wp-content\/uploads\/sites\/69\/2024\/09\/Cega-machado-Physocalymma-scaberrimum-550x413.jpeg 550w, https:\/\/blogs.correiobraziliense.com.br\/nosso-parque-da-cidade\/wp-content\/uploads\/sites\/69\/2024\/09\/Cega-machado-Physocalymma-scaberrimum-230x173.jpeg 230w, https:\/\/blogs.correiobraziliense.com.br\/nosso-parque-da-cidade\/wp-content\/uploads\/sites\/69\/2024\/09\/Cega-machado-Physocalymma-scaberrimum.jpeg 1280w\" sizes=\"auto, (max-width: 1024px) 100vw, 1024px\" \/><figcaption id=\"caption-attachment-506\" class=\"wp-caption-text\">Cega-machado (Physocalymma scaberrimum) \/ Foto CV set\/ 2024<\/figcaption><\/figure>\n<figure id=\"attachment_503\" aria-describedby=\"caption-attachment-503\" style=\"width: 1024px\" class=\"wp-caption alignnone\"><img loading=\"lazy\" decoding=\"async\" class=\"size-large wp-image-503\" src=\"https:\/\/blogs.correiobraziliense.com.br\/nosso-parque-da-cidade\/wp-content\/uploads\/sites\/69\/2024\/09\/Pau-terra-Qualea-grandiflora-1024x768.jpeg\" alt=\"\" width=\"1024\" height=\"768\" srcset=\"https:\/\/blogs.correiobraziliense.com.br\/nosso-parque-da-cidade\/wp-content\/uploads\/sites\/69\/2024\/09\/Pau-terra-Qualea-grandiflora-1024x768.jpeg 1024w, https:\/\/blogs.correiobraziliense.com.br\/nosso-parque-da-cidade\/wp-content\/uploads\/sites\/69\/2024\/09\/Pau-terra-Qualea-grandiflora-300x225.jpeg 300w, https:\/\/blogs.correiobraziliense.com.br\/nosso-parque-da-cidade\/wp-content\/uploads\/sites\/69\/2024\/09\/Pau-terra-Qualea-grandiflora-768x576.jpeg 768w, https:\/\/blogs.correiobraziliense.com.br\/nosso-parque-da-cidade\/wp-content\/uploads\/sites\/69\/2024\/09\/Pau-terra-Qualea-grandiflora-800x600.jpeg 800w, https:\/\/blogs.correiobraziliense.com.br\/nosso-parque-da-cidade\/wp-content\/uploads\/sites\/69\/2024\/09\/Pau-terra-Qualea-grandiflora-550x413.jpeg 550w, https:\/\/blogs.correiobraziliense.com.br\/nosso-parque-da-cidade\/wp-content\/uploads\/sites\/69\/2024\/09\/Pau-terra-Qualea-grandiflora-230x173.jpeg 230w, https:\/\/blogs.correiobraziliense.com.br\/nosso-parque-da-cidade\/wp-content\/uploads\/sites\/69\/2024\/09\/Pau-terra-Qualea-grandiflora.jpeg 1280w\" sizes=\"auto, (max-width: 1024px) 100vw, 1024px\" \/><figcaption id=\"caption-attachment-503\" class=\"wp-caption-text\">A beleza do Pau-terra (Qualea grandiflora) \/ Foto CV\u00a0 Set 2024<\/figcaption><\/figure>\n<figure id=\"attachment_507\" aria-describedby=\"caption-attachment-507\" style=\"width: 1024px\" class=\"wp-caption alignnone\"><img loading=\"lazy\" decoding=\"async\" class=\"size-large wp-image-507\" src=\"https:\/\/blogs.correiobraziliense.com.br\/nosso-parque-da-cidade\/wp-content\/uploads\/sites\/69\/2024\/09\/Sucupira-branca-pterodon-pubescens-1024x768.jpeg\" alt=\"\" width=\"1024\" height=\"768\" srcset=\"https:\/\/blogs.correiobraziliense.com.br\/nosso-parque-da-cidade\/wp-content\/uploads\/sites\/69\/2024\/09\/Sucupira-branca-pterodon-pubescens-1024x768.jpeg 1024w, https:\/\/blogs.correiobraziliense.com.br\/nosso-parque-da-cidade\/wp-content\/uploads\/sites\/69\/2024\/09\/Sucupira-branca-pterodon-pubescens-300x225.jpeg 300w, https:\/\/blogs.correiobraziliense.com.br\/nosso-parque-da-cidade\/wp-content\/uploads\/sites\/69\/2024\/09\/Sucupira-branca-pterodon-pubescens-768x576.jpeg 768w, https:\/\/blogs.correiobraziliense.com.br\/nosso-parque-da-cidade\/wp-content\/uploads\/sites\/69\/2024\/09\/Sucupira-branca-pterodon-pubescens-800x600.jpeg 800w, https:\/\/blogs.correiobraziliense.com.br\/nosso-parque-da-cidade\/wp-content\/uploads\/sites\/69\/2024\/09\/Sucupira-branca-pterodon-pubescens-550x413.jpeg 550w, https:\/\/blogs.correiobraziliense.com.br\/nosso-parque-da-cidade\/wp-content\/uploads\/sites\/69\/2024\/09\/Sucupira-branca-pterodon-pubescens-230x173.jpeg 230w, https:\/\/blogs.correiobraziliense.com.br\/nosso-parque-da-cidade\/wp-content\/uploads\/sites\/69\/2024\/09\/Sucupira-branca-pterodon-pubescens.jpeg 1280w\" sizes=\"auto, (max-width: 1024px) 100vw, 1024px\" \/><figcaption id=\"caption-attachment-507\" class=\"wp-caption-text\">Sucupira branca (pterodon pubescens) Foto CV Set 2024<\/figcaption><\/figure>\n<figure id=\"attachment_508\" aria-describedby=\"caption-attachment-508\" style=\"width: 1024px\" class=\"wp-caption alignnone\"><img loading=\"lazy\" decoding=\"async\" class=\"size-large wp-image-508\" src=\"https:\/\/blogs.correiobraziliense.com.br\/nosso-parque-da-cidade\/wp-content\/uploads\/sites\/69\/2024\/09\/Jacarand\u00e1-mimoso-Jacaranda-mimosifolia-1024x768.jpeg\" alt=\"\" width=\"1024\" height=\"768\" srcset=\"https:\/\/blogs.correiobraziliense.com.br\/nosso-parque-da-cidade\/wp-content\/uploads\/sites\/69\/2024\/09\/Jacarand\u00e1-mimoso-Jacaranda-mimosifolia-1024x768.jpeg 1024w, https:\/\/blogs.correiobraziliense.com.br\/nosso-parque-da-cidade\/wp-content\/uploads\/sites\/69\/2024\/09\/Jacarand\u00e1-mimoso-Jacaranda-mimosifolia-300x225.jpeg 300w, https:\/\/blogs.correiobraziliense.com.br\/nosso-parque-da-cidade\/wp-content\/uploads\/sites\/69\/2024\/09\/Jacarand\u00e1-mimoso-Jacaranda-mimosifolia-768x576.jpeg 768w, https:\/\/blogs.correiobraziliense.com.br\/nosso-parque-da-cidade\/wp-content\/uploads\/sites\/69\/2024\/09\/Jacarand\u00e1-mimoso-Jacaranda-mimosifolia-800x600.jpeg 800w, https:\/\/blogs.correiobraziliense.com.br\/nosso-parque-da-cidade\/wp-content\/uploads\/sites\/69\/2024\/09\/Jacarand\u00e1-mimoso-Jacaranda-mimosifolia-550x413.jpeg 550w, https:\/\/blogs.correiobraziliense.com.br\/nosso-parque-da-cidade\/wp-content\/uploads\/sites\/69\/2024\/09\/Jacarand\u00e1-mimoso-Jacaranda-mimosifolia-230x173.jpeg 230w, https:\/\/blogs.correiobraziliense.com.br\/nosso-parque-da-cidade\/wp-content\/uploads\/sites\/69\/2024\/09\/Jacarand\u00e1-mimoso-Jacaranda-mimosifolia.jpeg 1280w\" sizes=\"auto, (max-width: 1024px) 100vw, 1024px\" \/><figcaption id=\"caption-attachment-508\" class=\"wp-caption-text\">Jacarand\u00e1 mimoso (Jacaranda mimosifolia)\/ Foto CV Set 2024<\/figcaption><\/figure>\n<p>Agradecimento ao bi\u00f3logo Jo\u00e3o Arthur Rabello pela identifica\u00e7\u00e3o das \u00e1rvores.<\/p>\n","protected":false},"excerpt":{"rendered":"<p>Com mais de 36 anos vivendo em Bras\u00edlia, posso dizer que, n\u00e3o s\u00f3 me acostumei com a seca,\u00a0 como aprendi a gostar e apreciar o que o per\u00edodo sem as chuvas di\u00e1rias oferece de bom, com destaque para as belezas naturais do Cerrado, principalmente das \u00e1rvores que se mostram com todo esplendor nessa \u00e9poca. No [&hellip;]<\/p>\n","protected":false},"author":153,"featured_media":504,"comment_status":"open","ping_status":"open","sticky":false,"template":"","format":"standard","meta":{"wpb_read_more":[],"footnotes":""},"categories":[6],"tags":[55,54,56,20],"class_list":["post-502","post","type-post","status-publish","format-standard","has-post-thumbnail","hentry","category-voce-sabia","tag-arvoresdocerrado","tag-cerrado","tag-natureza","tag-seca"],"_links":{"self":[{"href":"https:\/\/blogs.correiobraziliense.com.br\/nosso-parque-da-cidade\/wp-json\/wp\/v2\/posts\/502","targetHints":{"allow":["GET"]}}],"collection":[{"href":"https:\/\/blogs.correiobraziliense.com.br\/nosso-parque-da-cidade\/wp-json\/wp\/v2\/posts"}],"about":[{"href":"https:\/\/blogs.correiobraziliense.com.br\/nosso-parque-da-cidade\/wp-json\/wp\/v2\/types\/post"}],"author":[{"embeddable":true,"href":"https:\/\/blogs.correiobraziliense.com.br\/nosso-parque-da-cidade\/wp-json\/wp\/v2\/users\/153"}],"replies":[{"embeddable":true,"href":"https:\/\/blogs.correiobraziliense.com.br\/nosso-parque-da-cidade\/wp-json\/wp\/v2\/comments?post=502"}],"version-history":[{"count":2,"href":"https:\/\/blogs.correiobraziliense.com.br\/nosso-parque-da-cidade\/wp-json\/wp\/v2\/posts\/502\/revisions"}],"predecessor-version":[{"id":510,"href":"https:\/\/blogs.correiobraziliense.com.br\/nosso-parque-da-cidade\/wp-json\/wp\/v2\/posts\/502\/revisions\/510"}],"wp:featuredmedia":[{"embeddable":true,"href":"https:\/\/blogs.correiobraziliense.com.br\/nosso-parque-da-cidade\/wp-json\/wp\/v2\/media\/504"}],"wp:attachment":[{"href":"https:\/\/blogs.correiobraziliense.com.br\/nosso-parque-da-cidade\/wp-json\/wp\/v2\/media?parent=502"}],"wp:term":[{"taxonomy":"category","embeddable":true,"href":"https:\/\/blogs.correiobraziliense.com.br\/nosso-parque-da-cidade\/wp-json\/wp\/v2\/categories?post=502"},{"taxonomy":"post_tag","embeddable":true,"href":"https:\/\/blogs.correiobraziliense.com.br\/nosso-parque-da-cidade\/wp-json\/wp\/v2\/tags?post=502"}],"curies":[{"name":"wp","href":"https:\/\/api.w.org\/{rel}","templated":true}]}}