{"id":48,"date":"2024-01-27T18:29:38","date_gmt":"2024-01-27T21:29:38","guid":{"rendered":"https:\/\/blogs.correiobraziliense.com.br\/nosso-parque-da-cidade\/?p=48"},"modified":"2024-02-07T18:31:58","modified_gmt":"2024-02-07T21:31:58","slug":"churrasqueiras-detonadas","status":"publish","type":"post","link":"https:\/\/blogs.correiobraziliense.com.br\/nosso-parque-da-cidade\/sem-categoria\/churrasqueiras-detonadas\/","title":{"rendered":"Churrasqueiras detonadas"},"content":{"rendered":"<p>Antes, \u00e1rea de maior concentra\u00e7\u00e3o de fam\u00edlia e grupos de pessoas, o espa\u00e7o de churrasqueiras no bosque pr\u00f3ximo ao Estacionamento 4 agora se tornou uma \u00e1rea deserta. Com a derrubada dos pinheiros para o plantio de \u00e1rvores do Cerrado, parte do p\u00fablico adepto ao churrasquinho com encontros ao ar livre teve que migrar para novos locais, principalmente para as churrasqueiras do Estacionamento 3. O problema \u00e9 que al\u00e9m de serem poucos equipamentos, tanto as churrasqueiras como o mobili\u00e1rio do local est\u00e3o precisando de manuten\u00e7\u00e3o urgente.<\/p>\n<figure id=\"attachment_50\" aria-describedby=\"caption-attachment-50\" style=\"width: 1024px\" class=\"wp-caption aligncenter\"><img loading=\"lazy\" decoding=\"async\" class=\"wp-image-50 size-large\" src=\"https:\/\/blogs.correiobraziliense.com.br\/nosso-parque-da-cidade\/wp-content\/uploads\/sites\/69\/2024\/02\/churrasqueira-2-1024x768.jpeg\" alt=\"Churrasqueiras\" width=\"1024\" height=\"768\" srcset=\"https:\/\/blogs.correiobraziliense.com.br\/nosso-parque-da-cidade\/wp-content\/uploads\/sites\/69\/2024\/02\/churrasqueira-2-1024x768.jpeg 1024w, https:\/\/blogs.correiobraziliense.com.br\/nosso-parque-da-cidade\/wp-content\/uploads\/sites\/69\/2024\/02\/churrasqueira-2-300x225.jpeg 300w, https:\/\/blogs.correiobraziliense.com.br\/nosso-parque-da-cidade\/wp-content\/uploads\/sites\/69\/2024\/02\/churrasqueira-2-768x576.jpeg 768w, https:\/\/blogs.correiobraziliense.com.br\/nosso-parque-da-cidade\/wp-content\/uploads\/sites\/69\/2024\/02\/churrasqueira-2-800x600.jpeg 800w, https:\/\/blogs.correiobraziliense.com.br\/nosso-parque-da-cidade\/wp-content\/uploads\/sites\/69\/2024\/02\/churrasqueira-2-550x413.jpeg 550w, https:\/\/blogs.correiobraziliense.com.br\/nosso-parque-da-cidade\/wp-content\/uploads\/sites\/69\/2024\/02\/churrasqueira-2-230x173.jpeg 230w, https:\/\/blogs.correiobraziliense.com.br\/nosso-parque-da-cidade\/wp-content\/uploads\/sites\/69\/2024\/02\/churrasqueira-2.jpeg 1280w\" sizes=\"auto, (max-width: 1024px) 100vw, 1024px\" \/><figcaption id=\"caption-attachment-50\" class=\"wp-caption-text\">Churrasqueiras<\/figcaption><\/figure>\n<p>&nbsp;<\/p>\n<figure id=\"attachment_51\" aria-describedby=\"caption-attachment-51\" style=\"width: 1024px\" class=\"wp-caption aligncenter\"><img loading=\"lazy\" decoding=\"async\" class=\"wp-image-51 size-large\" src=\"https:\/\/blogs.correiobraziliense.com.br\/nosso-parque-da-cidade\/wp-content\/uploads\/sites\/69\/2024\/02\/mesa-1024x768.jpeg\" alt=\"Mobili\u00e1rio\" width=\"1024\" height=\"768\" srcset=\"https:\/\/blogs.correiobraziliense.com.br\/nosso-parque-da-cidade\/wp-content\/uploads\/sites\/69\/2024\/02\/mesa-1024x768.jpeg 1024w, https:\/\/blogs.correiobraziliense.com.br\/nosso-parque-da-cidade\/wp-content\/uploads\/sites\/69\/2024\/02\/mesa-300x225.jpeg 300w, https:\/\/blogs.correiobraziliense.com.br\/nosso-parque-da-cidade\/wp-content\/uploads\/sites\/69\/2024\/02\/mesa-768x576.jpeg 768w, https:\/\/blogs.correiobraziliense.com.br\/nosso-parque-da-cidade\/wp-content\/uploads\/sites\/69\/2024\/02\/mesa-800x600.jpeg 800w, https:\/\/blogs.correiobraziliense.com.br\/nosso-parque-da-cidade\/wp-content\/uploads\/sites\/69\/2024\/02\/mesa-550x413.jpeg 550w, https:\/\/blogs.correiobraziliense.com.br\/nosso-parque-da-cidade\/wp-content\/uploads\/sites\/69\/2024\/02\/mesa-230x173.jpeg 230w, https:\/\/blogs.correiobraziliense.com.br\/nosso-parque-da-cidade\/wp-content\/uploads\/sites\/69\/2024\/02\/mesa.jpeg 1280w\" sizes=\"auto, (max-width: 1024px) 100vw, 1024px\" \/><figcaption id=\"caption-attachment-51\" class=\"wp-caption-text\">Mobili\u00e1rio<\/figcaption><\/figure>\n","protected":false},"excerpt":{"rendered":"<p>Antes, \u00e1rea de maior concentra\u00e7\u00e3o de fam\u00edlia e grupos de pessoas, o espa\u00e7o de churrasqueiras no bosque pr\u00f3ximo ao Estacionamento 4 agora se tornou uma \u00e1rea deserta. Com a derrubada dos pinheiros para o plantio de \u00e1rvores do Cerrado, parte do p\u00fablico adepto ao churrasquinho com encontros ao ar livre teve que migrar para novos [&hellip;]<\/p>\n","protected":false},"author":153,"featured_media":49,"comment_status":"open","ping_status":"open","sticky":false,"template":"","format":"standard","meta":{"wpb_read_more":[],"footnotes":""},"categories":[1],"tags":[],"class_list":["post-48","post","type-post","status-publish","format-standard","has-post-thumbnail","hentry","category-sem-categoria"],"_links":{"self":[{"href":"https:\/\/blogs.correiobraziliense.com.br\/nosso-parque-da-cidade\/wp-json\/wp\/v2\/posts\/48","targetHints":{"allow":["GET"]}}],"collection":[{"href":"https:\/\/blogs.correiobraziliense.com.br\/nosso-parque-da-cidade\/wp-json\/wp\/v2\/posts"}],"about":[{"href":"https:\/\/blogs.correiobraziliense.com.br\/nosso-parque-da-cidade\/wp-json\/wp\/v2\/types\/post"}],"author":[{"embeddable":true,"href":"https:\/\/blogs.correiobraziliense.com.br\/nosso-parque-da-cidade\/wp-json\/wp\/v2\/users\/153"}],"replies":[{"embeddable":true,"href":"https:\/\/blogs.correiobraziliense.com.br\/nosso-parque-da-cidade\/wp-json\/wp\/v2\/comments?post=48"}],"version-history":[{"count":3,"href":"https:\/\/blogs.correiobraziliense.com.br\/nosso-parque-da-cidade\/wp-json\/wp\/v2\/posts\/48\/revisions"}],"predecessor-version":[{"id":64,"href":"https:\/\/blogs.correiobraziliense.com.br\/nosso-parque-da-cidade\/wp-json\/wp\/v2\/posts\/48\/revisions\/64"}],"wp:featuredmedia":[{"embeddable":true,"href":"https:\/\/blogs.correiobraziliense.com.br\/nosso-parque-da-cidade\/wp-json\/wp\/v2\/media\/49"}],"wp:attachment":[{"href":"https:\/\/blogs.correiobraziliense.com.br\/nosso-parque-da-cidade\/wp-json\/wp\/v2\/media?parent=48"}],"wp:term":[{"taxonomy":"category","embeddable":true,"href":"https:\/\/blogs.correiobraziliense.com.br\/nosso-parque-da-cidade\/wp-json\/wp\/v2\/categories?post=48"},{"taxonomy":"post_tag","embeddable":true,"href":"https:\/\/blogs.correiobraziliense.com.br\/nosso-parque-da-cidade\/wp-json\/wp\/v2\/tags?post=48"}],"curies":[{"name":"wp","href":"https:\/\/api.w.org\/{rel}","templated":true}]}}