{"id":455,"date":"2024-08-16T20:50:46","date_gmt":"2024-08-16T23:50:46","guid":{"rendered":"https:\/\/blogs.correiobraziliense.com.br\/nosso-parque-da-cidade\/?p=455"},"modified":"2024-08-16T20:50:46","modified_gmt":"2024-08-16T23:50:46","slug":"para-viver-brasilia-ao-ar-livre","status":"publish","type":"post","link":"https:\/\/blogs.correiobraziliense.com.br\/nosso-parque-da-cidade\/acontece\/para-viver-brasilia-ao-ar-livre\/","title":{"rendered":"Para Viver Bras\u00edlia ao Ar Livre"},"content":{"rendered":"<p align=\"left\">Como parte das atra\u00e7\u00f5es do Festival Vibrar 2024, que acontece no Parque da Cidade de 15 a 18, quinta a domingo, o Correio Braziliense apresenta a exposi\u00e7\u00e3o fotogr\u00e1fica \u201cPara Viver Bras\u00edlia ao Ar Livre\u201d. A exposi\u00e7\u00e3o \u00e9 composta por 57 imagens do acervo do Cedoc &#8211; Centro de Documenta\u00e7\u00e3o do Correio, com cenas do Parque da Cidade, captadas nas d\u00e9cadas de 80 e 90, principalmente.<\/p>\n<p align=\"left\"><img loading=\"lazy\" decoding=\"async\" class=\"alignnone size-large wp-image-456\" src=\"https:\/\/blogs.correiobraziliense.com.br\/nosso-parque-da-cidade\/wp-content\/uploads\/sites\/69\/2024\/08\/Expo-Nome-1024x685.jpeg\" alt=\"\" width=\"1024\" height=\"685\" srcset=\"https:\/\/blogs.correiobraziliense.com.br\/nosso-parque-da-cidade\/wp-content\/uploads\/sites\/69\/2024\/08\/Expo-Nome-1024x685.jpeg 1024w, https:\/\/blogs.correiobraziliense.com.br\/nosso-parque-da-cidade\/wp-content\/uploads\/sites\/69\/2024\/08\/Expo-Nome-300x201.jpeg 300w, https:\/\/blogs.correiobraziliense.com.br\/nosso-parque-da-cidade\/wp-content\/uploads\/sites\/69\/2024\/08\/Expo-Nome-768x514.jpeg 768w, https:\/\/blogs.correiobraziliense.com.br\/nosso-parque-da-cidade\/wp-content\/uploads\/sites\/69\/2024\/08\/Expo-Nome-800x535.jpeg 800w, https:\/\/blogs.correiobraziliense.com.br\/nosso-parque-da-cidade\/wp-content\/uploads\/sites\/69\/2024\/08\/Expo-Nome-550x368.jpeg 550w, https:\/\/blogs.correiobraziliense.com.br\/nosso-parque-da-cidade\/wp-content\/uploads\/sites\/69\/2024\/08\/Expo-Nome-230x154.jpeg 230w, https:\/\/blogs.correiobraziliense.com.br\/nosso-parque-da-cidade\/wp-content\/uploads\/sites\/69\/2024\/08\/Expo-Nome.jpeg 1280w\" sizes=\"auto, (max-width: 1024px) 100vw, 1024px\" \/><\/p>\n<p align=\"left\">S\u00e3o registros fotogr\u00e1ficos que mostram como os brasilienses veem aproveitando e usufruindo dos 420 hectares de \u00e1rea p\u00fablica e gratuita, desde sua entrega em forma de parque urbano, para as atividades de esporte, lazer e divers\u00e3o ao ar livre e em contato com a natureza.<\/p>\n<p align=\"left\">O visitante da exposi\u00e7\u00e3o vai rever momentos que marcaram uma gera\u00e7\u00e3o, como o projeto cultural Concerto Cabe\u00e7as, e relembrar alguns equipamentos que fizeram a hist\u00f3ria do Parque e s\u00e3o parte da mem\u00f3ria afetiva de tantas pessoas como o Trenzinho, a Piscina com Ondas e o Pedalinho.<\/p>\n<figure id=\"attachment_458\" aria-describedby=\"caption-attachment-458\" style=\"width: 1024px\" class=\"wp-caption alignnone\"><img loading=\"lazy\" decoding=\"async\" class=\"size-large wp-image-458\" src=\"https:\/\/blogs.correiobraziliense.com.br\/nosso-parque-da-cidade\/wp-content\/uploads\/sites\/69\/2024\/08\/Expo-Foto-1-1024x688.jpeg\" alt=\"\" width=\"1024\" height=\"688\" srcset=\"https:\/\/blogs.correiobraziliense.com.br\/nosso-parque-da-cidade\/wp-content\/uploads\/sites\/69\/2024\/08\/Expo-Foto-1-1024x688.jpeg 1024w, https:\/\/blogs.correiobraziliense.com.br\/nosso-parque-da-cidade\/wp-content\/uploads\/sites\/69\/2024\/08\/Expo-Foto-1-300x202.jpeg 300w, https:\/\/blogs.correiobraziliense.com.br\/nosso-parque-da-cidade\/wp-content\/uploads\/sites\/69\/2024\/08\/Expo-Foto-1-768x516.jpeg 768w, https:\/\/blogs.correiobraziliense.com.br\/nosso-parque-da-cidade\/wp-content\/uploads\/sites\/69\/2024\/08\/Expo-Foto-1.jpeg 1440w, https:\/\/blogs.correiobraziliense.com.br\/nosso-parque-da-cidade\/wp-content\/uploads\/sites\/69\/2024\/08\/Expo-Foto-1-800x538.jpeg 800w, https:\/\/blogs.correiobraziliense.com.br\/nosso-parque-da-cidade\/wp-content\/uploads\/sites\/69\/2024\/08\/Expo-Foto-1-550x370.jpeg 550w, https:\/\/blogs.correiobraziliense.com.br\/nosso-parque-da-cidade\/wp-content\/uploads\/sites\/69\/2024\/08\/Expo-Foto-1-230x155.jpeg 230w\" sizes=\"auto, (max-width: 1024px) 100vw, 1024px\" \/><figcaption id=\"caption-attachment-458\" class=\"wp-caption-text\">Lazer no Parque da Cidade\/Foto Yiuugi Makiuchi Abril de 1989<\/figcaption><\/figure>\n<p align=\"left\">As imagens expostas compravam que, ao longo de sua exist\u00eancia, nenhum espa\u00e7o no Distrito Federal representa melhor o que significa viver Bras\u00edlia ao ar livre como o Parque da Cidade que, desde o in\u00edcio, se consolidou como um espa\u00e7o p\u00fabico democr\u00e1tico e acess\u00edvel a todos, um lugar para as pessoas serem felizes.<\/p>\n<figure id=\"attachment_459\" aria-describedby=\"caption-attachment-459\" style=\"width: 1024px\" class=\"wp-caption alignnone\"><img loading=\"lazy\" decoding=\"async\" class=\"size-large wp-image-459\" src=\"https:\/\/blogs.correiobraziliense.com.br\/nosso-parque-da-cidade\/wp-content\/uploads\/sites\/69\/2024\/08\/Expo-Foto-2-1024x823.jpeg\" alt=\"\" width=\"1024\" height=\"823\" srcset=\"https:\/\/blogs.correiobraziliense.com.br\/nosso-parque-da-cidade\/wp-content\/uploads\/sites\/69\/2024\/08\/Expo-Foto-2-1024x823.jpeg 1024w, https:\/\/blogs.correiobraziliense.com.br\/nosso-parque-da-cidade\/wp-content\/uploads\/sites\/69\/2024\/08\/Expo-Foto-2-300x241.jpeg 300w, https:\/\/blogs.correiobraziliense.com.br\/nosso-parque-da-cidade\/wp-content\/uploads\/sites\/69\/2024\/08\/Expo-Foto-2-768x617.jpeg 768w, https:\/\/blogs.correiobraziliense.com.br\/nosso-parque-da-cidade\/wp-content\/uploads\/sites\/69\/2024\/08\/Expo-Foto-2-1440x1157.jpeg 1440w, https:\/\/blogs.correiobraziliense.com.br\/nosso-parque-da-cidade\/wp-content\/uploads\/sites\/69\/2024\/08\/Expo-Foto-2-800x643.jpeg 800w, https:\/\/blogs.correiobraziliense.com.br\/nosso-parque-da-cidade\/wp-content\/uploads\/sites\/69\/2024\/08\/Expo-Foto-2-550x442.jpeg 550w, https:\/\/blogs.correiobraziliense.com.br\/nosso-parque-da-cidade\/wp-content\/uploads\/sites\/69\/2024\/08\/Expo-Foto-2-230x185.jpeg 230w, https:\/\/blogs.correiobraziliense.com.br\/nosso-parque-da-cidade\/wp-content\/uploads\/sites\/69\/2024\/08\/Expo-Foto-2.jpeg 1274w\" sizes=\"auto, (max-width: 1024px) 100vw, 1024px\" \/><figcaption id=\"caption-attachment-459\" class=\"wp-caption-text\">Pedalinho do Parque da Cidade ? Foto Izabel Cristina Agosto de 1989<\/figcaption><\/figure>\n<figure id=\"attachment_460\" aria-describedby=\"caption-attachment-460\" style=\"width: 822px\" class=\"wp-caption alignnone\"><img loading=\"lazy\" decoding=\"async\" class=\"size-large wp-image-460\" src=\"https:\/\/blogs.correiobraziliense.com.br\/nosso-parque-da-cidade\/wp-content\/uploads\/sites\/69\/2024\/08\/Expo-foto-3-822x1024.jpeg\" alt=\"\" width=\"822\" height=\"1024\" srcset=\"https:\/\/blogs.correiobraziliense.com.br\/nosso-parque-da-cidade\/wp-content\/uploads\/sites\/69\/2024\/08\/Expo-foto-3.jpeg 822w, https:\/\/blogs.correiobraziliense.com.br\/nosso-parque-da-cidade\/wp-content\/uploads\/sites\/69\/2024\/08\/Expo-foto-3-241x300.jpeg 241w, https:\/\/blogs.correiobraziliense.com.br\/nosso-parque-da-cidade\/wp-content\/uploads\/sites\/69\/2024\/08\/Expo-foto-3-768x956.jpeg 768w, https:\/\/blogs.correiobraziliense.com.br\/nosso-parque-da-cidade\/wp-content\/uploads\/sites\/69\/2024\/08\/Expo-foto-3-800x996.jpeg 800w, https:\/\/blogs.correiobraziliense.com.br\/nosso-parque-da-cidade\/wp-content\/uploads\/sites\/69\/2024\/08\/Expo-foto-3-550x685.jpeg 550w, https:\/\/blogs.correiobraziliense.com.br\/nosso-parque-da-cidade\/wp-content\/uploads\/sites\/69\/2024\/08\/Expo-foto-3-230x286.jpeg 230w\" sizes=\"auto, (max-width: 822px) 100vw, 822px\" \/><figcaption id=\"caption-attachment-460\" class=\"wp-caption-text\">Piscina com Ondas do Parque da Cidade \/ Foto Ivaldo Cavalcanti Fevereiro de 1990<\/figcaption><\/figure>\n<p align=\"left\">Servi\u00e7o:<\/p>\n<p align=\"left\">Festival Vibrar 2024<\/p>\n<p align=\"left\">Data: 15 a 18 de agosto.<\/p>\n<p align=\"left\">Local: Estacionamento 11 do Parque da Cidade<\/p>\n<p align=\"left\">Exposi\u00e7\u00e3o Fotogr\u00e1fica Para Viver Bras\u00edlia ao Ar Livre<\/p>\n<p align=\"left\">Curadoria: Cilene Vieira, autora do blog O Nosso Parque da Cidade, publicado no site Correio Braziliense.com<\/p>\n<p align=\"left\">Pesquisa de Imagens: Mauro Ribeiro e Chico Lima Filho<\/p>\n<p align=\"left\">Produ\u00e7\u00e3o: VBR<\/p>\n<p align=\"left\">Realiza\u00e7\u00e3o: Vibrar e Correio Braziliense<\/p>\n","protected":false},"excerpt":{"rendered":"<p>Como parte das atra\u00e7\u00f5es do Festival Vibrar 2024, que acontece no Parque da Cidade de 15 a 18, quinta a domingo, o Correio Braziliense apresenta a exposi\u00e7\u00e3o fotogr\u00e1fica \u201cPara Viver Bras\u00edlia ao Ar Livre\u201d. A exposi\u00e7\u00e3o \u00e9 composta por 57 imagens do acervo do Cedoc &#8211; Centro de Documenta\u00e7\u00e3o do Correio, com cenas do Parque [&hellip;]<\/p>\n","protected":false},"author":153,"featured_media":457,"comment_status":"open","ping_status":"open","sticky":false,"template":"","format":"standard","meta":{"wpb_read_more":[],"footnotes":""},"categories":[4],"tags":[52],"class_list":["post-455","post","type-post","status-publish","format-standard","has-post-thumbnail","hentry","category-acontece","tag-exposicaofotografica-vibrar-piscinacomondas-pedalinho-trenzinho-cabecas"],"_links":{"self":[{"href":"https:\/\/blogs.correiobraziliense.com.br\/nosso-parque-da-cidade\/wp-json\/wp\/v2\/posts\/455","targetHints":{"allow":["GET"]}}],"collection":[{"href":"https:\/\/blogs.correiobraziliense.com.br\/nosso-parque-da-cidade\/wp-json\/wp\/v2\/posts"}],"about":[{"href":"https:\/\/blogs.correiobraziliense.com.br\/nosso-parque-da-cidade\/wp-json\/wp\/v2\/types\/post"}],"author":[{"embeddable":true,"href":"https:\/\/blogs.correiobraziliense.com.br\/nosso-parque-da-cidade\/wp-json\/wp\/v2\/users\/153"}],"replies":[{"embeddable":true,"href":"https:\/\/blogs.correiobraziliense.com.br\/nosso-parque-da-cidade\/wp-json\/wp\/v2\/comments?post=455"}],"version-history":[{"count":2,"href":"https:\/\/blogs.correiobraziliense.com.br\/nosso-parque-da-cidade\/wp-json\/wp\/v2\/posts\/455\/revisions"}],"predecessor-version":[{"id":462,"href":"https:\/\/blogs.correiobraziliense.com.br\/nosso-parque-da-cidade\/wp-json\/wp\/v2\/posts\/455\/revisions\/462"}],"wp:featuredmedia":[{"embeddable":true,"href":"https:\/\/blogs.correiobraziliense.com.br\/nosso-parque-da-cidade\/wp-json\/wp\/v2\/media\/457"}],"wp:attachment":[{"href":"https:\/\/blogs.correiobraziliense.com.br\/nosso-parque-da-cidade\/wp-json\/wp\/v2\/media?parent=455"}],"wp:term":[{"taxonomy":"category","embeddable":true,"href":"https:\/\/blogs.correiobraziliense.com.br\/nosso-parque-da-cidade\/wp-json\/wp\/v2\/categories?post=455"},{"taxonomy":"post_tag","embeddable":true,"href":"https:\/\/blogs.correiobraziliense.com.br\/nosso-parque-da-cidade\/wp-json\/wp\/v2\/tags?post=455"}],"curies":[{"name":"wp","href":"https:\/\/api.w.org\/{rel}","templated":true}]}}