{"id":43,"date":"2024-01-28T18:25:10","date_gmt":"2024-01-28T21:25:10","guid":{"rendered":"https:\/\/blogs.correiobraziliense.com.br\/nosso-parque-da-cidade\/?p=43"},"modified":"2024-02-07T18:28:16","modified_gmt":"2024-02-07T21:28:16","slug":"galerias-urbanas-brasilia-azul","status":"publish","type":"post","link":"https:\/\/blogs.correiobraziliense.com.br\/nosso-parque-da-cidade\/acontece\/galerias-urbanas-brasilia-azul\/","title":{"rendered":"Galerias urbanas: Bras\u00edlia Azul"},"content":{"rendered":"<p>Exposi\u00e7\u00e3o de fotografias, com 28 pain\u00e9is instalados pr\u00f3ximo ao lago, na altura do estacionamento 10. De autoria de Celso J\u00fanior, as fotos registram detalhes em azul de cenas da capital e podem ser vistas em qualquer hor\u00e1rio do dia e durante a noite, pois os pain\u00e9is s\u00e3o iluminados por energia solar. Em cartaz at\u00e9 o dia 18 de fevereiro.<\/p>\n","protected":false},"excerpt":{"rendered":"<p>Exposi\u00e7\u00e3o de fotografias, com 28 pain\u00e9is instalados pr\u00f3ximo ao lago, na altura do estacionamento 10. De autoria de Celso J\u00fanior, as fotos registram detalhes em azul de cenas da capital e podem ser vistas em qualquer hor\u00e1rio do dia e durante a noite, pois os pain\u00e9is s\u00e3o iluminados por energia solar. Em cartaz at\u00e9 o [&hellip;]<\/p>\n","protected":false},"author":153,"featured_media":47,"comment_status":"open","ping_status":"open","sticky":false,"template":"","format":"standard","meta":{"wpb_read_more":[],"footnotes":""},"categories":[4],"tags":[],"class_list":["post-43","post","type-post","status-publish","format-standard","has-post-thumbnail","hentry","category-acontece"],"_links":{"self":[{"href":"https:\/\/blogs.correiobraziliense.com.br\/nosso-parque-da-cidade\/wp-json\/wp\/v2\/posts\/43","targetHints":{"allow":["GET"]}}],"collection":[{"href":"https:\/\/blogs.correiobraziliense.com.br\/nosso-parque-da-cidade\/wp-json\/wp\/v2\/posts"}],"about":[{"href":"https:\/\/blogs.correiobraziliense.com.br\/nosso-parque-da-cidade\/wp-json\/wp\/v2\/types\/post"}],"author":[{"embeddable":true,"href":"https:\/\/blogs.correiobraziliense.com.br\/nosso-parque-da-cidade\/wp-json\/wp\/v2\/users\/153"}],"replies":[{"embeddable":true,"href":"https:\/\/blogs.correiobraziliense.com.br\/nosso-parque-da-cidade\/wp-json\/wp\/v2\/comments?post=43"}],"version-history":[{"count":3,"href":"https:\/\/blogs.correiobraziliense.com.br\/nosso-parque-da-cidade\/wp-json\/wp\/v2\/posts\/43\/revisions"}],"predecessor-version":[{"id":62,"href":"https:\/\/blogs.correiobraziliense.com.br\/nosso-parque-da-cidade\/wp-json\/wp\/v2\/posts\/43\/revisions\/62"}],"wp:featuredmedia":[{"embeddable":true,"href":"https:\/\/blogs.correiobraziliense.com.br\/nosso-parque-da-cidade\/wp-json\/wp\/v2\/media\/47"}],"wp:attachment":[{"href":"https:\/\/blogs.correiobraziliense.com.br\/nosso-parque-da-cidade\/wp-json\/wp\/v2\/media?parent=43"}],"wp:term":[{"taxonomy":"category","embeddable":true,"href":"https:\/\/blogs.correiobraziliense.com.br\/nosso-parque-da-cidade\/wp-json\/wp\/v2\/categories?post=43"},{"taxonomy":"post_tag","embeddable":true,"href":"https:\/\/blogs.correiobraziliense.com.br\/nosso-parque-da-cidade\/wp-json\/wp\/v2\/tags?post=43"}],"curies":[{"name":"wp","href":"https:\/\/api.w.org\/{rel}","templated":true}]}}