{"id":404,"date":"2024-07-01T21:06:52","date_gmt":"2024-07-02T00:06:52","guid":{"rendered":"https:\/\/blogs.correiobraziliense.com.br\/nosso-parque-da-cidade\/?p=404"},"modified":"2024-07-01T21:06:52","modified_gmt":"2024-07-02T00:06:52","slug":"gente-que-danca","status":"publish","type":"post","link":"https:\/\/blogs.correiobraziliense.com.br\/nosso-parque-da-cidade\/acontece\/gente-que-danca\/","title":{"rendered":"Gente que dan\u00e7a"},"content":{"rendered":"<p>Encontro Candango de Dan\u00e7as<\/p>\n<figure id=\"attachment_407\" aria-describedby=\"caption-attachment-407\" style=\"width: 942px\" class=\"wp-caption alignnone\"><img loading=\"lazy\" decoding=\"async\" class=\"size-large wp-image-407\" src=\"https:\/\/blogs.correiobraziliense.com.br\/nosso-parque-da-cidade\/wp-content\/uploads\/sites\/69\/2024\/07\/Encontro-Candango-de-Dan\u00e7as-Divulga\u00e7\u00e3o-942x1024.jpeg\" alt=\"\" width=\"942\" height=\"1024\" srcset=\"https:\/\/blogs.correiobraziliense.com.br\/nosso-parque-da-cidade\/wp-content\/uploads\/sites\/69\/2024\/07\/Encontro-Candango-de-Dan\u00e7as-Divulga\u00e7\u00e3o.jpeg 942w, https:\/\/blogs.correiobraziliense.com.br\/nosso-parque-da-cidade\/wp-content\/uploads\/sites\/69\/2024\/07\/Encontro-Candango-de-Dan\u00e7as-Divulga\u00e7\u00e3o-276x300.jpeg 276w, https:\/\/blogs.correiobraziliense.com.br\/nosso-parque-da-cidade\/wp-content\/uploads\/sites\/69\/2024\/07\/Encontro-Candango-de-Dan\u00e7as-Divulga\u00e7\u00e3o-768x835.jpeg 768w, https:\/\/blogs.correiobraziliense.com.br\/nosso-parque-da-cidade\/wp-content\/uploads\/sites\/69\/2024\/07\/Encontro-Candango-de-Dan\u00e7as-Divulga\u00e7\u00e3o-800x869.jpeg 800w, https:\/\/blogs.correiobraziliense.com.br\/nosso-parque-da-cidade\/wp-content\/uploads\/sites\/69\/2024\/07\/Encontro-Candango-de-Dan\u00e7as-Divulga\u00e7\u00e3o-550x598.jpeg 550w, https:\/\/blogs.correiobraziliense.com.br\/nosso-parque-da-cidade\/wp-content\/uploads\/sites\/69\/2024\/07\/Encontro-Candango-de-Dan\u00e7as-Divulga\u00e7\u00e3o-230x250.jpeg 230w\" sizes=\"auto, (max-width: 942px) 100vw, 942px\" \/><figcaption id=\"caption-attachment-407\" class=\"wp-caption-text\">ECD \/ Divulga\u00e7\u00e3o<\/figcaption><\/figure>\n<p>No pr\u00f3ximo fim de semana, 6 e 7 de julho, tem evento gratuito e aberto \u00e0 comunidade no Parque da Cidade. Se voc\u00ea gosta de dan\u00e7ar ou de ver pessoas dan\u00e7ando, pode pegar sua canga ou cadeira, levar a fam\u00edlia e chamar os amigos pra assistir o festival de dan\u00e7a oriental, dan\u00e7a do ventre e street dance, entre outras, que acontece pr\u00f3ximo \u00e0 ponte do lago artificial, Estacionamento 10.<\/p>\n<p>O Encontro Candango de Dan\u00e7as, que est\u00e1 na 6<sup>a<\/sup> edi\u00e7\u00e3o, ter\u00e1 aulas abertas ao p\u00fablico, mostras coreogr\u00e1ficas, concursos, competi\u00e7\u00f5es e shows das 9h30min at\u00e9 as 17h, nos dois dias.<\/p>\n<p>O festival promove o encontro de artistas de v\u00e1rias regi\u00f5es, do DF e entorno, com apresenta\u00e7\u00f5es solo, de duplas e em grupo, e a participa\u00e7\u00e3o v\u00e1rios professores renomados, como Amanda Rosa, campe\u00e3 nacional de dan\u00e7a do ventre, Ighor Dias, professor de Hip Hop, e a premiada Aisha Dincer, diretora do Encontro.<\/p>\n<figure id=\"attachment_406\" aria-describedby=\"caption-attachment-406\" style=\"width: 993px\" class=\"wp-caption alignnone\"><img loading=\"lazy\" decoding=\"async\" class=\"size-large wp-image-406\" src=\"https:\/\/blogs.correiobraziliense.com.br\/nosso-parque-da-cidade\/wp-content\/uploads\/sites\/69\/2024\/07\/Bailarinas-Dan\u00e7a-do-Ventre-Divulga\u00e7\u00e3o-993x1024.jpeg\" alt=\"\" width=\"993\" height=\"1024\" srcset=\"https:\/\/blogs.correiobraziliense.com.br\/nosso-parque-da-cidade\/wp-content\/uploads\/sites\/69\/2024\/07\/Bailarinas-Dan\u00e7a-do-Ventre-Divulga\u00e7\u00e3o.jpeg 993w, https:\/\/blogs.correiobraziliense.com.br\/nosso-parque-da-cidade\/wp-content\/uploads\/sites\/69\/2024\/07\/Bailarinas-Dan\u00e7a-do-Ventre-Divulga\u00e7\u00e3o-291x300.jpeg 291w, https:\/\/blogs.correiobraziliense.com.br\/nosso-parque-da-cidade\/wp-content\/uploads\/sites\/69\/2024\/07\/Bailarinas-Dan\u00e7a-do-Ventre-Divulga\u00e7\u00e3o-768x792.jpeg 768w, https:\/\/blogs.correiobraziliense.com.br\/nosso-parque-da-cidade\/wp-content\/uploads\/sites\/69\/2024\/07\/Bailarinas-Dan\u00e7a-do-Ventre-Divulga\u00e7\u00e3o-800x825.jpeg 800w, https:\/\/blogs.correiobraziliense.com.br\/nosso-parque-da-cidade\/wp-content\/uploads\/sites\/69\/2024\/07\/Bailarinas-Dan\u00e7a-do-Ventre-Divulga\u00e7\u00e3o-550x567.jpeg 550w, https:\/\/blogs.correiobraziliense.com.br\/nosso-parque-da-cidade\/wp-content\/uploads\/sites\/69\/2024\/07\/Bailarinas-Dan\u00e7a-do-Ventre-Divulga\u00e7\u00e3o-230x237.jpeg 230w\" sizes=\"auto, (max-width: 993px) 100vw, 993px\" \/><figcaption id=\"caption-attachment-406\" class=\"wp-caption-text\">Bailarinas Dan\u00e7a do Ventre \/ Divulga\u00e7\u00e3o<\/figcaption><\/figure>\n","protected":false},"excerpt":{"rendered":"<p>Encontro Candango de Dan\u00e7as No pr\u00f3ximo fim de semana, 6 e 7 de julho, tem evento gratuito e aberto \u00e0 comunidade no Parque da Cidade. Se voc\u00ea gosta de dan\u00e7ar ou de ver pessoas dan\u00e7ando, pode pegar sua canga ou cadeira, levar a fam\u00edlia e chamar os amigos pra assistir o festival de dan\u00e7a oriental, [&hellip;]<\/p>\n","protected":false},"author":153,"featured_media":405,"comment_status":"open","ping_status":"open","sticky":false,"template":"","format":"standard","meta":{"wpb_read_more":[],"footnotes":""},"categories":[4],"tags":[45,47,46,44],"class_list":["post-404","post","type-post","status-publish","format-standard","has-post-thumbnail","hentry","category-acontece","tag-dancadoventre","tag-dancaoriental","tag-hiphop","tag-encontrocandangodedancas"],"_links":{"self":[{"href":"https:\/\/blogs.correiobraziliense.com.br\/nosso-parque-da-cidade\/wp-json\/wp\/v2\/posts\/404","targetHints":{"allow":["GET"]}}],"collection":[{"href":"https:\/\/blogs.correiobraziliense.com.br\/nosso-parque-da-cidade\/wp-json\/wp\/v2\/posts"}],"about":[{"href":"https:\/\/blogs.correiobraziliense.com.br\/nosso-parque-da-cidade\/wp-json\/wp\/v2\/types\/post"}],"author":[{"embeddable":true,"href":"https:\/\/blogs.correiobraziliense.com.br\/nosso-parque-da-cidade\/wp-json\/wp\/v2\/users\/153"}],"replies":[{"embeddable":true,"href":"https:\/\/blogs.correiobraziliense.com.br\/nosso-parque-da-cidade\/wp-json\/wp\/v2\/comments?post=404"}],"version-history":[{"count":1,"href":"https:\/\/blogs.correiobraziliense.com.br\/nosso-parque-da-cidade\/wp-json\/wp\/v2\/posts\/404\/revisions"}],"predecessor-version":[{"id":408,"href":"https:\/\/blogs.correiobraziliense.com.br\/nosso-parque-da-cidade\/wp-json\/wp\/v2\/posts\/404\/revisions\/408"}],"wp:featuredmedia":[{"embeddable":true,"href":"https:\/\/blogs.correiobraziliense.com.br\/nosso-parque-da-cidade\/wp-json\/wp\/v2\/media\/405"}],"wp:attachment":[{"href":"https:\/\/blogs.correiobraziliense.com.br\/nosso-parque-da-cidade\/wp-json\/wp\/v2\/media?parent=404"}],"wp:term":[{"taxonomy":"category","embeddable":true,"href":"https:\/\/blogs.correiobraziliense.com.br\/nosso-parque-da-cidade\/wp-json\/wp\/v2\/categories?post=404"},{"taxonomy":"post_tag","embeddable":true,"href":"https:\/\/blogs.correiobraziliense.com.br\/nosso-parque-da-cidade\/wp-json\/wp\/v2\/tags?post=404"}],"curies":[{"name":"wp","href":"https:\/\/api.w.org\/{rel}","templated":true}]}}