{"id":37,"date":"2024-01-30T18:05:47","date_gmt":"2024-01-30T21:05:47","guid":{"rendered":"https:\/\/blogs.correiobraziliense.com.br\/nosso-parque-da-cidade\/?p=37"},"modified":"2024-02-07T18:04:42","modified_gmt":"2024-02-07T21:04:42","slug":"sobre-janeiro","status":"publish","type":"post","link":"https:\/\/blogs.correiobraziliense.com.br\/nosso-parque-da-cidade\/conversas\/sobre-janeiro\/","title":{"rendered":"Sobre Janeiro"},"content":{"rendered":"<p align=\"left\">A dupla de amigas caminha e conversa sobre as pessoas na pista do Parque, na primeira semana do ano:<\/p>\n<p align=\"left\">&#8211; Voc\u00ea reparou que tem muita gente caminhando e correndo hoje aqui no Parque?<\/p>\n<p align=\"left\">&#8211; Normal, tooodo in\u00edcio de ano \u00e9 assim.<\/p>\n<p align=\"left\">&#8211; Por que ser\u00e1?<\/p>\n<p align=\"left\">&#8211; Resolu\u00e7\u00f5es de ano novo, n\u00e9? As pessoas fazem compromissos de cuidar mais da sa\u00fade, dizem que v\u00e3o caminhar, correr, fazer exerc\u00edcios com frequ\u00eancia, e aqui \u00e9 f\u00e1cil, basta colocar um t\u00eanis e vir, da\u00ed fica assim, lotado.<\/p>\n<p align=\"left\">&#8211; Vou come\u00e7ar a mandar boas vibra\u00e7\u00f5es e fazer minhas ora\u00e7\u00f5es pra todos, pra que continuem, com sa\u00fade, for\u00e7a e energia.<\/p>\n<p align=\"left\">&#8211; Pra essas pessoas na pista? Por qu\u00ea, voc\u00ea nem conhece&#8230;<\/p>\n<p align=\"left\">&#8211; Porque eu li uma pesquisa que diz que 58% das pessoas quebram as promessas de ano novo j\u00e1 no primeiro fim de semana do ano, desistem na primeira semana, quebram ou n\u00e3o fazem o que se prometeram. Ent\u00e3o vou orar por elas, pra que todos continuem firmes no prop\u00f3sito.<\/p>\n<p align=\"left\">&#8211; Mas voc\u00ea n\u00e3o tem nada com isso\u2026<\/p>\n<p align=\"left\">&#8211; Tenho sim, todos temos, pessoas que fazem exerc\u00edcios se sentem mais saud\u00e1veis, ficam mais contentes, o que significa pessoas mais alegres, satisfeitas, e at\u00e9 mais felizes.<\/p>\n<p align=\"left\">&#8211; Isso parece clich\u00ea de\u00a0<em>coach<\/em>\u00a0e academia.<\/p>\n<p align=\"left\">&#8211; Pode ser, mas \u00e9 verdade que pessoas que cumprem promessas ficam mais satisfeitas e felizes e vou torcer por elas, \u00e9 minha contribui\u00e7\u00e3o de hoje pra melhorar o mundo.<\/p>\n<p align=\"left\">&#8211; Orar pra quem voc\u00ea n\u00e3o conhece?<\/p>\n<p align=\"left\">&#8211; Sim! Vibrar por eles, pedir ao universo que d\u00ea for\u00e7a. Continuem gente! \u00c2nimo! N\u00e3o desistam!<\/p>\n","protected":false},"excerpt":{"rendered":"<p>A dupla de amigas caminha e conversa sobre as pessoas na pista do Parque, na primeira semana do ano: &#8211; Voc\u00ea reparou que tem muita gente caminhando e correndo hoje aqui no Parque? &#8211; Normal, tooodo in\u00edcio de ano \u00e9 assim. &#8211; Por que ser\u00e1? &#8211; Resolu\u00e7\u00f5es de ano novo, n\u00e9? As pessoas fazem compromissos [&hellip;]<\/p>\n","protected":false},"author":153,"featured_media":40,"comment_status":"open","ping_status":"open","sticky":false,"template":"","format":"standard","meta":{"wpb_read_more":[],"footnotes":""},"categories":[2],"tags":[],"class_list":["post-37","post","type-post","status-publish","format-standard","has-post-thumbnail","hentry","category-conversas"],"_links":{"self":[{"href":"https:\/\/blogs.correiobraziliense.com.br\/nosso-parque-da-cidade\/wp-json\/wp\/v2\/posts\/37","targetHints":{"allow":["GET"]}}],"collection":[{"href":"https:\/\/blogs.correiobraziliense.com.br\/nosso-parque-da-cidade\/wp-json\/wp\/v2\/posts"}],"about":[{"href":"https:\/\/blogs.correiobraziliense.com.br\/nosso-parque-da-cidade\/wp-json\/wp\/v2\/types\/post"}],"author":[{"embeddable":true,"href":"https:\/\/blogs.correiobraziliense.com.br\/nosso-parque-da-cidade\/wp-json\/wp\/v2\/users\/153"}],"replies":[{"embeddable":true,"href":"https:\/\/blogs.correiobraziliense.com.br\/nosso-parque-da-cidade\/wp-json\/wp\/v2\/comments?post=37"}],"version-history":[{"count":2,"href":"https:\/\/blogs.correiobraziliense.com.br\/nosso-parque-da-cidade\/wp-json\/wp\/v2\/posts\/37\/revisions"}],"predecessor-version":[{"id":56,"href":"https:\/\/blogs.correiobraziliense.com.br\/nosso-parque-da-cidade\/wp-json\/wp\/v2\/posts\/37\/revisions\/56"}],"wp:featuredmedia":[{"embeddable":true,"href":"https:\/\/blogs.correiobraziliense.com.br\/nosso-parque-da-cidade\/wp-json\/wp\/v2\/media\/40"}],"wp:attachment":[{"href":"https:\/\/blogs.correiobraziliense.com.br\/nosso-parque-da-cidade\/wp-json\/wp\/v2\/media?parent=37"}],"wp:term":[{"taxonomy":"category","embeddable":true,"href":"https:\/\/blogs.correiobraziliense.com.br\/nosso-parque-da-cidade\/wp-json\/wp\/v2\/categories?post=37"},{"taxonomy":"post_tag","embeddable":true,"href":"https:\/\/blogs.correiobraziliense.com.br\/nosso-parque-da-cidade\/wp-json\/wp\/v2\/tags?post=37"}],"curies":[{"name":"wp","href":"https:\/\/api.w.org\/{rel}","templated":true}]}}