{"id":363,"date":"2024-06-14T20:36:51","date_gmt":"2024-06-14T23:36:51","guid":{"rendered":"https:\/\/blogs.correiobraziliense.com.br\/nosso-parque-da-cidade\/?p=363"},"modified":"2024-06-18T21:16:59","modified_gmt":"2024-06-19T00:16:59","slug":"do-parque-para-o-caminho-de-santiago-parte-2","status":"publish","type":"post","link":"https:\/\/blogs.correiobraziliense.com.br\/nosso-parque-da-cidade\/sem-categoria\/do-parque-para-o-caminho-de-santiago-parte-2\/","title":{"rendered":"Do Parque para o Caminho de Santiago &#8211; Parte 2"},"content":{"rendered":"<p class=\"western\" align=\"left\">Na semana passada publiquei um <a href=\"https:\/\/blogs.correiobraziliense.com.br\/nosso-parque-da-cidade\/pessoas\/do-parque-para-o-caminho-de-santiago\/\">post<\/a> sobre Antonio Oliveira e sua prepara\u00e7\u00e3o para realizar uma das etapas do Caminho de Santiago, no Parque, onde o encontrei com sua esposa Jane. Com alegria, recebia sua mensagem da Europa, onde est\u00e3o aproveitando mais uns dias de f\u00e9rias, ap\u00f3s terem terminado o grande desafio.<\/p>\n<p class=\"western\" align=\"left\">Ele agradeceu a publica\u00e7\u00e3o da mat\u00e9ria, informando que tinham conclu\u00eddo as etapas do Caminho, para eles \u201cuma grande experi\u00eancia espiritual, f\u00edsica e de supera\u00e7\u00e3o\u201d, que deixou o casal ainda mais unido. Aproveitei o contato para saber mais um pouco sobre a jornada e contar aqui no Blog, porque o post gerou curiosidade de leitores sobre se teriam conseguido e se a prepara\u00e7\u00e3o que fizeram teria sido importante.<\/p>\n<figure id=\"attachment_366\" aria-describedby=\"caption-attachment-366\" style=\"width: 587px\" class=\"wp-caption alignnone\"><img loading=\"lazy\" decoding=\"async\" class=\"size-large wp-image-366\" src=\"https:\/\/blogs.correiobraziliense.com.br\/nosso-parque-da-cidade\/wp-content\/uploads\/sites\/69\/2024\/06\/Antonio-e-Jane-na-Catedral-587x1024.jpeg\" alt=\"\" width=\"587\" height=\"1024\" srcset=\"https:\/\/blogs.correiobraziliense.com.br\/nosso-parque-da-cidade\/wp-content\/uploads\/sites\/69\/2024\/06\/Antonio-e-Jane-na-Catedral.jpeg 587w, https:\/\/blogs.correiobraziliense.com.br\/nosso-parque-da-cidade\/wp-content\/uploads\/sites\/69\/2024\/06\/Antonio-e-Jane-na-Catedral-172x300.jpeg 172w, https:\/\/blogs.correiobraziliense.com.br\/nosso-parque-da-cidade\/wp-content\/uploads\/sites\/69\/2024\/06\/Antonio-e-Jane-na-Catedral-550x959.jpeg 550w, https:\/\/blogs.correiobraziliense.com.br\/nosso-parque-da-cidade\/wp-content\/uploads\/sites\/69\/2024\/06\/Antonio-e-Jane-na-Catedral-230x401.jpeg 230w\" sizes=\"auto, (max-width: 587px) 100vw, 587px\" \/><figcaption id=\"caption-attachment-366\" class=\"wp-caption-text\">Chegada de Antonio e Jane a Santiago<\/figcaption><\/figure>\n<p class=\"western\" align=\"left\">Enviei duas perguntas para Antonio, que me respondeu prontamente:<\/p>\n<p class=\"western\" align=\"left\">P- Como foi a experi\u00eancia de fazer essa etapa do Caminho?<br \/>\nR- Foi uma grande experi\u00eancia! Espiritual, f\u00edsica e de supera\u00e7\u00e3o dos desafios que o Caminho de Santiago nos imp\u00f5e. Por outro lado, foi gratificante encontrar pessoas do mundo todo, com o mesmo prop\u00f3sito. Jovens, adultos e at\u00e9 pessoas com mais idade do que a nossa. Inclusive, algumas com certa dificuldade de locomo\u00e7\u00e3o, mas que enfrentaram as incont\u00e1veis subidas, algumas bem \u00edngremes, conduzindo suas mochilas.<br \/>\nEnfim, valeu muito a pena estar no Caminho, podendo desejar e receber os votos de &#8220;\u00a1buen camino!&#8221; daqueles que tinham o mesmo objetivo de chegar at\u00e9 a Catedral de Santiago de Compostela, participar da celebra\u00e7\u00e3o religiosa e visitar o sepulcro do Ap\u00f3stolo Santiago!<\/p>\n<p class=\"western\" align=\"left\">P- A prepara\u00e7\u00e3o e os treinos no Parque da Cidade contribu\u00edram para a conquista?<br \/>\nR- Sem d\u00favida, a prepara\u00e7\u00e3o e os treinos no Parque da Cidade foram fundamentais para realizar as jornadas com adequadas condi\u00e7\u00f5es f\u00edsicas. Embora tenhamos enfrentado diversas subidas e percursos de at\u00e9 25 km di\u00e1rios, os treinamentos com aumento progressivo das dist\u00e2ncias, realizados no Parque, nos propiciaram as condi\u00e7\u00f5es ideais para alcan\u00e7ar os objetivos de cada etapa, descansar e prosseguir no dia seguinte em muito boas condi\u00e7\u00f5es. Reitero que a prepara\u00e7\u00e3o no Parque da Cidade contribuiu, enormemente, para o sucesso da nossa caminhada!<\/p>\n<p class=\"western\" align=\"left\">Que Antonio e Jane logo estejam de volta a Bras\u00edlia e ao nosso Parque da Cidade, agora pra descansar, relaxar e aproveitar novamente que o espa\u00e7o oferece aos seus frequentadores.<\/p>\n<p align=\"left\"><img loading=\"lazy\" decoding=\"async\" class=\"alignnone size-large wp-image-358\" src=\"https:\/\/blogs.correiobraziliense.com.br\/nosso-parque-da-cidade\/wp-content\/uploads\/sites\/69\/2024\/06\/Casal-no-caminho-1024x738.jpeg\" alt=\"\" width=\"1024\" height=\"738\" srcset=\"https:\/\/blogs.correiobraziliense.com.br\/nosso-parque-da-cidade\/wp-content\/uploads\/sites\/69\/2024\/06\/Casal-no-caminho-1024x738.jpeg 1024w, https:\/\/blogs.correiobraziliense.com.br\/nosso-parque-da-cidade\/wp-content\/uploads\/sites\/69\/2024\/06\/Casal-no-caminho-300x216.jpeg 300w, https:\/\/blogs.correiobraziliense.com.br\/nosso-parque-da-cidade\/wp-content\/uploads\/sites\/69\/2024\/06\/Casal-no-caminho-768x553.jpeg 768w, https:\/\/blogs.correiobraziliense.com.br\/nosso-parque-da-cidade\/wp-content\/uploads\/sites\/69\/2024\/06\/Casal-no-caminho-800x576.jpeg 800w, https:\/\/blogs.correiobraziliense.com.br\/nosso-parque-da-cidade\/wp-content\/uploads\/sites\/69\/2024\/06\/Casal-no-caminho-550x396.jpeg 550w, https:\/\/blogs.correiobraziliense.com.br\/nosso-parque-da-cidade\/wp-content\/uploads\/sites\/69\/2024\/06\/Casal-no-caminho-230x166.jpeg 230w, https:\/\/blogs.correiobraziliense.com.br\/nosso-parque-da-cidade\/wp-content\/uploads\/sites\/69\/2024\/06\/Casal-no-caminho.jpeg 1280w\" sizes=\"auto, (max-width: 1024px) 100vw, 1024px\" \/><\/p>\n","protected":false},"excerpt":{"rendered":"<p>Na semana passada publiquei um post sobre Antonio Oliveira e sua prepara\u00e7\u00e3o para realizar uma das etapas do Caminho de Santiago, no Parque, onde o encontrei com sua esposa Jane. Com alegria, recebia sua mensagem da Europa, onde est\u00e3o aproveitando mais uns dias de f\u00e9rias, ap\u00f3s terem terminado o grande desafio. Ele agradeceu a publica\u00e7\u00e3o [&hellip;]<\/p>\n","protected":false},"author":153,"featured_media":367,"comment_status":"open","ping_status":"open","sticky":false,"template":"","format":"standard","meta":{"wpb_read_more":[],"footnotes":""},"categories":[7,1],"tags":[34,9,36],"class_list":["post-363","post","type-post","status-publish","format-standard","has-post-thumbnail","hentry","category-pessoas","category-sem-categoria","tag-caminhodesantiago","tag-parque-manutencao","tag-preparacao"],"_links":{"self":[{"href":"https:\/\/blogs.correiobraziliense.com.br\/nosso-parque-da-cidade\/wp-json\/wp\/v2\/posts\/363","targetHints":{"allow":["GET"]}}],"collection":[{"href":"https:\/\/blogs.correiobraziliense.com.br\/nosso-parque-da-cidade\/wp-json\/wp\/v2\/posts"}],"about":[{"href":"https:\/\/blogs.correiobraziliense.com.br\/nosso-parque-da-cidade\/wp-json\/wp\/v2\/types\/post"}],"author":[{"embeddable":true,"href":"https:\/\/blogs.correiobraziliense.com.br\/nosso-parque-da-cidade\/wp-json\/wp\/v2\/users\/153"}],"replies":[{"embeddable":true,"href":"https:\/\/blogs.correiobraziliense.com.br\/nosso-parque-da-cidade\/wp-json\/wp\/v2\/comments?post=363"}],"version-history":[{"count":6,"href":"https:\/\/blogs.correiobraziliense.com.br\/nosso-parque-da-cidade\/wp-json\/wp\/v2\/posts\/363\/revisions"}],"predecessor-version":[{"id":389,"href":"https:\/\/blogs.correiobraziliense.com.br\/nosso-parque-da-cidade\/wp-json\/wp\/v2\/posts\/363\/revisions\/389"}],"wp:featuredmedia":[{"embeddable":true,"href":"https:\/\/blogs.correiobraziliense.com.br\/nosso-parque-da-cidade\/wp-json\/wp\/v2\/media\/367"}],"wp:attachment":[{"href":"https:\/\/blogs.correiobraziliense.com.br\/nosso-parque-da-cidade\/wp-json\/wp\/v2\/media?parent=363"}],"wp:term":[{"taxonomy":"category","embeddable":true,"href":"https:\/\/blogs.correiobraziliense.com.br\/nosso-parque-da-cidade\/wp-json\/wp\/v2\/categories?post=363"},{"taxonomy":"post_tag","embeddable":true,"href":"https:\/\/blogs.correiobraziliense.com.br\/nosso-parque-da-cidade\/wp-json\/wp\/v2\/tags?post=363"}],"curies":[{"name":"wp","href":"https:\/\/api.w.org\/{rel}","templated":true}]}}