{"id":165,"date":"2024-03-22T20:58:55","date_gmt":"2024-03-22T23:58:55","guid":{"rendered":"https:\/\/blogs.correiobraziliense.com.br\/nosso-parque-da-cidade\/?p=165"},"modified":"2024-03-22T20:58:55","modified_gmt":"2024-03-22T23:58:55","slug":"razoes-pra-viver-no-fim-do-mundo","status":"publish","type":"post","link":"https:\/\/blogs.correiobraziliense.com.br\/nosso-parque-da-cidade\/conversas\/razoes-pra-viver-no-fim-do-mundo\/","title":{"rendered":"Raz\u00f5es pra viver no fim do mundo"},"content":{"rendered":"<p class=\"western\">As amigas correm devagar, trotando na pista, falando sem parar sobre v\u00e1rios assuntos. Quando come\u00e7o a correr tamb\u00e9m, escuto a conversa:<\/p>\n<p class=\"western\">&#8211; Acho que voc\u00ea \u00e9 a \u00fanica pessoa que eu conhe\u00e7o que ainda assiste The Walking Dead.<\/p>\n<p class=\"western\">&#8211; N\u00e3o s\u00f3 assisto, como gosto de rever as temporadas anteriores, adoro essas distopias, essas hist\u00f3rias de fim de mundo, de sobreviv\u00eancia, de resist\u00eancia.<\/p>\n<p class=\"western\">&#8211; Eu at\u00e9 via no in\u00edcio, mas depois parei, \u00e9 muito angustiante aquele mundo sem futuro, sem esperan\u00e7a.<\/p>\n<p class=\"western\">&#8211; Tem um epis\u00f3dio que tem uma cena que nunca esque\u00e7o, quando o Daryl pergunta pra Sarah porque ela quer viver naquele mundo destru\u00eddo e ela responde que \u00e9 \u201cpra sentir o sol na minha pele\u201d. Achei lindo, sempre fico pensando em fazer uma lista de motivos pra essa pergunta.<\/p>\n<p class=\"western\">&#8211; Boa, gostei, d\u00e1 pra gente listar \u201cos 100 motivos pra viver num mundo todo detonado.\u201d<\/p>\n<p class=\"western\">&#8211; Os 100 n\u00e3o, mas 5 ou at\u00e9 10 motivos bons d\u00e1 pra fazer.<\/p>\n<p class=\"western\">&#8211; J\u00e1 digo um: tomar uma ta\u00e7a de um vinho tinto bom, daqueles bem caros, bem devagar&#8230;<\/p>\n<p class=\"western\">&#8211; A\u00ed n\u00e3o vale, eu diria outra bebida, cada um tem a sua, mas acho que teria que ser uma lista mais filos\u00f3fica, algo acess\u00edvel pra todos, mesmo num mundo apocal\u00edptico. Por exemplo, ver o dia amanhecer, onde voc\u00ea estiver. \u00c9 muito lindo o dia nascendo, amanhecendo, a claridade chegando, os barulhos come\u00e7ando, e o dia nasce pra todos.<\/p>\n<p class=\"western\">&#8211; Eu listaria tamb\u00e9m comer um chocolate, sentir um peda\u00e7o de chocolate derretendo na boca, hummm, vale pena estar num mundo feio pra isso.<\/p>\n<p class=\"western\">&#8211; Comida tamb\u00e9m eu acho que n\u00e3o deve entrar, d\u00e1 pra fazer uma lista sem fim, s\u00f3 de comidas deliciosas que valem a pena. Uma outra coisa que eu colocaria na lista seria fazer exerc\u00edcio f\u00edsico. Fazer exerc\u00edcio f\u00edsico n\u00e3o, o banho depois de um exerc\u00edcio f\u00edsico puxado, tomar um banho refrescante, \u00e9 muito bom.<\/p>\n<p class=\"western\">&#8211; Ah, voc\u00ea t\u00e1 falando de sensa\u00e7\u00e3o boa.<\/p>\n<p class=\"western\">&#8211; Sim, tipo parar e olhar pro c\u00e9u azul durante algum momento do dia, \u00e9 uma sensa\u00e7\u00e3o incr\u00edvel, observar os raios de sol, os movimentos das nuvens&#8230;<\/p>\n<p class=\"western\">&#8211; Uma boa transa, \u00e9 uma \u00f3tima sensa\u00e7\u00e3o, um motivo bom pra estar vivo, hahaha!<\/p>\n<p class=\"western\">&#8211; N\u00e3o vale, esse tipo de prazer \u00e9 obvio, deixe de ser mundana.<\/p>\n<p class=\"western\">&#8211; Ah, j\u00e1 sei, que tal uma lufada de vento no rosto, aquele vento suave, que mexe com os cabelos e voc\u00ea sente na pele?<\/p>\n<p class=\"western\">&#8211; Uma maravilha. Sentir o vento no rosto tamb\u00e9m estaria na minha lista. Outro seria dirigir ouvindo uma boa m\u00fasica, que toca aleatoriamente no radio, numa via sem carros, s\u00f3 eu e o horizonte na frente, que del\u00edcia isso.<\/p>\n<p class=\"western\">&#8211; Tamb\u00e9m gosto disso, mas sem cantar, esse clich\u00ea de dirigir um carro, toda feliz cantando alguma can\u00e7\u00e3o \u00e9 muito americano, sinal de que vem problema na frente.<\/p>\n<p class=\"western\">&#8211; Ouvir um \u201cDeus te aben\u00e7oe\u201d da minha m\u00e3e\u201d, com um beijo na testa, como isso \u00e9 bom.<\/p>\n<p class=\"western\">&#8211; Adoro quando vejo um filme ou uma s\u00e9rie com final feliz, \u00e9 bom demais, vale a pena, \u00e9 um regozijo.<\/p>\n<p class=\"western\">&#8211; Observar uma ou v\u00e1rias borboletas voando, \u00e9 uma cena leve, fugaz, parece que elas vivem em outro mundo\u2026<\/p>\n<p class=\"western\">&#8211; Chegar no fim dessa corrida, tomar \u00e1gua de coco e saber que hoje n\u00e3o vou trabalhar hahaha.<\/p>\n<p class=\"western\">&#8211; L\u00e1 vem voc\u00ea avacalhar minha lista com coisas da vida normal desse mundo.<\/p>\n<p class=\"western\">&#8211; Normal? Trabalhar no S\u00e1bado pra mim \u00e9 o fim do mundo! E no Domingo? \u00c9 a hecatombe zumbi!<\/p>\n<p class=\"western\">&#8211; Hahahaha! Ta\u00ed, rir! Uma gargalhada tamb\u00e9m \u00e9 uma boa raz\u00e3o pra viver.<\/p>\n<p class=\"western\"><img loading=\"lazy\" decoding=\"async\" class=\"alignnone size-large wp-image-167\" src=\"https:\/\/blogs.correiobraziliense.com.br\/nosso-parque-da-cidade\/wp-content\/uploads\/sites\/69\/2024\/03\/Pista-amigas-768x1024.jpeg\" alt=\"\" width=\"768\" height=\"1024\" srcset=\"https:\/\/blogs.correiobraziliense.com.br\/nosso-parque-da-cidade\/wp-content\/uploads\/sites\/69\/2024\/03\/Pista-amigas.jpeg 768w, https:\/\/blogs.correiobraziliense.com.br\/nosso-parque-da-cidade\/wp-content\/uploads\/sites\/69\/2024\/03\/Pista-amigas-225x300.jpeg 225w, https:\/\/blogs.correiobraziliense.com.br\/nosso-parque-da-cidade\/wp-content\/uploads\/sites\/69\/2024\/03\/Pista-amigas-800x1067.jpeg 800w, https:\/\/blogs.correiobraziliense.com.br\/nosso-parque-da-cidade\/wp-content\/uploads\/sites\/69\/2024\/03\/Pista-amigas-550x733.jpeg 550w, https:\/\/blogs.correiobraziliense.com.br\/nosso-parque-da-cidade\/wp-content\/uploads\/sites\/69\/2024\/03\/Pista-amigas-230x307.jpeg 230w\" sizes=\"auto, (max-width: 768px) 100vw, 768px\" \/><\/p>\n<p class=\"western\">\n","protected":false},"excerpt":{"rendered":"<p>As amigas correm devagar, trotando na pista, falando sem parar sobre v\u00e1rios assuntos. Quando come\u00e7o a correr tamb\u00e9m, escuto a conversa: &#8211; Acho que voc\u00ea \u00e9 a \u00fanica pessoa que eu conhe\u00e7o que ainda assiste The Walking Dead. &#8211; N\u00e3o s\u00f3 assisto, como gosto de rever as temporadas anteriores, adoro essas distopias, essas hist\u00f3rias de [&hellip;]<\/p>\n","protected":false},"author":153,"featured_media":166,"comment_status":"open","ping_status":"open","sticky":false,"template":"","format":"standard","meta":{"wpb_read_more":[],"footnotes":""},"categories":[2],"tags":[12],"class_list":["post-165","post","type-post","status-publish","format-standard","has-post-thumbnail","hentry","category-conversas","tag-razoes-pra-viver-fimdomundo"],"_links":{"self":[{"href":"https:\/\/blogs.correiobraziliense.com.br\/nosso-parque-da-cidade\/wp-json\/wp\/v2\/posts\/165","targetHints":{"allow":["GET"]}}],"collection":[{"href":"https:\/\/blogs.correiobraziliense.com.br\/nosso-parque-da-cidade\/wp-json\/wp\/v2\/posts"}],"about":[{"href":"https:\/\/blogs.correiobraziliense.com.br\/nosso-parque-da-cidade\/wp-json\/wp\/v2\/types\/post"}],"author":[{"embeddable":true,"href":"https:\/\/blogs.correiobraziliense.com.br\/nosso-parque-da-cidade\/wp-json\/wp\/v2\/users\/153"}],"replies":[{"embeddable":true,"href":"https:\/\/blogs.correiobraziliense.com.br\/nosso-parque-da-cidade\/wp-json\/wp\/v2\/comments?post=165"}],"version-history":[{"count":2,"href":"https:\/\/blogs.correiobraziliense.com.br\/nosso-parque-da-cidade\/wp-json\/wp\/v2\/posts\/165\/revisions"}],"predecessor-version":[{"id":169,"href":"https:\/\/blogs.correiobraziliense.com.br\/nosso-parque-da-cidade\/wp-json\/wp\/v2\/posts\/165\/revisions\/169"}],"wp:featuredmedia":[{"embeddable":true,"href":"https:\/\/blogs.correiobraziliense.com.br\/nosso-parque-da-cidade\/wp-json\/wp\/v2\/media\/166"}],"wp:attachment":[{"href":"https:\/\/blogs.correiobraziliense.com.br\/nosso-parque-da-cidade\/wp-json\/wp\/v2\/media?parent=165"}],"wp:term":[{"taxonomy":"category","embeddable":true,"href":"https:\/\/blogs.correiobraziliense.com.br\/nosso-parque-da-cidade\/wp-json\/wp\/v2\/categories?post=165"},{"taxonomy":"post_tag","embeddable":true,"href":"https:\/\/blogs.correiobraziliense.com.br\/nosso-parque-da-cidade\/wp-json\/wp\/v2\/tags?post=165"}],"curies":[{"name":"wp","href":"https:\/\/api.w.org\/{rel}","templated":true}]}}