{"id":1609,"date":"2026-08-10T21:10:35","date_gmt":"2026-08-11T00:10:35","guid":{"rendered":"https:\/\/blogs.correiobraziliense.com.br\/nosso-parque-da-cidade\/?p=1609"},"modified":"2026-08-24T17:23:56","modified_gmt":"2026-08-24T20:23:56","slug":"pista-de-velocidade-ja-fez-seu-teste","status":"publish","type":"post","link":"https:\/\/blogs.correiobraziliense.com.br\/nosso-parque-da-cidade\/voce-sabia\/pista-de-velocidade-ja-fez-seu-teste\/","title":{"rendered":"Pista de velocidade: j\u00e1 fez seu teste?"},"content":{"rendered":"\n<figure class=\"wp-block-image alignnone size-large wp-image-1604\"><img loading=\"lazy\" decoding=\"async\" width=\"1024\" height=\"768\" src=\"https:\/\/blogs.correiobraziliense.com.br\/nosso-parque-da-cidade\/wp-content\/uploads\/sites\/69\/2026\/08\/blog7-1024x768.jpg\" alt=\"\" class=\"wp-image-1604\" srcset=\"https:\/\/blogs.correiobraziliense.com.br\/nosso-parque-da-cidade\/wp-content\/uploads\/sites\/69\/2026\/08\/blog7-1024x768.jpg 1024w, https:\/\/blogs.correiobraziliense.com.br\/nosso-parque-da-cidade\/wp-content\/uploads\/sites\/69\/2026\/08\/blog7-300x225.jpg 300w, https:\/\/blogs.correiobraziliense.com.br\/nosso-parque-da-cidade\/wp-content\/uploads\/sites\/69\/2026\/08\/blog7-768x576.jpg 768w, https:\/\/blogs.correiobraziliense.com.br\/nosso-parque-da-cidade\/wp-content\/uploads\/sites\/69\/2026\/08\/blog7-1440x1080.jpg 1440w, https:\/\/blogs.correiobraziliense.com.br\/nosso-parque-da-cidade\/wp-content\/uploads\/sites\/69\/2026\/08\/blog7-800x600.jpg 800w, https:\/\/blogs.correiobraziliense.com.br\/nosso-parque-da-cidade\/wp-content\/uploads\/sites\/69\/2026\/08\/blog7-550x413.jpg 550w, https:\/\/blogs.correiobraziliense.com.br\/nosso-parque-da-cidade\/wp-content\/uploads\/sites\/69\/2026\/08\/blog7-230x173.jpg 230w, https:\/\/blogs.correiobraziliense.com.br\/nosso-parque-da-cidade\/wp-content\/uploads\/sites\/69\/2026\/08\/blog7.jpg 1365w\" sizes=\"auto, (max-width: 1024px) 100vw, 1024px\" \/><figcaption class=\"wp-element-caption\">Placa mostra resultado em km\/h<\/figcaption><\/figure>\n\n\n\n<p class=\"wp-block-paragraph\">O Estacionamento 10 \u00e9 um dos mais procurados no Parque da Cidade.<br> Sua localiza\u00e7\u00e3o permite \u00e0s fam\u00edlias chegarem mais facilmente \u00e0 beira do lago artificial para as crian\u00e7as verem patos, gansos e peixes, e \u00e0 famosa ponte de travessia, um dos pontos mais usados para fotografias dos visitantes.<\/p>\n\n\n\n<p class=\"wp-block-paragraph\">Al\u00e9m disso, tem os quiosques que se transformam em orla e trazem um ar praiano para o espa\u00e7o quando ficam lotados de pessoas. Pra complementar, \u00e9 ao lado do quiosque do Jorge, que ali trabalha desde que o Parque foi inaugurado, que acontece todos os s\u00e1bados as famosas rodas de choro que re\u00fanem m\u00fasicos e apreciadores, at\u00e9 meio dia.<\/p>\n\n\n\n<p class=\"wp-block-paragraph\">J\u00e1 falamos <a href=\"https:\/\/blogs.correiobraziliense.com.br\/nosso-parque-da-cidade\/voce-sabia\/um-praca-pra-fazer-bolhas\/\">aqui<\/a> da Pra\u00e7a da Bolha, criada espontaneamente pela Ana, outra trabalhadora do Parque, vendedora de equipamentos para bolhas de sab\u00e3o. Ali nas proximidades ela e distribui v\u00e1rios brinquedos no local, para as crian\u00e7as se divertirem, gratuitamente.<\/p>\n\n\n\n<figure class=\"wp-block-image alignnone size-large wp-image-1602\"><img loading=\"lazy\" decoding=\"async\" width=\"1024\" height=\"768\" src=\"https:\/\/blogs.correiobraziliense.com.br\/nosso-parque-da-cidade\/wp-content\/uploads\/sites\/69\/2026\/08\/blog9-1024x768.jpg\" alt=\"\" class=\"wp-image-1602\" srcset=\"https:\/\/blogs.correiobraziliense.com.br\/nosso-parque-da-cidade\/wp-content\/uploads\/sites\/69\/2026\/08\/blog9-1024x768.jpg 1024w, https:\/\/blogs.correiobraziliense.com.br\/nosso-parque-da-cidade\/wp-content\/uploads\/sites\/69\/2026\/08\/blog9-300x225.jpg 300w, https:\/\/blogs.correiobraziliense.com.br\/nosso-parque-da-cidade\/wp-content\/uploads\/sites\/69\/2026\/08\/blog9-768x576.jpg 768w, https:\/\/blogs.correiobraziliense.com.br\/nosso-parque-da-cidade\/wp-content\/uploads\/sites\/69\/2026\/08\/blog9-1440x1080.jpg 1440w, https:\/\/blogs.correiobraziliense.com.br\/nosso-parque-da-cidade\/wp-content\/uploads\/sites\/69\/2026\/08\/blog9-800x600.jpg 800w, https:\/\/blogs.correiobraziliense.com.br\/nosso-parque-da-cidade\/wp-content\/uploads\/sites\/69\/2026\/08\/blog9-550x413.jpg 550w, https:\/\/blogs.correiobraziliense.com.br\/nosso-parque-da-cidade\/wp-content\/uploads\/sites\/69\/2026\/08\/blog9-230x173.jpg 230w, https:\/\/blogs.correiobraziliense.com.br\/nosso-parque-da-cidade\/wp-content\/uploads\/sites\/69\/2026\/08\/blog9.jpg 1365w\" sizes=\"auto, (max-width: 1024px) 100vw, 1024px\" \/><figcaption class=\"wp-element-caption\">Vis\u00e3o geral da pista de 30 metros\/ Foto CV Agosto 2026<\/figcaption><\/figure>\n\n\n\n<p class=\"wp-block-paragraph\">Agora, na frente da \u00e1rea do Estacionamento 10, h\u00e1 mais ponto de aglomera\u00e7\u00e3o de pessoas, criado a partir de uma nova atra\u00e7\u00e3o para atletas e curiosos: a pista de alta velocidade, inaugurada no m\u00eas de junho, e que j\u00e1 forma filas enormes de testadores em determinados hor\u00e1rios.<\/p>\n\n\n\n<p class=\"wp-block-paragraph\">Localizada entre as duas pistas de para exerc\u00edcios, a pista de alta velocidade tem 30 metros e conta com um radar em um painel eletr\u00f4nico movido a energia solar para medir a velocidade de tiro dos corredores. O painel exibe os resultados individuais em quil\u00f4metros por hora (km\/h) de cada corredor.<\/p>\n\n\n\n<figure class=\"wp-block-image alignnone size-large wp-image-1599\"><img loading=\"lazy\" decoding=\"async\" width=\"1024\" height=\"768\" src=\"https:\/\/blogs.correiobraziliense.com.br\/nosso-parque-da-cidade\/wp-content\/uploads\/sites\/69\/2026\/08\/blog3-1024x768.jpg\" alt=\"\" class=\"wp-image-1599\" srcset=\"https:\/\/blogs.correiobraziliense.com.br\/nosso-parque-da-cidade\/wp-content\/uploads\/sites\/69\/2026\/08\/blog3-1024x768.jpg 1024w, https:\/\/blogs.correiobraziliense.com.br\/nosso-parque-da-cidade\/wp-content\/uploads\/sites\/69\/2026\/08\/blog3-300x225.jpg 300w, https:\/\/blogs.correiobraziliense.com.br\/nosso-parque-da-cidade\/wp-content\/uploads\/sites\/69\/2026\/08\/blog3-768x576.jpg 768w, https:\/\/blogs.correiobraziliense.com.br\/nosso-parque-da-cidade\/wp-content\/uploads\/sites\/69\/2026\/08\/blog3-1440x1080.jpg 1440w, https:\/\/blogs.correiobraziliense.com.br\/nosso-parque-da-cidade\/wp-content\/uploads\/sites\/69\/2026\/08\/blog3-800x600.jpg 800w, https:\/\/blogs.correiobraziliense.com.br\/nosso-parque-da-cidade\/wp-content\/uploads\/sites\/69\/2026\/08\/blog3-550x413.jpg 550w, https:\/\/blogs.correiobraziliense.com.br\/nosso-parque-da-cidade\/wp-content\/uploads\/sites\/69\/2026\/08\/blog3-230x173.jpg 230w, https:\/\/blogs.correiobraziliense.com.br\/nosso-parque-da-cidade\/wp-content\/uploads\/sites\/69\/2026\/08\/blog3.jpg 1365w\" sizes=\"auto, (max-width: 1024px) 100vw, 1024px\" \/><figcaption class=\"wp-element-caption\">Pessoas de todas idades fazem testes \/ Foto CV agosto 2026<\/figcaption><\/figure>\n\n\n\n<p class=\"wp-block-paragraph\">Uma doa\u00e7\u00e3o do Comit\u00ea Ol\u00edmpico Brasileiro (COB), por ocasi\u00e3o da realiza\u00e7\u00e3o dos Jogos da Juventude, sediados em Bras\u00edlia no ano de 2025, a pista pode ser utilizada a qualquer hora e de forma gratuita.<br>\nPara brincar, fazer disputa entre amigos, ou ser um recurso utilizado por atletas para acompanharem suas performances, a pista de velocidade \u00e9 mais uma atra\u00e7\u00e3o que faz sucesso no Parque.<\/p>\n\n\n\n<figure class=\"wp-block-image alignnone size-large wp-image-1606\"><img loading=\"lazy\" decoding=\"async\" width=\"1024\" height=\"961\" src=\"https:\/\/blogs.correiobraziliense.com.br\/nosso-parque-da-cidade\/wp-content\/uploads\/sites\/69\/2026\/08\/blog5-1024x961.jpg\" alt=\"\" class=\"wp-image-1606\" srcset=\"https:\/\/blogs.correiobraziliense.com.br\/nosso-parque-da-cidade\/wp-content\/uploads\/sites\/69\/2026\/08\/blog5-1024x961.jpg 1024w, https:\/\/blogs.correiobraziliense.com.br\/nosso-parque-da-cidade\/wp-content\/uploads\/sites\/69\/2026\/08\/blog5-300x282.jpg 300w, https:\/\/blogs.correiobraziliense.com.br\/nosso-parque-da-cidade\/wp-content\/uploads\/sites\/69\/2026\/08\/blog5-768x721.jpg 768w, https:\/\/blogs.correiobraziliense.com.br\/nosso-parque-da-cidade\/wp-content\/uploads\/sites\/69\/2026\/08\/blog5-1440x1352.jpg 1440w, https:\/\/blogs.correiobraziliense.com.br\/nosso-parque-da-cidade\/wp-content\/uploads\/sites\/69\/2026\/08\/blog5-800x751.jpg 800w, https:\/\/blogs.correiobraziliense.com.br\/nosso-parque-da-cidade\/wp-content\/uploads\/sites\/69\/2026\/08\/blog5-550x516.jpg 550w, https:\/\/blogs.correiobraziliense.com.br\/nosso-parque-da-cidade\/wp-content\/uploads\/sites\/69\/2026\/08\/blog5-230x216.jpg 230w, https:\/\/blogs.correiobraziliense.com.br\/nosso-parque-da-cidade\/wp-content\/uploads\/sites\/69\/2026\/08\/blog5.jpg 1091w\" sizes=\"auto, (max-width: 1024px) 100vw, 1024px\" \/><figcaption class=\"wp-element-caption\">Pessoas se aglomeram para fazer testes\/ Foto CV agosto 2026<\/figcaption><\/figure>\n\n\n\n<figure class=\"wp-block-image alignnone size-large wp-image-1600\"><img loading=\"lazy\" decoding=\"async\" width=\"1024\" height=\"571\" src=\"https:\/\/blogs.correiobraziliense.com.br\/nosso-parque-da-cidade\/wp-content\/uploads\/sites\/69\/2026\/08\/blog2-1024x571.jpg\" alt=\"\" class=\"wp-image-1600\" srcset=\"https:\/\/blogs.correiobraziliense.com.br\/nosso-parque-da-cidade\/wp-content\/uploads\/sites\/69\/2026\/08\/blog2-1024x571.jpg 1024w, https:\/\/blogs.correiobraziliense.com.br\/nosso-parque-da-cidade\/wp-content\/uploads\/sites\/69\/2026\/08\/blog2-300x167.jpg 300w, https:\/\/blogs.correiobraziliense.com.br\/nosso-parque-da-cidade\/wp-content\/uploads\/sites\/69\/2026\/08\/blog2-768x428.jpg 768w, https:\/\/blogs.correiobraziliense.com.br\/nosso-parque-da-cidade\/wp-content\/uploads\/sites\/69\/2026\/08\/blog2.jpg 1440w, https:\/\/blogs.correiobraziliense.com.br\/nosso-parque-da-cidade\/wp-content\/uploads\/sites\/69\/2026\/08\/blog2-800x446.jpg 800w, https:\/\/blogs.correiobraziliense.com.br\/nosso-parque-da-cidade\/wp-content\/uploads\/sites\/69\/2026\/08\/blog2-550x307.jpg 550w, https:\/\/blogs.correiobraziliense.com.br\/nosso-parque-da-cidade\/wp-content\/uploads\/sites\/69\/2026\/08\/blog2-230x128.jpg 230w\" sizes=\"auto, (max-width: 1024px) 100vw, 1024px\" \/><figcaption class=\"wp-element-caption\">Instru\u00e7\u00f5es para uso da pista\/ Foto CV agosto 2026<\/figcaption><\/figure>\n","protected":false},"excerpt":{"rendered":"<p>O Estacionamento 10 \u00e9 um dos mais procurados no Parque da Cidade. Sua localiza\u00e7\u00e3o permite \u00e0s fam\u00edlias chegarem mais facilmente \u00e0 beira do lago artificial para as crian\u00e7as verem patos, gansos e peixes, e \u00e0 famosa ponte de travessia, um dos pontos mais usados para fotografias dos visitantes. Al\u00e9m disso, tem os quiosques que se [&hellip;]<\/p>\n","protected":false},"author":153,"featured_media":1607,"comment_status":"open","ping_status":"closed","sticky":false,"template":"","format":"standard","meta":{"wpb_read_more":[],"footnotes":""},"categories":[6],"tags":[248,247,245,246],"class_list":["post-1609","post","type-post","status-publish","format-standard","has-post-thumbnail","hentry","category-voce-sabia","tag-atracaodoparque","tag-estacionamento10","tag-pistadevelocidade","tag-testedevelocidade"],"_links":{"self":[{"href":"https:\/\/blogs.correiobraziliense.com.br\/nosso-parque-da-cidade\/wp-json\/wp\/v2\/posts\/1609","targetHints":{"allow":["GET"]}}],"collection":[{"href":"https:\/\/blogs.correiobraziliense.com.br\/nosso-parque-da-cidade\/wp-json\/wp\/v2\/posts"}],"about":[{"href":"https:\/\/blogs.correiobraziliense.com.br\/nosso-parque-da-cidade\/wp-json\/wp\/v2\/types\/post"}],"author":[{"embeddable":true,"href":"https:\/\/blogs.correiobraziliense.com.br\/nosso-parque-da-cidade\/wp-json\/wp\/v2\/users\/153"}],"replies":[{"embeddable":true,"href":"https:\/\/blogs.correiobraziliense.com.br\/nosso-parque-da-cidade\/wp-json\/wp\/v2\/comments?post=1609"}],"version-history":[{"count":7,"href":"https:\/\/blogs.correiobraziliense.com.br\/nosso-parque-da-cidade\/wp-json\/wp\/v2\/posts\/1609\/revisions"}],"predecessor-version":[{"id":1636,"href":"https:\/\/blogs.correiobraziliense.com.br\/nosso-parque-da-cidade\/wp-json\/wp\/v2\/posts\/1609\/revisions\/1636"}],"wp:featuredmedia":[{"embeddable":true,"href":"https:\/\/blogs.correiobraziliense.com.br\/nosso-parque-da-cidade\/wp-json\/wp\/v2\/media\/1607"}],"wp:attachment":[{"href":"https:\/\/blogs.correiobraziliense.com.br\/nosso-parque-da-cidade\/wp-json\/wp\/v2\/media?parent=1609"}],"wp:term":[{"taxonomy":"category","embeddable":true,"href":"https:\/\/blogs.correiobraziliense.com.br\/nosso-parque-da-cidade\/wp-json\/wp\/v2\/categories?post=1609"},{"taxonomy":"post_tag","embeddable":true,"href":"https:\/\/blogs.correiobraziliense.com.br\/nosso-parque-da-cidade\/wp-json\/wp\/v2\/tags?post=1609"}],"curies":[{"name":"wp","href":"https:\/\/api.w.org\/{rel}","templated":true}]}}