{"id":145,"date":"2024-03-15T17:13:11","date_gmt":"2024-03-15T20:13:11","guid":{"rendered":"https:\/\/blogs.correiobraziliense.com.br\/nosso-parque-da-cidade\/?p=145"},"modified":"2024-03-15T17:13:11","modified_gmt":"2024-03-15T20:13:11","slug":"somos-uma-criacao-unica","status":"publish","type":"post","link":"https:\/\/blogs.correiobraziliense.com.br\/nosso-parque-da-cidade\/pessoas\/somos-uma-criacao-unica\/","title":{"rendered":"&#8220;Somos uma cria\u00e7\u00e3o \u00fanica&#8221;"},"content":{"rendered":"<p class=\"western\" align=\"left\">Tainara Rodrigues de Azevedo, professora de Portugu\u00eas, 25 anos.<\/p>\n<p class=\"western\" align=\"left\">Tainara nasceu em Bras\u00edlia, a fam\u00edlia do pai \u00e9 do Maranh\u00e3o e a da m\u00e3e de Goi\u00e1s. Tem um irm\u00e3o mais novo e vem ao Parque desde crian\u00e7a. Continua frequentadora, principalmente aos fins de semana, mas agora com um novo prop\u00f3sito: ela pretende se casar em outubro desse ano e, junto com o noivo, que tamb\u00e9m \u00e9 professor, vende \u00e1gua mineral na pista, pr\u00f3ximo ao Estacionamento 11,\u00a0 para levantar fundos.<\/p>\n<p class=\"western\" align=\"left\">E para quem passa por l\u00e1 \u00e9 quase imposs\u00edvel n\u00e3o notar a mo\u00e7a simp\u00e1tica, com uma pequena grinalda branca na cabe\u00e7a, um sorriso lindo e uma placa pendurada no pesco\u00e7o com o pedido \u201cAJUDE OS NOIVOS\u201d<\/p>\n<p class=\"western\" align=\"left\">Ela me conta que resolveram vender \u00e1gua mineral no Parque porque \u201ctudo o que a gente vai fazer sobre casamento \u00e9 bem caro\u201d. Os noivos t\u00eam uma meta clara para a receita das vendas. Eles s\u00e3o cat\u00f3licos e o maior desejo \u00e9 poderem realizar o casamento religioso. Mas tamb\u00e9m pretendem, com os fundos levantados,\u00a0 construir a vida, ter uma casa, arcar com os custos dos m\u00f3veis, \u201ctudo o que precisar\u201d.<\/p>\n<p class=\"western\" align=\"left\">Eles come\u00e7aram a empreitada no final do ano passado e \u201cest\u00e1 dando muito certo, tem dia que vai maios ou menos, tem dia que vai melhor\u201d. Tainara se emociona um pouco ao falar da generosidade das pessoas do Parque: \u201cas pessoas daqui t\u00eam sido muito generosas, elas nos ajudam muito, \u00e0s vezes nem querem tomar \u00e1gua, mas passam e compram s\u00f3 pra ajudar. O pessoal aqui \u00e9 muito, muito generoso.\u201d<\/p>\n<p align=\"left\"><img loading=\"lazy\" decoding=\"async\" class=\"alignnone size-large wp-image-148\" src=\"https:\/\/blogs.correiobraziliense.com.br\/nosso-parque-da-cidade\/wp-content\/uploads\/sites\/69\/2024\/03\/Noivos-1024x957.jpeg\" alt=\"\" width=\"1024\" height=\"957\" srcset=\"https:\/\/blogs.correiobraziliense.com.br\/nosso-parque-da-cidade\/wp-content\/uploads\/sites\/69\/2024\/03\/Noivos-1024x957.jpeg 1024w, https:\/\/blogs.correiobraziliense.com.br\/nosso-parque-da-cidade\/wp-content\/uploads\/sites\/69\/2024\/03\/Noivos-300x280.jpeg 300w, https:\/\/blogs.correiobraziliense.com.br\/nosso-parque-da-cidade\/wp-content\/uploads\/sites\/69\/2024\/03\/Noivos-768x718.jpeg 768w, https:\/\/blogs.correiobraziliense.com.br\/nosso-parque-da-cidade\/wp-content\/uploads\/sites\/69\/2024\/03\/Noivos-800x748.jpeg 800w, https:\/\/blogs.correiobraziliense.com.br\/nosso-parque-da-cidade\/wp-content\/uploads\/sites\/69\/2024\/03\/Noivos-550x514.jpeg 550w, https:\/\/blogs.correiobraziliense.com.br\/nosso-parque-da-cidade\/wp-content\/uploads\/sites\/69\/2024\/03\/Noivos-230x215.jpeg 230w, https:\/\/blogs.correiobraziliense.com.br\/nosso-parque-da-cidade\/wp-content\/uploads\/sites\/69\/2024\/03\/Noivos.jpeg 1096w\" sizes=\"auto, (max-width: 1024px) 100vw, 1024px\" \/><\/p>\n<p class=\"western\" align=\"left\">Perguntas pra Tainara<\/p>\n<p class=\"western\" align=\"left\">P- O que voc\u00ea acha do Parque em geral?<\/p>\n<p class=\"western\" align=\"left\">R- Eu gosto do Parque em si, eu gosto muito de estar aqui, eu gosto desse ambiente verde. O ar \u00e9 diferente, porque onde eu moro quase n\u00e3o tem tantas \u00e1rvores, ent\u00e3o eu gosto muito daqui, acho o ar bem refrescante, acho muito seguro tamb\u00e9m, um local muito tranquilo, voc\u00ea pode andar, transitar em muitos pontos com seguran\u00e7a.<\/p>\n<p class=\"western\" align=\"left\">P- Qual \u00e9 o casamento dos seus sonhos?<\/p>\n<p class=\"western\" align=\"left\">R- \u00c9 poder realizar aquilo que Deus quer para n\u00f3s. Ent\u00e3o o meu maior desejo \u00e9 que o nosso casamento seja da vontade de Deus, o nosso casamento \u00e9 com esse foco, para que o Senhor possa estar sempre \u00e0 frente nas nossas decis\u00f5es.<\/p>\n<p class=\"western\" align=\"left\">P- Voc\u00eas pretendem ter filhos?<\/p>\n<p class=\"western\" align=\"left\">R- Sim, pretendemos ter quantos filhos o Senhor quiser.<\/p>\n<p class=\"western\" align=\"left\">P- Qual a mensagem que voc\u00ea gostaria de transmitir para as pessoas?<\/p>\n<p class=\"western\" align=\"left\">R- N\u00f3s precisamos acreditar que n\u00f3s viemos a esse mundo para cumprir algo. N\u00f3s somos uma cria\u00e7\u00e3o \u00fanica. Ent\u00e3o, aqui, nesse mundo, vamos exercer algo que s\u00f3 pertence a n\u00f3s, ent\u00e3o \u00e9 uma mensagem assim de esperan\u00e7a, que as s pessoas tenham esperan\u00e7as nos seus sonhos e que elas possam buscar para realizar.<\/p>\n<p class=\"western\" align=\"left\">P- Voc\u00ea tem ideia da sua miss\u00e3o aqui quando voc\u00ea diz que a gente vem pra cumprir algo?<\/p>\n<p class=\"western\" align=\"left\">R- Eu acho que com o passar do tempo n\u00f3s vamos desbravar essa miss\u00e3o. Ent\u00e3o a gente precisa ir seguindo a nossa jornada, fazendo a nossa caminhada e com o tempo tudo vai somando, acrescentando. A\u00ed as coisas que v\u00e3o acontecendo v\u00e3o dizer sobre n\u00f3s e sobre a nossa miss\u00e3o tamb\u00e9m.<\/p>\n<p align=\"left\"><img loading=\"lazy\" decoding=\"async\" class=\"alignnone size-full wp-image-147\" src=\"https:\/\/blogs.correiobraziliense.com.br\/nosso-parque-da-cidade\/wp-content\/uploads\/sites\/69\/2024\/03\/Noiva-2.jpeg\" alt=\"\" width=\"715\" height=\"593\" srcset=\"https:\/\/blogs.correiobraziliense.com.br\/nosso-parque-da-cidade\/wp-content\/uploads\/sites\/69\/2024\/03\/Noiva-2.jpeg 715w, https:\/\/blogs.correiobraziliense.com.br\/nosso-parque-da-cidade\/wp-content\/uploads\/sites\/69\/2024\/03\/Noiva-2-300x249.jpeg 300w, https:\/\/blogs.correiobraziliense.com.br\/nosso-parque-da-cidade\/wp-content\/uploads\/sites\/69\/2024\/03\/Noiva-2-550x456.jpeg 550w, https:\/\/blogs.correiobraziliense.com.br\/nosso-parque-da-cidade\/wp-content\/uploads\/sites\/69\/2024\/03\/Noiva-2-230x191.jpeg 230w\" sizes=\"auto, (max-width: 715px) 100vw, 715px\" \/><\/p>\n<p class=\"western\" align=\"left\">\n","protected":false},"excerpt":{"rendered":"<p>Tainara Rodrigues de Azevedo, professora de Portugu\u00eas, 25 anos. Tainara nasceu em Bras\u00edlia, a fam\u00edlia do pai \u00e9 do Maranh\u00e3o e a da m\u00e3e de Goi\u00e1s. Tem um irm\u00e3o mais novo e vem ao Parque desde crian\u00e7a. Continua frequentadora, principalmente aos fins de semana, mas agora com um novo prop\u00f3sito: ela pretende se casar em [&hellip;]<\/p>\n","protected":false},"author":153,"featured_media":146,"comment_status":"open","ping_status":"open","sticky":false,"template":"","format":"standard","meta":{"wpb_read_more":[],"footnotes":""},"categories":[7],"tags":[10],"class_list":["post-145","post","type-post","status-publish","format-standard","has-post-thumbnail","hentry","category-pessoas","tag-noivos-casamento"],"_links":{"self":[{"href":"https:\/\/blogs.correiobraziliense.com.br\/nosso-parque-da-cidade\/wp-json\/wp\/v2\/posts\/145","targetHints":{"allow":["GET"]}}],"collection":[{"href":"https:\/\/blogs.correiobraziliense.com.br\/nosso-parque-da-cidade\/wp-json\/wp\/v2\/posts"}],"about":[{"href":"https:\/\/blogs.correiobraziliense.com.br\/nosso-parque-da-cidade\/wp-json\/wp\/v2\/types\/post"}],"author":[{"embeddable":true,"href":"https:\/\/blogs.correiobraziliense.com.br\/nosso-parque-da-cidade\/wp-json\/wp\/v2\/users\/153"}],"replies":[{"embeddable":true,"href":"https:\/\/blogs.correiobraziliense.com.br\/nosso-parque-da-cidade\/wp-json\/wp\/v2\/comments?post=145"}],"version-history":[{"count":3,"href":"https:\/\/blogs.correiobraziliense.com.br\/nosso-parque-da-cidade\/wp-json\/wp\/v2\/posts\/145\/revisions"}],"predecessor-version":[{"id":151,"href":"https:\/\/blogs.correiobraziliense.com.br\/nosso-parque-da-cidade\/wp-json\/wp\/v2\/posts\/145\/revisions\/151"}],"wp:featuredmedia":[{"embeddable":true,"href":"https:\/\/blogs.correiobraziliense.com.br\/nosso-parque-da-cidade\/wp-json\/wp\/v2\/media\/146"}],"wp:attachment":[{"href":"https:\/\/blogs.correiobraziliense.com.br\/nosso-parque-da-cidade\/wp-json\/wp\/v2\/media?parent=145"}],"wp:term":[{"taxonomy":"category","embeddable":true,"href":"https:\/\/blogs.correiobraziliense.com.br\/nosso-parque-da-cidade\/wp-json\/wp\/v2\/categories?post=145"},{"taxonomy":"post_tag","embeddable":true,"href":"https:\/\/blogs.correiobraziliense.com.br\/nosso-parque-da-cidade\/wp-json\/wp\/v2\/tags?post=145"}],"curies":[{"name":"wp","href":"https:\/\/api.w.org\/{rel}","templated":true}]}}