{"id":1261,"date":"2026-01-14T21:27:00","date_gmt":"2026-01-15T00:27:00","guid":{"rendered":"https:\/\/blogs.correiobraziliense.com.br\/nosso-parque-da-cidade\/?p=1261"},"modified":"2026-01-14T21:27:00","modified_gmt":"2026-01-15T00:27:00","slug":"uma-praca-ecologica-pra-ser-ocupada","status":"publish","type":"post","link":"https:\/\/blogs.correiobraziliense.com.br\/nosso-parque-da-cidade\/voce-sabia\/uma-praca-ecologica-pra-ser-ocupada\/","title":{"rendered":"Uma pra\u00e7a ecol\u00f3gica pra ser ocupada"},"content":{"rendered":"<p>O Parque da Cidade \u00e9 um espa\u00e7o vitrine para projetos sociais, esportivos e culturais diversos e alguns j\u00e1 foram mencionados aqui. Tamb\u00e9m empresas p\u00fablicas e privadas realizam a\u00e7\u00f5es de marketing e merchandising o ano inteiro no local que, permanentemente, re\u00fane a maior quantidade de pessoas em Bras\u00edlia. <\/p>\n<figure id=\"attachment_1267\" aria-describedby=\"caption-attachment-1267\" style=\"width: 1024px\" class=\"wp-caption alignnone\"><img loading=\"lazy\" decoding=\"async\" src=\"https:\/\/blogs.correiobraziliense.com.br\/nosso-parque-da-cidade\/wp-content\/uploads\/sites\/69\/2026\/01\/PAS-geral-1024x768.jpeg\" alt=\"\" width=\"1024\" height=\"768\" class=\"size-large wp-image-1267\" srcset=\"https:\/\/blogs.correiobraziliense.com.br\/nosso-parque-da-cidade\/wp-content\/uploads\/sites\/69\/2026\/01\/PAS-geral-1024x768.jpeg 1024w, https:\/\/blogs.correiobraziliense.com.br\/nosso-parque-da-cidade\/wp-content\/uploads\/sites\/69\/2026\/01\/PAS-geral-300x225.jpeg 300w, https:\/\/blogs.correiobraziliense.com.br\/nosso-parque-da-cidade\/wp-content\/uploads\/sites\/69\/2026\/01\/PAS-geral-768x576.jpeg 768w, https:\/\/blogs.correiobraziliense.com.br\/nosso-parque-da-cidade\/wp-content\/uploads\/sites\/69\/2026\/01\/PAS-geral-800x600.jpeg 800w, https:\/\/blogs.correiobraziliense.com.br\/nosso-parque-da-cidade\/wp-content\/uploads\/sites\/69\/2026\/01\/PAS-geral-550x413.jpeg 550w, https:\/\/blogs.correiobraziliense.com.br\/nosso-parque-da-cidade\/wp-content\/uploads\/sites\/69\/2026\/01\/PAS-geral-230x173.jpeg 230w, https:\/\/blogs.correiobraziliense.com.br\/nosso-parque-da-cidade\/wp-content\/uploads\/sites\/69\/2026\/01\/PAS-geral.jpeg 1280w\" sizes=\"auto, (max-width: 1024px) 100vw, 1024px\" \/><figcaption id=\"caption-attachment-1267\" class=\"wp-caption-text\">Pra\u00e7a de Articula\u00e7\u00e3o Social \/ Foto CV<\/figcaption><\/figure>\n<p>Nesse sentido, chama aten\u00e7\u00e3o uma estrutura montada nas proximidades da administra\u00e7\u00e3o do Parque denominada \u201cPra\u00e7a de Articula\u00e7\u00e3o Social\u201d. Segundo informa\u00e7\u00f5es existentes no local, trata-se de um projeto-piloto de uma pequena pra\u00e7a, criada para ser um equipamento p\u00fablico instalado em comunidades com \u201cfornecimento de \u00e1gua pot\u00e1vel e estrutura que estimula a sociabiliza\u00e7\u00e3o entre comunidade, organiza\u00e7\u00f5es sociais e poder p\u00fablico\u201d. Traduzindo, \u00e9 um produto industrial em exposi\u00e7\u00e3o permanente, que pode ser adquirido e instalado em qualquer espa\u00e7o com \u00e1rea suficiente, para a realiza\u00e7\u00e3o de diversas atividades ao ar livre.<br \/>\n<figure id=\"attachment_1263\" aria-describedby=\"caption-attachment-1263\" style=\"width: 1024px\" class=\"wp-caption alignnone\"><img loading=\"lazy\" decoding=\"async\" src=\"https:\/\/blogs.correiobraziliense.com.br\/nosso-parque-da-cidade\/wp-content\/uploads\/sites\/69\/2026\/01\/PAS-lateral-1024x768.jpeg\" alt=\"\" width=\"1024\" height=\"768\" class=\"size-large wp-image-1263\" srcset=\"https:\/\/blogs.correiobraziliense.com.br\/nosso-parque-da-cidade\/wp-content\/uploads\/sites\/69\/2026\/01\/PAS-lateral-1024x768.jpeg 1024w, https:\/\/blogs.correiobraziliense.com.br\/nosso-parque-da-cidade\/wp-content\/uploads\/sites\/69\/2026\/01\/PAS-lateral-300x225.jpeg 300w, https:\/\/blogs.correiobraziliense.com.br\/nosso-parque-da-cidade\/wp-content\/uploads\/sites\/69\/2026\/01\/PAS-lateral-768x576.jpeg 768w, https:\/\/blogs.correiobraziliense.com.br\/nosso-parque-da-cidade\/wp-content\/uploads\/sites\/69\/2026\/01\/PAS-lateral-800x600.jpeg 800w, https:\/\/blogs.correiobraziliense.com.br\/nosso-parque-da-cidade\/wp-content\/uploads\/sites\/69\/2026\/01\/PAS-lateral-550x413.jpeg 550w, https:\/\/blogs.correiobraziliense.com.br\/nosso-parque-da-cidade\/wp-content\/uploads\/sites\/69\/2026\/01\/PAS-lateral-230x173.jpeg 230w, https:\/\/blogs.correiobraziliense.com.br\/nosso-parque-da-cidade\/wp-content\/uploads\/sites\/69\/2026\/01\/PAS-lateral.jpeg 1280w\" sizes=\"auto, (max-width: 1024px) 100vw, 1024px\" \/><figcaption id=\"caption-attachment-1263\" class=\"wp-caption-text\">Projeto-modelo da pra\u00e7a com informa\u00e7\u00f5es<\/figcaption><\/figure><\/p>\n<p>Essa pra\u00e7a consiste numa estrutura com cerca de 36 metros quadrados, feita de madeira pl\u00e1stica ecol\u00f3gica e sustent\u00e1vel, que \u00e9 produzida a partir de sobras provenientes da ind\u00fastria de utens\u00edlios pl\u00e1sticos. Al\u00e9m disso, \u00e9 equipada com placas solares para gera\u00e7\u00e3o de energia, internet, mobili\u00e1rio com mesa e bancos, cobertura e um fontan\u00e1rio de \u00e1gua pot\u00e1vel. Ela tem sido utilizada por demonstradores de produtos, pequenas feiras, como ponto de encontro, abrigo, lugar de aulas, estudos e descanso de visitantes e trabalhadores do Parque. <\/p>\n<figure id=\"attachment_1264\" aria-describedby=\"caption-attachment-1264\" style=\"width: 1024px\" class=\"wp-caption alignnone\"><img loading=\"lazy\" decoding=\"async\" src=\"https:\/\/blogs.correiobraziliense.com.br\/nosso-parque-da-cidade\/wp-content\/uploads\/sites\/69\/2026\/01\/PAS-mobiliario-1024x768.jpeg\" alt=\"\" width=\"1024\" height=\"768\" class=\"size-large wp-image-1264\" srcset=\"https:\/\/blogs.correiobraziliense.com.br\/nosso-parque-da-cidade\/wp-content\/uploads\/sites\/69\/2026\/01\/PAS-mobiliario-1024x768.jpeg 1024w, https:\/\/blogs.correiobraziliense.com.br\/nosso-parque-da-cidade\/wp-content\/uploads\/sites\/69\/2026\/01\/PAS-mobiliario-300x225.jpeg 300w, https:\/\/blogs.correiobraziliense.com.br\/nosso-parque-da-cidade\/wp-content\/uploads\/sites\/69\/2026\/01\/PAS-mobiliario-768x576.jpeg 768w, https:\/\/blogs.correiobraziliense.com.br\/nosso-parque-da-cidade\/wp-content\/uploads\/sites\/69\/2026\/01\/PAS-mobiliario-800x600.jpeg 800w, https:\/\/blogs.correiobraziliense.com.br\/nosso-parque-da-cidade\/wp-content\/uploads\/sites\/69\/2026\/01\/PAS-mobiliario-550x413.jpeg 550w, https:\/\/blogs.correiobraziliense.com.br\/nosso-parque-da-cidade\/wp-content\/uploads\/sites\/69\/2026\/01\/PAS-mobiliario-230x173.jpeg 230w, https:\/\/blogs.correiobraziliense.com.br\/nosso-parque-da-cidade\/wp-content\/uploads\/sites\/69\/2026\/01\/PAS-mobiliario.jpeg 1280w\" sizes=\"auto, (max-width: 1024px) 100vw, 1024px\" \/><figcaption id=\"caption-attachment-1264\" class=\"wp-caption-text\">Mobili\u00e1rio de madeira pl\u00e1stica \/ Foto CV<\/figcaption><\/figure>\n<figure id=\"attachment_1265\" aria-describedby=\"caption-attachment-1265\" style=\"width: 1024px\" class=\"wp-caption alignnone\"><img loading=\"lazy\" decoding=\"async\" src=\"https:\/\/blogs.correiobraziliense.com.br\/nosso-parque-da-cidade\/wp-content\/uploads\/sites\/69\/2026\/01\/Fontanario-1024x768.jpeg\" alt=\"\" width=\"1024\" height=\"768\" class=\"size-large wp-image-1265\" srcset=\"https:\/\/blogs.correiobraziliense.com.br\/nosso-parque-da-cidade\/wp-content\/uploads\/sites\/69\/2026\/01\/Fontanario-1024x768.jpeg 1024w, https:\/\/blogs.correiobraziliense.com.br\/nosso-parque-da-cidade\/wp-content\/uploads\/sites\/69\/2026\/01\/Fontanario-300x225.jpeg 300w, https:\/\/blogs.correiobraziliense.com.br\/nosso-parque-da-cidade\/wp-content\/uploads\/sites\/69\/2026\/01\/Fontanario-768x576.jpeg 768w, https:\/\/blogs.correiobraziliense.com.br\/nosso-parque-da-cidade\/wp-content\/uploads\/sites\/69\/2026\/01\/Fontanario-800x600.jpeg 800w, https:\/\/blogs.correiobraziliense.com.br\/nosso-parque-da-cidade\/wp-content\/uploads\/sites\/69\/2026\/01\/Fontanario-550x413.jpeg 550w, https:\/\/blogs.correiobraziliense.com.br\/nosso-parque-da-cidade\/wp-content\/uploads\/sites\/69\/2026\/01\/Fontanario-230x173.jpeg 230w, https:\/\/blogs.correiobraziliense.com.br\/nosso-parque-da-cidade\/wp-content\/uploads\/sites\/69\/2026\/01\/Fontanario.jpeg 1280w\" sizes=\"auto, (max-width: 1024px) 100vw, 1024px\" \/><figcaption id=\"caption-attachment-1265\" class=\"wp-caption-text\">Fontan\u00e1rio com \u00e1gua alcalina \/ Foto CV<\/figcaption><\/figure>\n<figure id=\"attachment_1266\" aria-describedby=\"caption-attachment-1266\" style=\"width: 1024px\" class=\"wp-caption alignnone\"><img loading=\"lazy\" decoding=\"async\" src=\"https:\/\/blogs.correiobraziliense.com.br\/nosso-parque-da-cidade\/wp-content\/uploads\/sites\/69\/2026\/01\/PAS-informa\u00e7\u00f5es-1024x768.jpeg\" alt=\"\" width=\"1024\" height=\"768\" class=\"size-large wp-image-1266\" srcset=\"https:\/\/blogs.correiobraziliense.com.br\/nosso-parque-da-cidade\/wp-content\/uploads\/sites\/69\/2026\/01\/PAS-informa\u00e7\u00f5es-1024x768.jpeg 1024w, https:\/\/blogs.correiobraziliense.com.br\/nosso-parque-da-cidade\/wp-content\/uploads\/sites\/69\/2026\/01\/PAS-informa\u00e7\u00f5es-300x225.jpeg 300w, https:\/\/blogs.correiobraziliense.com.br\/nosso-parque-da-cidade\/wp-content\/uploads\/sites\/69\/2026\/01\/PAS-informa\u00e7\u00f5es-768x576.jpeg 768w, https:\/\/blogs.correiobraziliense.com.br\/nosso-parque-da-cidade\/wp-content\/uploads\/sites\/69\/2026\/01\/PAS-informa\u00e7\u00f5es-800x600.jpeg 800w, https:\/\/blogs.correiobraziliense.com.br\/nosso-parque-da-cidade\/wp-content\/uploads\/sites\/69\/2026\/01\/PAS-informa\u00e7\u00f5es-550x413.jpeg 550w, https:\/\/blogs.correiobraziliense.com.br\/nosso-parque-da-cidade\/wp-content\/uploads\/sites\/69\/2026\/01\/PAS-informa\u00e7\u00f5es-230x173.jpeg 230w, https:\/\/blogs.correiobraziliense.com.br\/nosso-parque-da-cidade\/wp-content\/uploads\/sites\/69\/2026\/01\/PAS-informa\u00e7\u00f5es.jpeg 1280w\" sizes=\"auto, (max-width: 1024px) 100vw, 1024px\" \/><figcaption id=\"caption-attachment-1266\" class=\"wp-caption-text\">Informa\u00e7\u00f5es sobre a pra\u00e7a no local \/ Foto CV<\/figcaption><\/figure>\n<p>\u00c9 um demonstrativo interessante de equipamento urbano sustent\u00e1vel que vale a pena conhecer e ocupar, afinal est\u00e1 aberto ao p\u00fablico e \u00e9 gratuito, basta seguir algumas regras como n\u00e3o fazer refei\u00e7\u00f5es nem dormir no local.<\/p>\n","protected":false},"excerpt":{"rendered":"<p>O Parque da Cidade \u00e9 um espa\u00e7o vitrine para projetos sociais, esportivos e culturais diversos e alguns j\u00e1 foram mencionados aqui. Tamb\u00e9m empresas p\u00fablicas e privadas realizam a\u00e7\u00f5es de marketing e merchandising o ano inteiro no local que, permanentemente, re\u00fane a maior quantidade de pessoas em Bras\u00edlia. Nesse sentido, chama aten\u00e7\u00e3o uma estrutura montada nas [&hellip;]<\/p>\n","protected":false},"author":153,"featured_media":1262,"comment_status":"open","ping_status":"open","sticky":false,"template":"","format":"standard","meta":{"wpb_read_more":[],"footnotes":""},"categories":[6],"tags":[201,202,203],"class_list":["post-1261","post","type-post","status-publish","format-standard","has-post-thumbnail","hentry","category-voce-sabia","tag-praca","tag-pracaecologica","tag-pracasustentavel"],"_links":{"self":[{"href":"https:\/\/blogs.correiobraziliense.com.br\/nosso-parque-da-cidade\/wp-json\/wp\/v2\/posts\/1261","targetHints":{"allow":["GET"]}}],"collection":[{"href":"https:\/\/blogs.correiobraziliense.com.br\/nosso-parque-da-cidade\/wp-json\/wp\/v2\/posts"}],"about":[{"href":"https:\/\/blogs.correiobraziliense.com.br\/nosso-parque-da-cidade\/wp-json\/wp\/v2\/types\/post"}],"author":[{"embeddable":true,"href":"https:\/\/blogs.correiobraziliense.com.br\/nosso-parque-da-cidade\/wp-json\/wp\/v2\/users\/153"}],"replies":[{"embeddable":true,"href":"https:\/\/blogs.correiobraziliense.com.br\/nosso-parque-da-cidade\/wp-json\/wp\/v2\/comments?post=1261"}],"version-history":[{"count":4,"href":"https:\/\/blogs.correiobraziliense.com.br\/nosso-parque-da-cidade\/wp-json\/wp\/v2\/posts\/1261\/revisions"}],"predecessor-version":[{"id":1271,"href":"https:\/\/blogs.correiobraziliense.com.br\/nosso-parque-da-cidade\/wp-json\/wp\/v2\/posts\/1261\/revisions\/1271"}],"wp:featuredmedia":[{"embeddable":true,"href":"https:\/\/blogs.correiobraziliense.com.br\/nosso-parque-da-cidade\/wp-json\/wp\/v2\/media\/1262"}],"wp:attachment":[{"href":"https:\/\/blogs.correiobraziliense.com.br\/nosso-parque-da-cidade\/wp-json\/wp\/v2\/media?parent=1261"}],"wp:term":[{"taxonomy":"category","embeddable":true,"href":"https:\/\/blogs.correiobraziliense.com.br\/nosso-parque-da-cidade\/wp-json\/wp\/v2\/categories?post=1261"},{"taxonomy":"post_tag","embeddable":true,"href":"https:\/\/blogs.correiobraziliense.com.br\/nosso-parque-da-cidade\/wp-json\/wp\/v2\/tags?post=1261"}],"curies":[{"name":"wp","href":"https:\/\/api.w.org\/{rel}","templated":true}]}}