{"id":125,"date":"2024-02-29T18:14:50","date_gmt":"2024-02-29T21:14:50","guid":{"rendered":"https:\/\/blogs.correiobraziliense.com.br\/nosso-parque-da-cidade\/?p=125"},"modified":"2024-02-28T18:22:29","modified_gmt":"2024-02-28T21:22:29","slug":"praia-ou-lago","status":"publish","type":"post","link":"https:\/\/blogs.correiobraziliense.com.br\/nosso-parque-da-cidade\/conversas\/praia-ou-lago\/","title":{"rendered":"Praia ou lago?"},"content":{"rendered":"<div><\/div>\n<div>\n<p class=\"western\" align=\"left\">O casal caminha em sil\u00eancio na pista e, de repente, o homem reduz o passo e fala um pouco mais alto pra mulher que o acompanha:<\/p>\n<p class=\"western\" align=\"left\">&#8211; Que coisa mais linda esse cen\u00e1rio aqui, esse lago parado, refletindo as nuvens \u2013 nesses meses de chuvas tem tanta nuvem no c\u00e9u de Bras\u00edlia\u2026 e esse verde por todo lado, isso \u00e9 uma coisa muito linda!<\/p>\n<p align=\"left\"><img loading=\"lazy\" decoding=\"async\" class=\"alignnone wp-image-114 size-large\" src=\"https:\/\/blogs.correiobraziliense.com.br\/nosso-parque-da-cidade\/wp-content\/uploads\/sites\/69\/2024\/02\/lago4-1024x768.jpeg\" alt=\"\" width=\"1024\" height=\"768\" srcset=\"https:\/\/blogs.correiobraziliense.com.br\/nosso-parque-da-cidade\/wp-content\/uploads\/sites\/69\/2024\/02\/lago4-1024x768.jpeg 1024w, https:\/\/blogs.correiobraziliense.com.br\/nosso-parque-da-cidade\/wp-content\/uploads\/sites\/69\/2024\/02\/lago4-300x225.jpeg 300w, https:\/\/blogs.correiobraziliense.com.br\/nosso-parque-da-cidade\/wp-content\/uploads\/sites\/69\/2024\/02\/lago4-768x576.jpeg 768w, https:\/\/blogs.correiobraziliense.com.br\/nosso-parque-da-cidade\/wp-content\/uploads\/sites\/69\/2024\/02\/lago4-800x600.jpeg 800w, https:\/\/blogs.correiobraziliense.com.br\/nosso-parque-da-cidade\/wp-content\/uploads\/sites\/69\/2024\/02\/lago4-550x413.jpeg 550w, https:\/\/blogs.correiobraziliense.com.br\/nosso-parque-da-cidade\/wp-content\/uploads\/sites\/69\/2024\/02\/lago4-230x173.jpeg 230w, https:\/\/blogs.correiobraziliense.com.br\/nosso-parque-da-cidade\/wp-content\/uploads\/sites\/69\/2024\/02\/lago4.jpeg 1280w\" sizes=\"auto, (max-width: 1024px) 100vw, 1024px\" \/><\/p>\n<p class=\"western\" align=\"left\">&#8211; Voc\u00ea t\u00e1 falando isso pra me consolar porque a gente n\u00e3o foi pra praia, preferia mil vezes o cen\u00e1rio da praia, estar caminhando num cal\u00e7ad\u00e3o, ou na areia, olhando as ondas vindo e voltando pro mar.<\/p>\n<p class=\"western\" align=\"left\">&#8211; A gente n\u00e3o foi agora no in\u00edcio do ano, muito caro, a gente vai depois\u00a0 na baixa. Mas n\u00e3o s\u00f3 tem beleza na praia, voc\u00ea precisa ver, observar, olhar pras coisas bonitas daqui tamb\u00e9m.<\/p>\n<p class=\"western\" align=\"left\">&#8211; Eu s\u00f3 penso no mar, na brisa, no bem-estar que a praia d\u00e1 na gente.<\/p>\n<p class=\"western\" align=\"left\">&#8211; Olhe, veja bem, sinta o quanto esse lago acalma, transmite paz e tranquilidade pra gente.<\/p>\n<p class=\"western\" align=\"left\">&#8211; T\u00e1, olhei, j\u00e1 vi, j\u00e1 senti, mas o que quero mesmo \u00e9 ir pra praia.<\/p>\n<figure id=\"attachment_111\" aria-describedby=\"caption-attachment-111\" style=\"width: 1024px\" class=\"wp-caption alignnone\"><img loading=\"lazy\" decoding=\"async\" class=\"size-large wp-image-111\" src=\"https:\/\/blogs.correiobraziliense.com.br\/nosso-parque-da-cidade\/wp-content\/uploads\/sites\/69\/2024\/02\/Lago1-1024x768.jpeg\" alt=\"\" width=\"1024\" height=\"768\" srcset=\"https:\/\/blogs.correiobraziliense.com.br\/nosso-parque-da-cidade\/wp-content\/uploads\/sites\/69\/2024\/02\/Lago1-1024x768.jpeg 1024w, https:\/\/blogs.correiobraziliense.com.br\/nosso-parque-da-cidade\/wp-content\/uploads\/sites\/69\/2024\/02\/Lago1-300x225.jpeg 300w, https:\/\/blogs.correiobraziliense.com.br\/nosso-parque-da-cidade\/wp-content\/uploads\/sites\/69\/2024\/02\/Lago1-768x576.jpeg 768w, https:\/\/blogs.correiobraziliense.com.br\/nosso-parque-da-cidade\/wp-content\/uploads\/sites\/69\/2024\/02\/Lago1-800x600.jpeg 800w, https:\/\/blogs.correiobraziliense.com.br\/nosso-parque-da-cidade\/wp-content\/uploads\/sites\/69\/2024\/02\/Lago1-550x413.jpeg 550w, https:\/\/blogs.correiobraziliense.com.br\/nosso-parque-da-cidade\/wp-content\/uploads\/sites\/69\/2024\/02\/Lago1-230x173.jpeg 230w, https:\/\/blogs.correiobraziliense.com.br\/nosso-parque-da-cidade\/wp-content\/uploads\/sites\/69\/2024\/02\/Lago1.jpeg 1280w\" sizes=\"auto, (max-width: 1024px) 100vw, 1024px\" \/><figcaption id=\"caption-attachment-111\" class=\"wp-caption-text\">Lago artificial<\/figcaption><\/figure>\n<\/div>\n","protected":false},"excerpt":{"rendered":"<p>O casal caminha em sil\u00eancio na pista e, de repente, o homem reduz o passo e fala um pouco mais alto pra mulher que o acompanha: &#8211; Que coisa mais linda esse cen\u00e1rio aqui, esse lago parado, refletindo as nuvens \u2013 nesses meses de chuvas tem tanta nuvem no c\u00e9u de Bras\u00edlia\u2026 e esse verde [&hellip;]<\/p>\n","protected":false},"author":153,"featured_media":123,"comment_status":"open","ping_status":"open","sticky":false,"template":"","format":"standard","meta":{"wpb_read_more":[],"footnotes":""},"categories":[2],"tags":[],"class_list":["post-125","post","type-post","status-publish","format-standard","has-post-thumbnail","hentry","category-conversas"],"_links":{"self":[{"href":"https:\/\/blogs.correiobraziliense.com.br\/nosso-parque-da-cidade\/wp-json\/wp\/v2\/posts\/125","targetHints":{"allow":["GET"]}}],"collection":[{"href":"https:\/\/blogs.correiobraziliense.com.br\/nosso-parque-da-cidade\/wp-json\/wp\/v2\/posts"}],"about":[{"href":"https:\/\/blogs.correiobraziliense.com.br\/nosso-parque-da-cidade\/wp-json\/wp\/v2\/types\/post"}],"author":[{"embeddable":true,"href":"https:\/\/blogs.correiobraziliense.com.br\/nosso-parque-da-cidade\/wp-json\/wp\/v2\/users\/153"}],"replies":[{"embeddable":true,"href":"https:\/\/blogs.correiobraziliense.com.br\/nosso-parque-da-cidade\/wp-json\/wp\/v2\/comments?post=125"}],"version-history":[{"count":1,"href":"https:\/\/blogs.correiobraziliense.com.br\/nosso-parque-da-cidade\/wp-json\/wp\/v2\/posts\/125\/revisions"}],"predecessor-version":[{"id":126,"href":"https:\/\/blogs.correiobraziliense.com.br\/nosso-parque-da-cidade\/wp-json\/wp\/v2\/posts\/125\/revisions\/126"}],"wp:featuredmedia":[{"embeddable":true,"href":"https:\/\/blogs.correiobraziliense.com.br\/nosso-parque-da-cidade\/wp-json\/wp\/v2\/media\/123"}],"wp:attachment":[{"href":"https:\/\/blogs.correiobraziliense.com.br\/nosso-parque-da-cidade\/wp-json\/wp\/v2\/media?parent=125"}],"wp:term":[{"taxonomy":"category","embeddable":true,"href":"https:\/\/blogs.correiobraziliense.com.br\/nosso-parque-da-cidade\/wp-json\/wp\/v2\/categories?post=125"},{"taxonomy":"post_tag","embeddable":true,"href":"https:\/\/blogs.correiobraziliense.com.br\/nosso-parque-da-cidade\/wp-json\/wp\/v2\/tags?post=125"}],"curies":[{"name":"wp","href":"https:\/\/api.w.org\/{rel}","templated":true}]}}