{"id":1214,"date":"2025-11-17T19:10:37","date_gmt":"2025-11-17T22:10:37","guid":{"rendered":"https:\/\/blogs.correiobraziliense.com.br\/nosso-parque-da-cidade\/?p=1214"},"modified":"2025-11-18T18:04:19","modified_gmt":"2025-11-18T21:04:19","slug":"novo-espaco-ambiental-preserva-o-pau-brasil","status":"publish","type":"post","link":"https:\/\/blogs.correiobraziliense.com.br\/nosso-parque-da-cidade\/voce-sabia\/novo-espaco-ambiental-preserva-o-pau-brasil\/","title":{"rendered":"Novo Espa\u00e7o Ambiental preserva o pau-brasil"},"content":{"rendered":"<p>Quando o Parque da Cidade foi inaugurado, em 11 de outubro de 1978, foi plantada uma grande quantidade de mudas em crescimento para que, \u201cno futuro\u201d, o Parque se tornasse um \u201cverdadeiro bosque\u201d.<br \/>\nO paisagista do s\u00e9culo, Roberto Burle Marx, colaborou com a cria\u00e7\u00e3o de jardins e solu\u00e7\u00f5es paisag\u00edsticas para o espa\u00e7o, que, infelizmente, n\u00e3o foram totalmente implantadas. No in\u00edcio do ano de 2024, ap\u00f3s a derrubada de todos os pinheiros que faziam parte da paisagem na \u00e1rea ao sul do Parque, por mais de 40 anos, condenados com o tempo, a administra\u00e7\u00e3o do local, juntamente com outros \u00f3rg\u00e3o do GDF, respons\u00e1veis pelo plantio e preserva\u00e7\u00e3o de \u00e1reas verdes da capital, recuperou parte do projeto inicial do paisagista.<br \/>\nCom a renova\u00e7\u00e3o da vegeta\u00e7\u00e3o, foram ent\u00e3o introduzidas mais de 2 mil \u00e1rvores do cerrado, incluindo v\u00e1rios tipos de ip\u00eas, que est\u00e3o crescendo conforme o ciclo natural do bioma. Daqui a alguns anos, os visitantes v\u00e3o poder apreciar as belas floradas de diferentes cores de ip\u00eas na \u00e9poca da seca, entre outras esp\u00e9cies nativas. <\/p>\n<figure id=\"attachment_1216\" aria-describedby=\"caption-attachment-1216\" style=\"width: 1024px\" class=\"wp-caption alignnone\"><img loading=\"lazy\" decoding=\"async\" src=\"https:\/\/blogs.correiobraziliense.com.br\/nosso-parque-da-cidade\/wp-content\/uploads\/sites\/69\/2025\/11\/Mudas-beira-lago-1024x768.jpeg\" alt=\"\" width=\"1024\" height=\"768\" class=\"size-large wp-image-1216\" srcset=\"https:\/\/blogs.correiobraziliense.com.br\/nosso-parque-da-cidade\/wp-content\/uploads\/sites\/69\/2025\/11\/Mudas-beira-lago-1024x768.jpeg 1024w, https:\/\/blogs.correiobraziliense.com.br\/nosso-parque-da-cidade\/wp-content\/uploads\/sites\/69\/2025\/11\/Mudas-beira-lago-300x225.jpeg 300w, https:\/\/blogs.correiobraziliense.com.br\/nosso-parque-da-cidade\/wp-content\/uploads\/sites\/69\/2025\/11\/Mudas-beira-lago-768x576.jpeg 768w, https:\/\/blogs.correiobraziliense.com.br\/nosso-parque-da-cidade\/wp-content\/uploads\/sites\/69\/2025\/11\/Mudas-beira-lago-800x600.jpeg 800w, https:\/\/blogs.correiobraziliense.com.br\/nosso-parque-da-cidade\/wp-content\/uploads\/sites\/69\/2025\/11\/Mudas-beira-lago-550x413.jpeg 550w, https:\/\/blogs.correiobraziliense.com.br\/nosso-parque-da-cidade\/wp-content\/uploads\/sites\/69\/2025\/11\/Mudas-beira-lago-230x173.jpeg 230w, https:\/\/blogs.correiobraziliense.com.br\/nosso-parque-da-cidade\/wp-content\/uploads\/sites\/69\/2025\/11\/Mudas-beira-lago.jpeg 1280w\" sizes=\"auto, (max-width: 1024px) 100vw, 1024px\" \/><figcaption id=\"caption-attachment-1216\" class=\"wp-caption-text\">Aqui crescer\u00e1 o novo bosque \/ Foto CV novembro 2025<\/figcaption><\/figure>\n<p>A vez do pau-brasil.<br \/>\nRecentemente, um novo bosque foi criado na margem esquerda do lago artificial do Parque, pr\u00f3ximo ao Rel\u00f3gio do Sol, com o nome de Espa\u00e7o Ambiental Pau-Brasil. Foram plantadas mais de 30 mudas dessa \u00e1rvore nativa, considerada o s\u00edmbolo nacional, \u201cpreservada e cultivada em homenagem \u00e0 P\u00e1tria brasileira, para ser tamb\u00e9m, conhecida, admirada e preservada\u201d pelos frequentadores e visitantes do Parque, anuncia a placa de sinaliza\u00e7\u00e3o.<br \/>\nDe acordo com a Lei n. 9605, dos Crimes Ambientais, o pau-brasil ( Paubrasileia echinata) \u00e9 considerado uma \u00e1rvore amea\u00e7ada de extin\u00e7\u00e3o. Por isso, \u00e9 preciso valorizar e louvar a iniciativa da cria\u00e7\u00e3o desse espa\u00e7o, ajudando a preserv\u00e1-lo.<\/p>\n<figure id=\"attachment_1217\" aria-describedby=\"caption-attachment-1217\" style=\"width: 1024px\" class=\"wp-caption alignnone\"><img loading=\"lazy\" decoding=\"async\" src=\"https:\/\/blogs.correiobraziliense.com.br\/nosso-parque-da-cidade\/wp-content\/uploads\/sites\/69\/2025\/11\/muda-close-1024x768.jpeg\" alt=\"\" width=\"1024\" height=\"768\" class=\"size-large wp-image-1217\" srcset=\"https:\/\/blogs.correiobraziliense.com.br\/nosso-parque-da-cidade\/wp-content\/uploads\/sites\/69\/2025\/11\/muda-close-1024x768.jpeg 1024w, https:\/\/blogs.correiobraziliense.com.br\/nosso-parque-da-cidade\/wp-content\/uploads\/sites\/69\/2025\/11\/muda-close-300x225.jpeg 300w, https:\/\/blogs.correiobraziliense.com.br\/nosso-parque-da-cidade\/wp-content\/uploads\/sites\/69\/2025\/11\/muda-close-768x576.jpeg 768w, https:\/\/blogs.correiobraziliense.com.br\/nosso-parque-da-cidade\/wp-content\/uploads\/sites\/69\/2025\/11\/muda-close-800x600.jpeg 800w, https:\/\/blogs.correiobraziliense.com.br\/nosso-parque-da-cidade\/wp-content\/uploads\/sites\/69\/2025\/11\/muda-close-550x413.jpeg 550w, https:\/\/blogs.correiobraziliense.com.br\/nosso-parque-da-cidade\/wp-content\/uploads\/sites\/69\/2025\/11\/muda-close-230x173.jpeg 230w, https:\/\/blogs.correiobraziliense.com.br\/nosso-parque-da-cidade\/wp-content\/uploads\/sites\/69\/2025\/11\/muda-close.jpeg 1280w\" sizes=\"auto, (max-width: 1024px) 100vw, 1024px\" \/><figcaption id=\"caption-attachment-1217\" class=\"wp-caption-text\">Mudas de pau-brasil \/ Foto CV novembro 2025<\/figcaption><\/figure>\n<figure id=\"attachment_1218\" aria-describedby=\"caption-attachment-1218\" style=\"width: 1024px\" class=\"wp-caption alignnone\"><img loading=\"lazy\" decoding=\"async\" src=\"https:\/\/blogs.correiobraziliense.com.br\/nosso-parque-da-cidade\/wp-content\/uploads\/sites\/69\/2025\/11\/Identif-da-muda-1024x768.jpeg\" alt=\"\" width=\"1024\" height=\"768\" class=\"size-large wp-image-1218\" srcset=\"https:\/\/blogs.correiobraziliense.com.br\/nosso-parque-da-cidade\/wp-content\/uploads\/sites\/69\/2025\/11\/Identif-da-muda-1024x768.jpeg 1024w, https:\/\/blogs.correiobraziliense.com.br\/nosso-parque-da-cidade\/wp-content\/uploads\/sites\/69\/2025\/11\/Identif-da-muda-300x225.jpeg 300w, https:\/\/blogs.correiobraziliense.com.br\/nosso-parque-da-cidade\/wp-content\/uploads\/sites\/69\/2025\/11\/Identif-da-muda-768x576.jpeg 768w, https:\/\/blogs.correiobraziliense.com.br\/nosso-parque-da-cidade\/wp-content\/uploads\/sites\/69\/2025\/11\/Identif-da-muda-800x600.jpeg 800w, https:\/\/blogs.correiobraziliense.com.br\/nosso-parque-da-cidade\/wp-content\/uploads\/sites\/69\/2025\/11\/Identif-da-muda-550x413.jpeg 550w, https:\/\/blogs.correiobraziliense.com.br\/nosso-parque-da-cidade\/wp-content\/uploads\/sites\/69\/2025\/11\/Identif-da-muda-230x173.jpeg 230w, https:\/\/blogs.correiobraziliense.com.br\/nosso-parque-da-cidade\/wp-content\/uploads\/sites\/69\/2025\/11\/Identif-da-muda.jpeg 1280w\" sizes=\"auto, (max-width: 1024px) 100vw, 1024px\" \/><figcaption id=\"caption-attachment-1218\" class=\"wp-caption-text\">Mudas identificadas \/ Foto CV novembro 2025<\/figcaption><\/figure>\n<figure id=\"attachment_1219\" aria-describedby=\"caption-attachment-1219\" style=\"width: 1024px\" class=\"wp-caption alignnone\"><img loading=\"lazy\" decoding=\"async\" src=\"https:\/\/blogs.correiobraziliense.com.br\/nosso-parque-da-cidade\/wp-content\/uploads\/sites\/69\/2025\/11\/Bosque-imagine-1024x768.jpeg\" alt=\"\" width=\"1024\" height=\"768\" class=\"size-large wp-image-1219\" srcset=\"https:\/\/blogs.correiobraziliense.com.br\/nosso-parque-da-cidade\/wp-content\/uploads\/sites\/69\/2025\/11\/Bosque-imagine-1024x768.jpeg 1024w, https:\/\/blogs.correiobraziliense.com.br\/nosso-parque-da-cidade\/wp-content\/uploads\/sites\/69\/2025\/11\/Bosque-imagine-300x225.jpeg 300w, https:\/\/blogs.correiobraziliense.com.br\/nosso-parque-da-cidade\/wp-content\/uploads\/sites\/69\/2025\/11\/Bosque-imagine-768x576.jpeg 768w, https:\/\/blogs.correiobraziliense.com.br\/nosso-parque-da-cidade\/wp-content\/uploads\/sites\/69\/2025\/11\/Bosque-imagine-800x600.jpeg 800w, https:\/\/blogs.correiobraziliense.com.br\/nosso-parque-da-cidade\/wp-content\/uploads\/sites\/69\/2025\/11\/Bosque-imagine-550x413.jpeg 550w, https:\/\/blogs.correiobraziliense.com.br\/nosso-parque-da-cidade\/wp-content\/uploads\/sites\/69\/2025\/11\/Bosque-imagine-230x173.jpeg 230w, https:\/\/blogs.correiobraziliense.com.br\/nosso-parque-da-cidade\/wp-content\/uploads\/sites\/69\/2025\/11\/Bosque-imagine.jpeg 1280w\" sizes=\"auto, (max-width: 1024px) 100vw, 1024px\" \/><figcaption id=\"caption-attachment-1219\" class=\"wp-caption-text\">Imagine um bosque inteiro de pau-brasil aqui \/ Foto CV novembro 2025<\/figcaption><\/figure>\n<p>Tal como aconteceu com o Parque da Cidade, que cumpriu o objetivo inaugural e se tornou um imenso bosque urbano, o novo Espa\u00e7o Ambiental, formado por \u00e1rvores pau-brasil, no futuro, ser\u00e1 mais uma \u00e1rea para o deleite dos brasilienses, repleta dessas \u00e1rvores consideradas s\u00edmbolo de resist\u00eancia, renascimento e do cuidado que \u00e9 preciso ter com o meio ambiente.<br \/>\n<figure id=\"attachment_1220\" aria-describedby=\"caption-attachment-1220\" style=\"width: 1024px\" class=\"wp-caption alignnone\"><img loading=\"lazy\" decoding=\"async\" src=\"https:\/\/blogs.correiobraziliense.com.br\/nosso-parque-da-cidade\/wp-content\/uploads\/sites\/69\/2025\/11\/placa-de-sinaliz-1024x768.jpeg\" alt=\"\" width=\"1024\" height=\"768\" class=\"size-large wp-image-1220\" srcset=\"https:\/\/blogs.correiobraziliense.com.br\/nosso-parque-da-cidade\/wp-content\/uploads\/sites\/69\/2025\/11\/placa-de-sinaliz-1024x768.jpeg 1024w, https:\/\/blogs.correiobraziliense.com.br\/nosso-parque-da-cidade\/wp-content\/uploads\/sites\/69\/2025\/11\/placa-de-sinaliz-300x225.jpeg 300w, https:\/\/blogs.correiobraziliense.com.br\/nosso-parque-da-cidade\/wp-content\/uploads\/sites\/69\/2025\/11\/placa-de-sinaliz-768x576.jpeg 768w, https:\/\/blogs.correiobraziliense.com.br\/nosso-parque-da-cidade\/wp-content\/uploads\/sites\/69\/2025\/11\/placa-de-sinaliz-800x600.jpeg 800w, https:\/\/blogs.correiobraziliense.com.br\/nosso-parque-da-cidade\/wp-content\/uploads\/sites\/69\/2025\/11\/placa-de-sinaliz-550x413.jpeg 550w, https:\/\/blogs.correiobraziliense.com.br\/nosso-parque-da-cidade\/wp-content\/uploads\/sites\/69\/2025\/11\/placa-de-sinaliz-230x173.jpeg 230w, https:\/\/blogs.correiobraziliense.com.br\/nosso-parque-da-cidade\/wp-content\/uploads\/sites\/69\/2025\/11\/placa-de-sinaliz.jpeg 1280w\" sizes=\"auto, (max-width: 1024px) 100vw, 1024px\" \/><figcaption id=\"caption-attachment-1220\" class=\"wp-caption-text\">Novo Espa\u00e7o Ambiental sinalizado \/ Foto CV novembro 2025<\/figcaption><\/figure><\/p>\n","protected":false},"excerpt":{"rendered":"<p>Quando o Parque da Cidade foi inaugurado, em 11 de outubro de 1978, foi plantada uma grande quantidade de mudas em crescimento para que, \u201cno futuro\u201d, o Parque se tornasse um \u201cverdadeiro bosque\u201d. O paisagista do s\u00e9culo, Roberto Burle Marx, colaborou com a cria\u00e7\u00e3o de jardins e solu\u00e7\u00f5es paisag\u00edsticas para o espa\u00e7o, que, infelizmente, n\u00e3o [&hellip;]<\/p>\n","protected":false},"author":153,"featured_media":1215,"comment_status":"open","ping_status":"open","sticky":false,"template":"","format":"standard","meta":{"wpb_read_more":[],"footnotes":""},"categories":[6],"tags":[55,191,193,194,192],"class_list":["post-1214","post","type-post","status-publish","format-standard","has-post-thumbnail","hentry","category-voce-sabia","tag-arvoresdocerrado","tag-arvoresnativas","tag-bosque","tag-meioambiente","tag-pau-braisl"],"_links":{"self":[{"href":"https:\/\/blogs.correiobraziliense.com.br\/nosso-parque-da-cidade\/wp-json\/wp\/v2\/posts\/1214","targetHints":{"allow":["GET"]}}],"collection":[{"href":"https:\/\/blogs.correiobraziliense.com.br\/nosso-parque-da-cidade\/wp-json\/wp\/v2\/posts"}],"about":[{"href":"https:\/\/blogs.correiobraziliense.com.br\/nosso-parque-da-cidade\/wp-json\/wp\/v2\/types\/post"}],"author":[{"embeddable":true,"href":"https:\/\/blogs.correiobraziliense.com.br\/nosso-parque-da-cidade\/wp-json\/wp\/v2\/users\/153"}],"replies":[{"embeddable":true,"href":"https:\/\/blogs.correiobraziliense.com.br\/nosso-parque-da-cidade\/wp-json\/wp\/v2\/comments?post=1214"}],"version-history":[{"count":5,"href":"https:\/\/blogs.correiobraziliense.com.br\/nosso-parque-da-cidade\/wp-json\/wp\/v2\/posts\/1214\/revisions"}],"predecessor-version":[{"id":1228,"href":"https:\/\/blogs.correiobraziliense.com.br\/nosso-parque-da-cidade\/wp-json\/wp\/v2\/posts\/1214\/revisions\/1228"}],"wp:featuredmedia":[{"embeddable":true,"href":"https:\/\/blogs.correiobraziliense.com.br\/nosso-parque-da-cidade\/wp-json\/wp\/v2\/media\/1215"}],"wp:attachment":[{"href":"https:\/\/blogs.correiobraziliense.com.br\/nosso-parque-da-cidade\/wp-json\/wp\/v2\/media?parent=1214"}],"wp:term":[{"taxonomy":"category","embeddable":true,"href":"https:\/\/blogs.correiobraziliense.com.br\/nosso-parque-da-cidade\/wp-json\/wp\/v2\/categories?post=1214"},{"taxonomy":"post_tag","embeddable":true,"href":"https:\/\/blogs.correiobraziliense.com.br\/nosso-parque-da-cidade\/wp-json\/wp\/v2\/tags?post=1214"}],"curies":[{"name":"wp","href":"https:\/\/api.w.org\/{rel}","templated":true}]}}