{"id":110,"date":"2024-02-28T17:38:47","date_gmt":"2024-02-28T20:38:47","guid":{"rendered":"https:\/\/blogs.correiobraziliense.com.br\/nosso-parque-da-cidade\/?p=110"},"modified":"2024-02-27T20:51:02","modified_gmt":"2024-02-27T23:51:02","slug":"praia-ou-o-parque","status":"publish","type":"post","link":"https:\/\/blogs.correiobraziliense.com.br\/nosso-parque-da-cidade\/conversas\/praia-ou-o-parque\/","title":{"rendered":"Praia ou o Parque?"},"content":{"rendered":"<p class=\"western\" align=\"left\">Outro casal caminha e tamb\u00e9m compara o ambiente de praia com o do Parque da Cidade, um tipo de conversa comum na pista no per\u00edodo de f\u00e9rias:<\/p>\n<p class=\"western\" align=\"left\">&#8211; Aqui pelo menos a gente caminha com o celular na m\u00e3o, n\u00e3o est\u00e1 preocupado com batedor de carteira ou de celular, arrast\u00e3o&#8230;<\/p>\n<p class=\"western\" align=\"left\">&#8211; Pode parar! N\u00e3o venha me dizer que essa caminhada aqui \u00e9 melhor do que aquelas que a gente estava fazendo todo dia no cal\u00e7ad\u00e3o da praia.<\/p>\n<p class=\"western\" align=\"left\">&#8211; Pra mim \u00e9 melhor. Ali\u00e1s,\u00a0 n\u00e3o tem compara\u00e7\u00e3o, aqui eu tenho paz, mais tranquilidade. Aqui eu me sinto muito mais conectado com a natureza.<\/p>\n<p class=\"western\" align=\"left\">&#8211; Ah, mas \u00e9 porque voc\u00ea n\u00e3o gosta de praia, nunca gostou.<\/p>\n<p class=\"western\" align=\"left\">&#8211; Como n\u00e3o gosto de praia?\u00a0 Eu gosto de praia, sim. Mas n\u00e3o gosto de caminhar preocupado com pertences, preocupado com o tr\u00e2nsito, incomodado com o barulho, com multid\u00e3o, isso aqui n\u00e3o tem compara\u00e7\u00e3o.<\/p>\n<p class=\"western\" align=\"left\">&#8211; \u00c9 verdade, tem raz\u00e3o, n\u00e3o tem compara\u00e7\u00e3o. Eu preferia mil vezes estar toda incomodada no cal\u00e7ad\u00e3o.<\/p>\n<p align=\"left\"><img loading=\"lazy\" decoding=\"async\" class=\"alignnone size-medium wp-image-119\" src=\"https:\/\/blogs.correiobraziliense.com.br\/nosso-parque-da-cidade\/wp-content\/uploads\/sites\/69\/2024\/02\/Praia-5-300x225.jpeg\" alt=\"\" width=\"300\" height=\"225\" srcset=\"https:\/\/blogs.correiobraziliense.com.br\/nosso-parque-da-cidade\/wp-content\/uploads\/sites\/69\/2024\/02\/Praia-5-300x225.jpeg 300w, https:\/\/blogs.correiobraziliense.com.br\/nosso-parque-da-cidade\/wp-content\/uploads\/sites\/69\/2024\/02\/Praia-5-768x576.jpeg 768w, https:\/\/blogs.correiobraziliense.com.br\/nosso-parque-da-cidade\/wp-content\/uploads\/sites\/69\/2024\/02\/Praia-5-1024x768.jpeg 1024w, https:\/\/blogs.correiobraziliense.com.br\/nosso-parque-da-cidade\/wp-content\/uploads\/sites\/69\/2024\/02\/Praia-5-800x600.jpeg 800w, https:\/\/blogs.correiobraziliense.com.br\/nosso-parque-da-cidade\/wp-content\/uploads\/sites\/69\/2024\/02\/Praia-5-550x413.jpeg 550w, https:\/\/blogs.correiobraziliense.com.br\/nosso-parque-da-cidade\/wp-content\/uploads\/sites\/69\/2024\/02\/Praia-5-230x173.jpeg 230w, https:\/\/blogs.correiobraziliense.com.br\/nosso-parque-da-cidade\/wp-content\/uploads\/sites\/69\/2024\/02\/Praia-5.jpeg 1280w\" sizes=\"auto, (max-width: 300px) 100vw, 300px\" \/><\/p>\n","protected":false},"excerpt":{"rendered":"<p>Outro casal caminha e tamb\u00e9m compara o ambiente de praia com o do Parque da Cidade, um tipo de conversa comum na pista no per\u00edodo de f\u00e9rias: &#8211; Aqui pelo menos a gente caminha com o celular na m\u00e3o, n\u00e3o est\u00e1 preocupado com batedor de carteira ou de celular, arrast\u00e3o&#8230; &#8211; Pode parar! N\u00e3o venha [&hellip;]<\/p>\n","protected":false},"author":153,"featured_media":121,"comment_status":"open","ping_status":"open","sticky":false,"template":"","format":"standard","meta":{"wpb_read_more":[],"footnotes":""},"categories":[2],"tags":[],"class_list":["post-110","post","type-post","status-publish","format-standard","has-post-thumbnail","hentry","category-conversas"],"_links":{"self":[{"href":"https:\/\/blogs.correiobraziliense.com.br\/nosso-parque-da-cidade\/wp-json\/wp\/v2\/posts\/110","targetHints":{"allow":["GET"]}}],"collection":[{"href":"https:\/\/blogs.correiobraziliense.com.br\/nosso-parque-da-cidade\/wp-json\/wp\/v2\/posts"}],"about":[{"href":"https:\/\/blogs.correiobraziliense.com.br\/nosso-parque-da-cidade\/wp-json\/wp\/v2\/types\/post"}],"author":[{"embeddable":true,"href":"https:\/\/blogs.correiobraziliense.com.br\/nosso-parque-da-cidade\/wp-json\/wp\/v2\/users\/153"}],"replies":[{"embeddable":true,"href":"https:\/\/blogs.correiobraziliense.com.br\/nosso-parque-da-cidade\/wp-json\/wp\/v2\/comments?post=110"}],"version-history":[{"count":2,"href":"https:\/\/blogs.correiobraziliense.com.br\/nosso-parque-da-cidade\/wp-json\/wp\/v2\/posts\/110\/revisions"}],"predecessor-version":[{"id":122,"href":"https:\/\/blogs.correiobraziliense.com.br\/nosso-parque-da-cidade\/wp-json\/wp\/v2\/posts\/110\/revisions\/122"}],"wp:featuredmedia":[{"embeddable":true,"href":"https:\/\/blogs.correiobraziliense.com.br\/nosso-parque-da-cidade\/wp-json\/wp\/v2\/media\/121"}],"wp:attachment":[{"href":"https:\/\/blogs.correiobraziliense.com.br\/nosso-parque-da-cidade\/wp-json\/wp\/v2\/media?parent=110"}],"wp:term":[{"taxonomy":"category","embeddable":true,"href":"https:\/\/blogs.correiobraziliense.com.br\/nosso-parque-da-cidade\/wp-json\/wp\/v2\/categories?post=110"},{"taxonomy":"post_tag","embeddable":true,"href":"https:\/\/blogs.correiobraziliense.com.br\/nosso-parque-da-cidade\/wp-json\/wp\/v2\/tags?post=110"}],"curies":[{"name":"wp","href":"https:\/\/api.w.org\/{rel}","templated":true}]}}