{"id":101,"date":"2024-02-27T18:36:07","date_gmt":"2024-02-27T21:36:07","guid":{"rendered":"https:\/\/blogs.correiobraziliense.com.br\/nosso-parque-da-cidade\/?p=101"},"modified":"2024-02-27T21:06:42","modified_gmt":"2024-02-28T00:06:42","slug":"uma-praia-democratica","status":"publish","type":"post","link":"https:\/\/blogs.correiobraziliense.com.br\/nosso-parque-da-cidade\/conversas\/uma-praia-democratica\/","title":{"rendered":"Uma praia democr\u00e1tica"},"content":{"rendered":"<p align=\"left\">S\u00e3o muito comuns as compara\u00e7\u00f5es do Parque da Cidade com a praia como op\u00e7\u00e3o de lazer. Conversas entre os caminhantes tratam do tema com frequ\u00eancia. Captei algumas recentemente.<\/p>\n<p align=\"left\"><img loading=\"lazy\" decoding=\"async\" class=\"alignnone size-medium wp-image-105\" src=\"https:\/\/blogs.correiobraziliense.com.br\/nosso-parque-da-cidade\/wp-content\/uploads\/sites\/69\/2024\/02\/praia-1-300x225.jpeg\" alt=\"\" width=\"300\" height=\"225\" srcset=\"https:\/\/blogs.correiobraziliense.com.br\/nosso-parque-da-cidade\/wp-content\/uploads\/sites\/69\/2024\/02\/praia-1-300x225.jpeg 300w, https:\/\/blogs.correiobraziliense.com.br\/nosso-parque-da-cidade\/wp-content\/uploads\/sites\/69\/2024\/02\/praia-1-768x576.jpeg 768w, https:\/\/blogs.correiobraziliense.com.br\/nosso-parque-da-cidade\/wp-content\/uploads\/sites\/69\/2024\/02\/praia-1-1024x768.jpeg 1024w, https:\/\/blogs.correiobraziliense.com.br\/nosso-parque-da-cidade\/wp-content\/uploads\/sites\/69\/2024\/02\/praia-1-800x600.jpeg 800w, https:\/\/blogs.correiobraziliense.com.br\/nosso-parque-da-cidade\/wp-content\/uploads\/sites\/69\/2024\/02\/praia-1-550x413.jpeg 550w, https:\/\/blogs.correiobraziliense.com.br\/nosso-parque-da-cidade\/wp-content\/uploads\/sites\/69\/2024\/02\/praia-1-230x173.jpeg 230w, https:\/\/blogs.correiobraziliense.com.br\/nosso-parque-da-cidade\/wp-content\/uploads\/sites\/69\/2024\/02\/praia-1.jpeg 1280w\" sizes=\"auto, (max-width: 300px) 100vw, 300px\" \/><\/p>\n<p class=\"western\" align=\"left\">As amigas caminham e conversam sobre ver\u00e3o, praia, espa\u00e7os democr\u00e1ticos e o Parque d Cidade:<\/p>\n<p class=\"western\" align=\"left\">&#8211; T\u00e1, o Parque pode at\u00e9 ser a praia de Bras\u00edlia, mas n\u00e3o sei porqu\u00ea voc\u00ea fala que o Parque \u00e9 muito mais democr\u00e1tico do que a praia.<\/p>\n<p class=\"western\" align=\"left\">&#8211; Porque \u00e9! Porque aqui voc\u00ea encontra pessoas de todas as classes e de todas as regi\u00f5es. Aqui voc\u00ea n\u00e3o precisa pagar pra entrar, \u00e9 gratuito, voc\u00ea pode trazer o que quiser de casa pra comer e beber,\u00a0 pode trazer rede, cadeira, escolher uma \u00e1rvore, uma quadra de esportes, fazer o que voc\u00ea quiser sem precisar pagar. Isso n\u00e3o existe na praia urbana, onde voc\u00ea n\u00e3o tem muita alternativa.<\/p>\n<p class=\"western\" align=\"left\">&#8211; Mas na praia a pessoa pode levar comida e bebida tamb\u00e9m.<\/p>\n<p class=\"western\" align=\"left\">&#8211; Sim, pode, mas \u00e9 discriminado, \u00e9 chamado de farofeiro, ningu\u00e9m quer ficar perto dos locais na praia onde as pessoas levam comida e bebida. Aqui no Parque n\u00e3o tem isso, cada um come, bebe, se diverte, faz o que quer.<\/p>\n<p class=\"western\" align=\"left\">&#8211; Bobagem, fazer o que quer, como voc\u00ea diz, n\u00e3o torna o Parque mais democr\u00e1tico do que a praia.<\/p>\n<p class=\"western\" align=\"left\">&#8211; Quer mais? O Parque \u00e9 acess\u00edvel, voc\u00ea pode vir de qualquer lugar, desce na Asa Sul, no Sudoeste, na rodovi\u00e1ria, voc\u00ea pode chegar aqui a p\u00e9, de \u00f4nibus, \u00e9 f\u00e1cil chegar. E cada um escolhe m lugar onde se sente bem, tem contato com a natureza, tem seguran\u00e7a, ent\u00e3o tudo isso faz do Parque um lugar muito mais democr\u00e1tico, porque al\u00e9m de voc\u00ea\u00a0<span id=\"OBJ_PREFIX_DWT263_com_zimbra_date\" class=\"Object\" role=\"link\">ter<\/span>\u00a0as pessoas populares, mais simples, vem gente de todas as classes, ra\u00e7as, g\u00eaneros. Tamb\u00e9m tem uma classe media, os praticantes de esportes&#8230;<\/p>\n<p class=\"western\" align=\"left\">&#8211; Classe m\u00e9dia at\u00e9 tem, mas duvido um rico vir aqui.<\/p>\n<p class=\"western\" align=\"left\">&#8211; Vem sim! Porque aqui tem a maior pista pra praticar esportes, tem muita gente de grana que pratica esportes aqui, tem atletas. N\u00e3o existe um atleta em Bras\u00edlia que n\u00e3o tenha experimentado essa pista, v\u00eam ricos e famosos. Nelson Piquet vem toda semana tomar \u00e1gua de coco naquela banca, e v\u00e1rios empres\u00e1rios v\u00eam com personal, com seguran\u00e7a, pol\u00edticos, muitos. At\u00e9 Paul McCartney j\u00e1 veio pedalar aqui.<\/p>\n<p class=\"western\" align=\"left\">&#8211; A rainha da Inglaterra n\u00e3o veio tamb\u00e9m?<\/p>\n<p class=\"western\" align=\"left\">&#8211; N\u00e3o, porque quando ela veio em Bras\u00edlia n\u00e3o existia o Parque.<\/p>\n<p align=\"left\"><img loading=\"lazy\" decoding=\"async\" class=\"alignnone size-medium wp-image-106\" src=\"https:\/\/blogs.correiobraziliense.com.br\/nosso-parque-da-cidade\/wp-content\/uploads\/sites\/69\/2024\/02\/praia-2-300x225.jpeg\" alt=\"\" width=\"300\" height=\"225\" srcset=\"https:\/\/blogs.correiobraziliense.com.br\/nosso-parque-da-cidade\/wp-content\/uploads\/sites\/69\/2024\/02\/praia-2-300x225.jpeg 300w, https:\/\/blogs.correiobraziliense.com.br\/nosso-parque-da-cidade\/wp-content\/uploads\/sites\/69\/2024\/02\/praia-2-768x576.jpeg 768w, https:\/\/blogs.correiobraziliense.com.br\/nosso-parque-da-cidade\/wp-content\/uploads\/sites\/69\/2024\/02\/praia-2-1024x768.jpeg 1024w, https:\/\/blogs.correiobraziliense.com.br\/nosso-parque-da-cidade\/wp-content\/uploads\/sites\/69\/2024\/02\/praia-2-800x600.jpeg 800w, https:\/\/blogs.correiobraziliense.com.br\/nosso-parque-da-cidade\/wp-content\/uploads\/sites\/69\/2024\/02\/praia-2-550x413.jpeg 550w, https:\/\/blogs.correiobraziliense.com.br\/nosso-parque-da-cidade\/wp-content\/uploads\/sites\/69\/2024\/02\/praia-2-230x173.jpeg 230w, https:\/\/blogs.correiobraziliense.com.br\/nosso-parque-da-cidade\/wp-content\/uploads\/sites\/69\/2024\/02\/praia-2.jpeg 1280w\" sizes=\"auto, (max-width: 300px) 100vw, 300px\" \/><\/p>\n","protected":false},"excerpt":{"rendered":"<p>S\u00e3o muito comuns as compara\u00e7\u00f5es do Parque da Cidade com a praia como op\u00e7\u00e3o de lazer. Conversas entre os caminhantes tratam do tema com frequ\u00eancia. Captei algumas recentemente. As amigas caminham e conversam sobre ver\u00e3o, praia, espa\u00e7os democr\u00e1ticos e o Parque d Cidade: &#8211; T\u00e1, o Parque pode at\u00e9 ser a praia de Bras\u00edlia, mas [&hellip;]<\/p>\n","protected":false},"author":153,"featured_media":124,"comment_status":"open","ping_status":"open","sticky":false,"template":"","format":"standard","meta":{"wpb_read_more":[],"footnotes":""},"categories":[2],"tags":[],"class_list":["post-101","post","type-post","status-publish","format-standard","has-post-thumbnail","hentry","category-conversas"],"_links":{"self":[{"href":"https:\/\/blogs.correiobraziliense.com.br\/nosso-parque-da-cidade\/wp-json\/wp\/v2\/posts\/101","targetHints":{"allow":["GET"]}}],"collection":[{"href":"https:\/\/blogs.correiobraziliense.com.br\/nosso-parque-da-cidade\/wp-json\/wp\/v2\/posts"}],"about":[{"href":"https:\/\/blogs.correiobraziliense.com.br\/nosso-parque-da-cidade\/wp-json\/wp\/v2\/types\/post"}],"author":[{"embeddable":true,"href":"https:\/\/blogs.correiobraziliense.com.br\/nosso-parque-da-cidade\/wp-json\/wp\/v2\/users\/153"}],"replies":[{"embeddable":true,"href":"https:\/\/blogs.correiobraziliense.com.br\/nosso-parque-da-cidade\/wp-json\/wp\/v2\/comments?post=101"}],"version-history":[{"count":2,"href":"https:\/\/blogs.correiobraziliense.com.br\/nosso-parque-da-cidade\/wp-json\/wp\/v2\/posts\/101\/revisions"}],"predecessor-version":[{"id":108,"href":"https:\/\/blogs.correiobraziliense.com.br\/nosso-parque-da-cidade\/wp-json\/wp\/v2\/posts\/101\/revisions\/108"}],"wp:featuredmedia":[{"embeddable":true,"href":"https:\/\/blogs.correiobraziliense.com.br\/nosso-parque-da-cidade\/wp-json\/wp\/v2\/media\/124"}],"wp:attachment":[{"href":"https:\/\/blogs.correiobraziliense.com.br\/nosso-parque-da-cidade\/wp-json\/wp\/v2\/media?parent=101"}],"wp:term":[{"taxonomy":"category","embeddable":true,"href":"https:\/\/blogs.correiobraziliense.com.br\/nosso-parque-da-cidade\/wp-json\/wp\/v2\/categories?post=101"},{"taxonomy":"post_tag","embeddable":true,"href":"https:\/\/blogs.correiobraziliense.com.br\/nosso-parque-da-cidade\/wp-json\/wp\/v2\/tags?post=101"}],"curies":[{"name":"wp","href":"https:\/\/api.w.org\/{rel}","templated":true}]}}