{"id":95,"date":"2022-10-22T06:00:30","date_gmt":"2022-10-22T09:00:30","guid":{"rendered":"https:\/\/blogs.correiobraziliense.com.br\/marcas-e-negocios\/?p=95"},"modified":"2022-10-21T19:02:31","modified_gmt":"2022-10-21T22:02:31","slug":"parceria-entre-brasil-e-eua","status":"publish","type":"post","link":"https:\/\/blogs.correiobraziliense.com.br\/marcas-e-negocios\/2022\/10\/22\/parceria-entre-brasil-e-eua\/","title":{"rendered":"Parceria entre Brasil e EUA"},"content":{"rendered":"<p><span style=\"font-weight: 400\">O ano de 2022 tende a registrar recorde no com\u00e9rcio bilateral, atingindo o valor in\u00e9dito de R$ 80 bilh\u00f5es em importa\u00e7\u00f5es e exporta\u00e7\u00f5es. De acordo com a C\u00e2mara Americana de Com\u00e9rcio para o Brasil (Amcham Brasil), a proje\u00e7\u00e3o se ancora no aumento da demanda e na eleva\u00e7\u00e3o dos pre\u00e7os internacionais de itens importantes da pauta bilateral.\u00a0<\/span><\/p>\n<p><span style=\"font-weight: 400\">Segundo a institui\u00e7\u00e3o, o Centro-Oeste registra 2,7% da exporta\u00e7\u00e3o para os Estados Unidos nos primeiros meses deste ano. Em contrapartida, a regi\u00e3o Sudeste lidera as vendas com 66,6% e \u00e9 considerada a principal exportadora, com destaque para produtos sider\u00fargicos, \u00f3leos brutos de petr\u00f3leo e caf\u00e9 n\u00e3o torrado. \u201cEm um cen\u00e1rio externo mais turbulento, Brasil e Estados Unidos t\u00eam garantido a seguran\u00e7a no fornecimento de energia e de insumos estrat\u00e9gicos\u201d, informa Paula Reis, gerente regional.\u00a0<\/span><\/p>\n<p><span style=\"font-weight: 400\">A C\u00e2mara Americana de Com\u00e9rcio disponibiliza, trimestralmente, a an\u00e1lise completa dos itens e regi\u00f5es envolvidas no com\u00e9rcio entre o Brasil e os Estados Unidos. No compilado, \u00e9 poss\u00edvel compreender a evolu\u00e7\u00e3o do com\u00e9rcio bilateral assim como os produtos mais relevantes na balan\u00e7a comercial e os principais indicadores econ\u00f4micos brasileiros e norte-americanos.<\/span><\/p>\n<p><span style=\"font-weight: 400\">Considerada um p\u00f3lo inovador com o prop\u00f3sito de fomentar o com\u00e9rcio, a Amcham possui mais de quatro mil empresas associadas \u00e0 matriz, em S\u00e3o Paulo, e \u00e0s filiais, localizadas em 16 cidades brasileiras.\u00a0<\/span><\/p>\n<p><span style=\"font-weight: 400\">Com o seu ecossistema bem definido, a organiza\u00e7\u00e3o \u00e9 uma provedora de conte\u00fado, assim como uma propulsora das rela\u00e7\u00f5es entre Brasil e Estados Unidos; uma facilitadora de rela\u00e7\u00f5es empresariais e de gera\u00e7\u00e3o de neg\u00f3cios; e, tamb\u00e9m, uma ponte para o relacionamento dos seus s\u00f3cios com o governo e outras institui\u00e7\u00f5es.<\/span><\/p>\n<p><span style=\"font-weight: 400\">\u201cA Amcham promove di\u00e1logos constantes entre as iniciativas p\u00fablico e privada. Neste ano eleitoral, por exemplo, reunimos um conjunto de propostas entregues aos principais candidatos \u00e0 presid\u00eancia da Rep\u00fablica.\u2002As propostas est\u00e3o estruturadas em cinco pilares, considerados essenciais para elevar a competitividade da economia brasileira\u201d, comenta.\u00a0<\/span><\/p>\n<p><span style=\"font-weight: 400\">No documento, foram indicados aspectos como a rela\u00e7\u00e3o do Brasil com os Estados Unidos; a inser\u00e7\u00e3o global do pa\u00eds; sustentabilidade; melhoria do ambiente de neg\u00f3cios; e transforma\u00e7\u00e3o digital. Segundo a C\u00e2mara, as propostas foram elaboradas de forma completa, reunindo uma vis\u00e3o multissetorial em busca de melhorias para o universo corporativo.\u00a0<\/span><\/p>\n<p><span style=\"font-weight: 400\">Dentro desse contexto governamental, em parceria com a Accenture, empresa global de servi\u00e7os profissionais com capacidades l\u00edderes em digital, nuvem e seguran\u00e7a, a Amcham lan\u00e7ou o documento \u201cPropostas por um Brasil mais Digital\u201d.\u00a0<\/span><\/p>\n<p><span style=\"font-weight: 400\">O documento diagnostica que a maturidade digital de um pa\u00eds est\u00e1 intimamente ligada \u00e0 sua prosperidade econ\u00f4mica e que a maneira como os governos conduzem a transforma\u00e7\u00e3o digital influencia o qu\u00e3o competitivos os pa\u00edses ser\u00e3o a longo prazo.\u00a0<\/span><\/p>\n<p><span style=\"font-weight: 400\">Ainda neste ano, outra tem\u00e1tica se tornou centro das conversas da Amcham: o networking. Na avalia\u00e7\u00e3o da C\u00e2mara, ap\u00f3s dois anos de pandemia, a conex\u00e3o humana se tornou um ativo cada vez mais valorizado por l\u00edderes e empresas. Nesse \u00e2mbito, a organiza\u00e7\u00e3o, que re\u00fane uma base de mais de 170 mil empreendedores e altas lideran\u00e7as, trouxe essa pauta \u00e0 mesa brasileira por meio dos eventos realizados pela institui\u00e7\u00e3o.\u00a0<\/span><\/p>\n<p><span style=\"font-weight: 400\">&#8220;Nossos encontros e reuni\u00f5es fechadas tiveram um aumento de procura relevante, especialmente, os que promovem conex\u00e3o estrat\u00e9gica entre lideran\u00e7as e os que tratam do tema ESG, Inova\u00e7\u00e3o, Transforma\u00e7\u00e3o Digital, Cultura Organizacional e Gest\u00e3o de Pessoas\u201d, pontua Paula. Com a atua\u00e7\u00e3o da organiza\u00e7\u00e3o, a Amcham foi eleita o ecossistema de inova\u00e7\u00e3o mais efetivo do Brasil pelo ranking 100 Open Startups.\u00a0<\/span><\/p>\n<p><span style=\"font-weight: 400\">Al\u00e9m disso, houve iniciativas variadas que tamb\u00e9m foram abarcadas nos \u00faltimos anos e, sob a lideran\u00e7a de Deborah Vieitas, a primeira CEO mulher da Amcham Brasil, tiveram sucesso nacional. Entre as a\u00e7\u00f5es, destaca-se o lan\u00e7amento do Brasil Pelo Meio Ambiente, plataforma que re\u00fane projetos sustent\u00e1veis da iniciativa privada brasileira; e o desenvolvimento do Soma, movimento que mobilizou 180 empresas e mais de R$ 850 milh\u00f5es em doa\u00e7\u00f5es para o combate \u00e0 covid-19.<\/span><\/p>\n<p><b>Tr\u00eas perguntas para <\/b><b>Paula Reis, gerente regional da Amcham Brasil<\/b><b>:\u00a0<\/b><\/p>\n<blockquote><p><b>Qual a relev\u00e2ncia e abrang\u00eancia da Amcham?<\/b><\/p><\/blockquote>\n<p><span style=\"font-weight: 400\">A Amcham \u00e9 a maior entidade multissetorial brasileira, e a maior C\u00e2mara Americana entre 117 existentes fora dos Estados Unidos. Presente em 16 cidades brasileiras, representa mais de quatro mil empresas no pa\u00eds que juntas somam 1\/3 do PIB brasileiro.\u00a0<\/span><\/p>\n<blockquote><p><b>Abr\u00e3o Neto assume a lideran\u00e7a da Amcham em janeiro de 2023. Qual a expectativa com o novo CEO?<\/b><\/p><\/blockquote>\n<p><span style=\"font-weight: 400\">A experi\u00eancia do Abr\u00e3o Neto refor\u00e7ar\u00e1 a atua\u00e7\u00e3o da Amcham, sobretudo na rela\u00e7\u00e3o p\u00fablico-privada e em temas de com\u00e9rcio internacional, atra\u00e7\u00e3o de investimentos, rela\u00e7\u00e3o bilateral com os Estados Unidos, e ambiente digital, entre outras agendas. Ele traz para a entidade uma combina\u00e7\u00e3o de excel\u00eancia t\u00e9cnica e experi\u00eancia pr\u00e1tica nessas \u00e1reas, e seguir\u00e1 adiante com as transforma\u00e7\u00f5es organizacionais em curso.\u00a0<\/span><\/p>\n<blockquote><p><b>De que forma a Amcham refor\u00e7a o compromisso empresarial a favor da sustentabilidade?<\/b><\/p><\/blockquote>\n<p><span style=\"font-weight: 400\">A Amcham acaba de lan\u00e7ar a vers\u00e3o 2022 do Brasil Pelo Meio Ambiente, plataforma que estar\u00e1 na COP 27, em novembro, no Egito, com o objetivo de apresentar a\u00e7\u00f5es e investimentos concretos da iniciativa privada brasileira para a preserva\u00e7\u00e3o da biomas e reduzir a emiss\u00e3o de gases de efeito estufa, por exemplo. At\u00e9 o momento, o movimento da Amcham e da empresa global de servi\u00e7os profissionais com capacidades l\u00edderes em digital, nuvem e seguran\u00e7a International Chamber of Commerce (ICC Brasil) j\u00e1 mobiliza mais de 126 pr\u00e1ticas ambientais, de 89 empresas diferentes, somando uma previs\u00e3o de investimentos de 16,5 bilh\u00f5es.\u00a0<\/span><\/p>\n","protected":false},"excerpt":{"rendered":"<p>O ano de 2022 tende a registrar recorde no com\u00e9rcio bilateral, atingindo o valor in\u00e9dito de R$ 80 bilh\u00f5es em importa\u00e7\u00f5es e exporta\u00e7\u00f5es. De acordo com a C\u00e2mara Americana de Com\u00e9rcio para o Brasil (Amcham Brasil), a proje\u00e7\u00e3o se ancora no aumento da demanda e na eleva\u00e7\u00e3o dos pre\u00e7os internacionais de itens importantes da pauta bilateral.\u00a0 Segundo a institui\u00e7\u00e3o, o [&hellip;]<\/p>\n","protected":false},"author":138,"featured_media":96,"comment_status":"open","ping_status":"open","sticky":false,"template":"","format":"standard","meta":{"footnotes":""},"categories":[1],"tags":[],"class_list":["post-95","post","type-post","status-publish","format-standard","has-post-thumbnail","hentry","category-sem-categoria"],"_links":{"self":[{"href":"https:\/\/blogs.correiobraziliense.com.br\/marcas-e-negocios\/wp-json\/wp\/v2\/posts\/95","targetHints":{"allow":["GET"]}}],"collection":[{"href":"https:\/\/blogs.correiobraziliense.com.br\/marcas-e-negocios\/wp-json\/wp\/v2\/posts"}],"about":[{"href":"https:\/\/blogs.correiobraziliense.com.br\/marcas-e-negocios\/wp-json\/wp\/v2\/types\/post"}],"author":[{"embeddable":true,"href":"https:\/\/blogs.correiobraziliense.com.br\/marcas-e-negocios\/wp-json\/wp\/v2\/users\/138"}],"replies":[{"embeddable":true,"href":"https:\/\/blogs.correiobraziliense.com.br\/marcas-e-negocios\/wp-json\/wp\/v2\/comments?post=95"}],"version-history":[{"count":1,"href":"https:\/\/blogs.correiobraziliense.com.br\/marcas-e-negocios\/wp-json\/wp\/v2\/posts\/95\/revisions"}],"predecessor-version":[{"id":97,"href":"https:\/\/blogs.correiobraziliense.com.br\/marcas-e-negocios\/wp-json\/wp\/v2\/posts\/95\/revisions\/97"}],"wp:featuredmedia":[{"embeddable":true,"href":"https:\/\/blogs.correiobraziliense.com.br\/marcas-e-negocios\/wp-json\/wp\/v2\/media\/96"}],"wp:attachment":[{"href":"https:\/\/blogs.correiobraziliense.com.br\/marcas-e-negocios\/wp-json\/wp\/v2\/media?parent=95"}],"wp:term":[{"taxonomy":"category","embeddable":true,"href":"https:\/\/blogs.correiobraziliense.com.br\/marcas-e-negocios\/wp-json\/wp\/v2\/categories?post=95"},{"taxonomy":"post_tag","embeddable":true,"href":"https:\/\/blogs.correiobraziliense.com.br\/marcas-e-negocios\/wp-json\/wp\/v2\/tags?post=95"}],"curies":[{"name":"wp","href":"https:\/\/api.w.org\/{rel}","templated":true}]}}