{"id":897,"date":"2026-08-12T16:55:18","date_gmt":"2026-08-12T19:55:18","guid":{"rendered":"https:\/\/blogs.correiobraziliense.com.br\/marcas-e-negocios\/?p=897"},"modified":"2026-08-12T16:55:51","modified_gmt":"2026-08-12T19:55:51","slug":"producao-diaria-de-bolos-caseiros","status":"publish","type":"post","link":"https:\/\/blogs.correiobraziliense.com.br\/marcas-e-negocios\/2026\/08\/12\/producao-diaria-de-bolos-caseiros\/","title":{"rendered":"Produ\u00e7\u00e3o di\u00e1ria de bolos caseiros"},"content":{"rendered":"<p><span style=\"font-weight: 400\">O que come\u00e7ou com bolos vendidos em feiras e no porta-malas de um carro transformou-se em uma das marcas mais reconhecidas do segmento de bolos caseiros em Bras\u00edlia. A hist\u00f3ria do Bolos do Fl\u00e1vio, iniciada em 2007, \u00e9 marcada pela coragem de recome\u00e7ar: o casal \u2013 Fl\u00e1vio e Fabiana Cavalcante \u2013 deixou a Para\u00edba em busca de novas oportunidades na capital federal e encontrou, na receita simples de um bolo caseiro, o ingrediente para construir um neg\u00f3cio de sucesso.<\/span><\/p>\n<p><span style=\"font-weight: 400\">Quase duas d\u00e9cadas depois, a empresa soma 28 lojas e segue em expans\u00e3o, mas sem abrir m\u00e3o dos princ\u00edpios que sustentaram seu crescimento desde o in\u00edcio. Com uma estrat\u00e9gia baseada em planejamento, qualidade dos produtos e excel\u00eancia no atendimento, a marca mostra que \u00e9 poss\u00edvel crescer de forma consistente, preservando a ess\u00eancia que conquistou milhares de clientes ao longo dos anos.<\/span><\/p>\n<p><span style=\"font-weight: 400\">&#8220;Sa\u00edmos da Para\u00edba com pouco recurso, muita coragem e acreditando nos nossos sonhos e assim escolhemos o Distrito Federal&#8221;, recorda o propriet\u00e1rio Fl\u00e1vio Cavalcante. O empres\u00e1rio indica que a marca \u00e9 simples e amada. &#8220;Nosso prop\u00f3sito \u00e9 oferecer bolos fresquinhos, feitos diariamente, sem conservantes, resgatando o sabor da comida feita em casa. Esse \u00e9 nosso diferencial&#8221;, complementa.<\/span><\/p>\n<p><span style=\"font-weight: 400\">No primeiro ano de atua\u00e7\u00e3o, Fl\u00e1vio recorda ter alcan\u00e7ado a venda de 150 bolos em um \u00fanico dia \u2013 a v\u00e9spera de ano novo. &#8220;Era como se estiv\u00e9ssemos sonhando acordado&#8221;, diz. Al\u00e9m dessa data especial, que ficou em sua mem\u00f3ria, ele ressalta que a abertura de novas lojas tamb\u00e9m foi marcante. &#8220;O que come\u00e7ou pequeno, hoje em dia, faz parte da rotina dos brasilienses&#8221;, ressalta.\u00a0<\/span><\/p>\n<p><span style=\"font-weight: 400\">Segundo o propriet\u00e1rio, mais do que a receita, o diferencial est\u00e1 em todo o processo. Os bolos s\u00e3o produzidos diariamente, sem conservantes, garantindo sabor e frescor. Al\u00e9m disso, Fl\u00e1vio indica que, ao longo de 19 anos, foi desenvolvida uma log\u00edstica eficiente que permite abastecer todas as lojas sem comprometer a qualidade. Para ele, esse cuidado, aliado \u00e0 experi\u00eancia acumulada, \u00e9 um dos grandes diferenciais da marca.<\/span><\/p>\n<p><span style=\"font-weight: 400\">Segundo o propriet\u00e1rio, mais do que a receita, o diferencial est\u00e1 em todo o processo. Os bolos s\u00e3o produzidos diariamente, sem conservantes, garantindo sabor e frescor. &#8220;Temos muito crit\u00e9rio na sele\u00e7\u00e3o dos ingredientes. Buscamos fornecedores confi\u00e1veis e utilizamos mat\u00e9rias-primas de qualidade, porque sabemos que um bom bolo come\u00e7a pelos ingredientes&#8221;, conta.<\/span><\/p>\n<p><span style=\"font-weight: 400\">Al\u00e9m disso, Fl\u00e1vio indica que, ao longo de 19 anos, foi desenvolvida uma log\u00edstica eficiente que permite abastecer todas as lojas sem comprometer a qualidade. Os bolos s\u00e3o produzidos diariamente em uma cozinha central, seguindo padr\u00f5es de qualidade. Cada loja recebe a van com os produtos, pelo menos, tr\u00eas vezes ao dia para garantir que o cliente encontre sempre um bolo novo. Para ele, esse cuidado, aliado \u00e0 experi\u00eancia acumulada, \u00e9 um dos grandes diferenciais da marca.\u00a0<\/span><\/p>\n<p><span style=\"font-weight: 400\">Atualmente, o campe\u00e3o de vendas \u00e9 o cl\u00e1ssico bolo de cenoura. Fl\u00e1vio diz que trata-se de um sabor tradicional, que conquista clientes de todas as idades e continua sendo um dos favoritos desde o in\u00edcio da empresa.<\/span><\/p>\n<p><b>Longe da industrializa\u00e7\u00e3o<\/b><\/p>\n<p><span style=\"font-weight: 400\">Mesmo em um mercado cada vez mais marcado pela industrializa\u00e7\u00e3o, o propriet\u00e1rio do Bolos do Fl\u00e1vio afirma que a empresa nunca abriu m\u00e3o da ess\u00eancia que deu origem ao neg\u00f3cio. Segundo ele, o crescimento da marca foi acompanhado da manuten\u00e7\u00e3o de receitas tradicionais, da escolha criteriosa dos ingredientes, da produ\u00e7\u00e3o di\u00e1ria e de um rigoroso controle em todas as etapas do processo.\u00a0<\/span><\/p>\n<p><span style=\"font-weight: 400\">Essa preocupa\u00e7\u00e3o com a qualidade, destaca, \u00e9 o principal motivo da fideliza\u00e7\u00e3o dos clientes. \u201cAcreditamos que qualidade \u00e9 o que faz o cliente voltar, talvez por isso at\u00e9 hoje n\u00e3o tive coragem de fazer do Bolos do Fl\u00e1vio uma franquia. N\u00e3o quero perder esse controle da produ\u00e7\u00e3o\u201d, afirma.\u00a0<\/span><\/p>\n<p><span style=\"font-weight: 400\">Para os pr\u00f3ximos anos, o planejamento prev\u00ea um crescimento sustent\u00e1vel, levando a marca a cidades onde ainda n\u00e3o est\u00e1 presente, sem abrir m\u00e3o dos pilares que consolidaram sua trajet\u00f3ria: produtos de qualidade, atendimento pr\u00f3ximo e a tradi\u00e7\u00e3o do verdadeiro bolo caseiro.\u00a0<\/span><\/p>\n<p><b>Tr\u00eas perguntas para <\/b><b>Fl\u00e1vio Cavalcante, propriet\u00e1rio do Bolo do Fl\u00e1vio<\/b><b>:<\/b><\/p>\n<blockquote><p><b>Como foi o processo de sair das feiras do DF para abrir a primeira unidade?<\/b><\/p><\/blockquote>\n<p><span style=\"font-weight: 400\">Foi um passo desafiador, mas muito natural, at\u00e9 porque j\u00e1 era nosso projeto de in\u00edcio conseguir uma loja para alugar. Mesmo n\u00e3o tendo todos os recursos necess\u00e1rios, est\u00e1vamos confiantes que \u00edamos conseguir. E assim aconteceu.\u00a0<\/span><\/p>\n<blockquote><p><b>Por que voc\u00ea apostou na venda de bolos?<\/b><\/p><\/blockquote>\n<p><span style=\"font-weight: 400\">Porque o bolo tem um significado especial na minha vida. Meus av\u00f3s paternos j\u00e1 chegaram a ser\u00a0 donos de padaria, ent\u00e3o, eu vivi minha inf\u00e2ncia nesse meio. E o bolo re\u00fane pessoas, faz parte das lembran\u00e7as da inf\u00e2ncia, do caf\u00e9 da tarde e dos momentos em fam\u00edlia. Percebemos que existia espa\u00e7o para oferecer um bolo realmente caseiro, com qualidade e pre\u00e7o justo.<\/span><\/p>\n<blockquote><p><b>Quais foram os maiores desafios para iniciar o empreendimento?<\/b><\/p><\/blockquote>\n<p><span style=\"font-weight: 400\">Como todo empreendedor, enfrentamos muitos\u00a0 desafios financeiros. Mas o maior deles foi crescer sem perder a ess\u00eancia do produto. Sempre tivemos o compromisso de manter o mesmo padr\u00e3o de qualidade desde o primeiro bolo vendido.<\/span><\/p>\n","protected":false},"excerpt":{"rendered":"<p>O que come\u00e7ou com bolos vendidos em feiras e no porta-malas de um carro transformou-se em uma das marcas mais reconhecidas do segmento de bolos caseiros em Bras\u00edlia. A hist\u00f3ria do Bolos do Fl\u00e1vio, iniciada em 2007, \u00e9 marcada pela coragem de recome\u00e7ar: o casal \u2013 Fl\u00e1vio e Fabiana Cavalcante \u2013 deixou a Para\u00edba em busca de novas oportunidades na [&hellip;]<\/p>\n","protected":false},"author":138,"featured_media":898,"comment_status":"open","ping_status":"open","sticky":false,"template":"","format":"standard","meta":{"footnotes":""},"categories":[1],"tags":[],"class_list":["post-897","post","type-post","status-publish","format-standard","has-post-thumbnail","hentry","category-sem-categoria"],"_links":{"self":[{"href":"https:\/\/blogs.correiobraziliense.com.br\/marcas-e-negocios\/wp-json\/wp\/v2\/posts\/897","targetHints":{"allow":["GET"]}}],"collection":[{"href":"https:\/\/blogs.correiobraziliense.com.br\/marcas-e-negocios\/wp-json\/wp\/v2\/posts"}],"about":[{"href":"https:\/\/blogs.correiobraziliense.com.br\/marcas-e-negocios\/wp-json\/wp\/v2\/types\/post"}],"author":[{"embeddable":true,"href":"https:\/\/blogs.correiobraziliense.com.br\/marcas-e-negocios\/wp-json\/wp\/v2\/users\/138"}],"replies":[{"embeddable":true,"href":"https:\/\/blogs.correiobraziliense.com.br\/marcas-e-negocios\/wp-json\/wp\/v2\/comments?post=897"}],"version-history":[{"count":1,"href":"https:\/\/blogs.correiobraziliense.com.br\/marcas-e-negocios\/wp-json\/wp\/v2\/posts\/897\/revisions"}],"predecessor-version":[{"id":899,"href":"https:\/\/blogs.correiobraziliense.com.br\/marcas-e-negocios\/wp-json\/wp\/v2\/posts\/897\/revisions\/899"}],"wp:featuredmedia":[{"embeddable":true,"href":"https:\/\/blogs.correiobraziliense.com.br\/marcas-e-negocios\/wp-json\/wp\/v2\/media\/898"}],"wp:attachment":[{"href":"https:\/\/blogs.correiobraziliense.com.br\/marcas-e-negocios\/wp-json\/wp\/v2\/media?parent=897"}],"wp:term":[{"taxonomy":"category","embeddable":true,"href":"https:\/\/blogs.correiobraziliense.com.br\/marcas-e-negocios\/wp-json\/wp\/v2\/categories?post=897"},{"taxonomy":"post_tag","embeddable":true,"href":"https:\/\/blogs.correiobraziliense.com.br\/marcas-e-negocios\/wp-json\/wp\/v2\/tags?post=897"}],"curies":[{"name":"wp","href":"https:\/\/api.w.org\/{rel}","templated":true}]}}