{"id":889,"date":"2026-07-28T07:56:41","date_gmt":"2026-07-28T10:56:41","guid":{"rendered":"https:\/\/blogs.correiobraziliense.com.br\/marcas-e-negocios\/?p=889"},"modified":"2026-07-28T07:57:10","modified_gmt":"2026-07-28T10:57:10","slug":"ciencia-e-tecnologia-no-tratamento-da-pele","status":"publish","type":"post","link":"https:\/\/blogs.correiobraziliense.com.br\/marcas-e-negocios\/2026\/07\/28\/ciencia-e-tecnologia-no-tratamento-da-pele\/","title":{"rendered":"Ci\u00eancia e tecnologia no tratamento da pele"},"content":{"rendered":"<p><span style=\"font-family: verdana, sans-serif\">A busca por tratamentos dermatol\u00f3gicos cada vez mais tecnol\u00f3gicos e personalizados ganha um novo endere\u00e7o em Bras\u00edlia. Localizada no Lago Sul, a Dermatech foi inaugurada com a proposta de reunir ci\u00eancia, inova\u00e7\u00e3o e medicina regenerativa em um \u00fanico espa\u00e7o, oferecendo protocolos voltados ao rejuvenescimento facial e aos cuidados com a pele.<\/span><\/p>\n<p><span style=\"font-family: verdana, sans-serif\">\u00c0 frente da cl\u00ednica est\u00e1 o dermatologista Guilherme Machado, reconhecido pela atua\u00e7\u00e3o em Laser de CO2 e pelo desenvolvimento de protocolos inovadores, trazendo para o Brasil conhecimentos adquiridos em centros de refer\u00eancia mundial, com destaque para a Coreia do Sul, considerada uma das maiores pot\u00eancias em tecnologias para rejuvenescimento cut\u00e2neo.<\/span><\/p>\n<p><span style=\"font-family: verdana, sans-serif\">&#8220;Mais do que possuir equipamentos modernos, desenvolvemos protocolos exclusivos capazes de potencializar o desempenho de cada tecnologia. A m\u00e1quina \u00e9 apenas uma ferramenta. O verdadeiro diferencial est\u00e1 na t\u00e9cnica, no conhecimento e na capacidade de combinar recursos de forma inteligente. \u00c9 essa filosofia que me permitiu treinar mais de 1,5 mil m\u00e9dicos e ser reconhecido internacionalmente pelo desenvolvimento de novas abordagens com Laser de CO2&#8221;, destaca o especialista.\u00a0<\/span><\/p>\n<p><span style=\"font-family: verdana, sans-serif\">Guilherme explica que cada detalhe foi pensado para oferecer a melhor experi\u00eancia poss\u00edvel ao paciente. Foram selecionadas as tecnologias mais avan\u00e7adas dispon\u00edveis no mundo, muitas delas apresentadas por ele em congressos internacionais e incorporadas ap\u00f3s uma criteriosa avalia\u00e7\u00e3o cient\u00edfica. &#8220;A Coreia hoje dita muitas das tend\u00eancias mundiais em equipamentos e bioestimuladores, e fazemos quest\u00e3o de trazer essas inova\u00e7\u00f5es para o Brasil de forma respons\u00e1vel e baseada em evid\u00eancias&#8221;,\u00a0observa.<\/span><\/p>\n<p><span style=\"font-family: verdana, sans-serif\">O dermatologista indica que sempre enxergou a tecnologia como um ponto de partida, n\u00e3o como um ponto final. &#8220;Minha inquieta\u00e7\u00e3o cient\u00edfica me levou a estudar profundamente a intera\u00e7\u00e3o do laser com a pele e buscar maneiras de potencializar seus resultados&#8221;, conta. Assim nasceram protocolos pr\u00f3prios que, atualmente, s\u00e3o ensinados para outros m\u00e9dicos em diferentes regi\u00f5es do Brasil e, ainda, apresentados para outros pa\u00edses.\u00a0<\/span><\/p>\n<p><strong><span style=\"font-family: verdana, sans-serif\">Rejuvenescimento<\/span><\/strong><\/p>\n<p><span style=\"font-family: verdana, sans-serif\">A proposta da cl\u00ednica combina ci\u00eancia, tecnologia e est\u00e9tica natural como pilares complementares de uma abordagem voltada ao rejuvenescimento facial. Segundo o m\u00e9dico, a ci\u00eancia orienta as condutas, a tecnologia amplia as possibilidades terap\u00eauticas e a experi\u00eancia do especialista transforma esses recursos em resultados consistentes.\u00a0<\/span><\/p>\n<p><span style=\"font-family: verdana, sans-serif\">O objetivo \u00e9 promover um rejuvenescimento vis\u00edvel, duradouro e, ao mesmo tempo, preservar a identidade e a naturalidade de cada paciente. Hoje em dia, prioriza-se a qualidade da pele e a harmonia facial, em vez de mudan\u00e7as exageradas. &#8220;Sabemos que o melhor resultado \u00e9 aquele que impressiona pela qualidade da pele&#8221;, ressalta Guilherme.<\/span><\/p>\n<p><span style=\"font-family: verdana, sans-serif\">O\u00a0especialista acrescenta que a evolu\u00e7\u00e3o das tecnologias a laser tamb\u00e9m tem contribu\u00eddo para tornar os procedimentos mais confort\u00e1veis e acess\u00edveis. &#8220;Novas plataformas, novos modos de emiss\u00e3o do Laser de CO2, sistemas de resfriamento, terapias regenerativas e protocolos personalizados reduziram significativamente a dor e o tempo de recupera\u00e7\u00e3o. Em muitos casos, pacientes retomam suas atividades em apenas 24 a 48 horas, algo impens\u00e1vel alguns anos atr\u00e1s&#8221;, contextualiza.<\/span><\/p>\n<p><strong><span style=\"font-family: verdana, sans-serif\">Procedimentos diferenciados\u00a0<\/span><\/strong><\/p>\n<p><span style=\"font-family: verdana, sans-serif\">Entre os destaques desenvolvidos pela Dermatech est\u00e1 o Lifting Diamond, t\u00e9cnica que utiliza o Laser de CO2 para promover um efeito lifting, tratando a flacidez, redefinindo o contorno facial e estimulando a produ\u00e7\u00e3o de col\u00e1geno. Outro protocolo em evid\u00eancia \u00e9 o Laser Renew, que re\u00fane diversas tecnologias em uma \u00fanica sess\u00e3o para tratar simultaneamente flacidez, rugas, manchas, textura, poros e qualidade da pele, potencializando os resultados em compara\u00e7\u00e3o ao uso isolado de cada equipamento.<\/span><\/p>\n<p><span style=\"font-family: verdana, sans-serif\">A cl\u00ednica tamb\u00e9m investe em tratamentos voltados para regi\u00f5es espec\u00edficas do rosto. O Eye Renew foi desenvolvido para tratar os sinais de envelhecimento ao redor dos olhos, como rugas, flacidez, excesso de pele e perda da qualidade cut\u00e2nea. O Beauty Lips oferece uma alternativa para quem busca rejuvenescimento labial sem recorrer, necessariamente, ao preenchimento. Utilizando exclusivamente o Laser de CO2, o protocolo melhora a textura, a hidrata\u00e7\u00e3o, a firmeza, o contorno e estimula a produ\u00e7\u00e3o de col\u00e1geno, proporcionando um resultado natural.\u00a0<\/span><\/p>\n<p dir=\"ltr\"><strong><span style=\"font-family: verdana, sans-serif\">Tr\u00eas perguntas para Guilherme Machado, dermatologista da Dermatech<\/span><\/strong><\/p>\n<blockquote>\n<p dir=\"ltr\"><strong><span style=\"font-family: verdana, sans-serif\">Como equilibrar resultados expressivos sem perder a naturalidade?<\/span><\/strong><\/p>\n<\/blockquote>\n<p><span style=\"font-family: verdana, sans-serif\">Esse \u00e9 justamente o maior desafio da dermatologia contempor\u00e2nea. Resultados impactantes n\u00e3o significam exagero. Significam devolver qualidade, firmeza e juventude \u00e0 pele preservando as caracter\u00edsticas individuais de cada paciente. Quando ci\u00eancia, t\u00e9cnica e tecnologia caminham juntas, \u00e9 poss\u00edvel alcan\u00e7ar transforma\u00e7\u00f5es impressionantes sem artificializar a apar\u00eancia.<\/span><\/p>\n<blockquote><p><strong><span style=\"font-family: verdana, sans-serif\">O senhor\u00a0percebe uma mudan\u00e7a no perfil de quem busca procedimentos est\u00e9ticos?<\/span><\/strong><\/p><\/blockquote>\n<p><span style=\"font-family: verdana, sans-serif\">Sem d\u00favida. O paciente moderno \u00e9 muito mais informado. Ele busca tecnologia de ponta, seguran\u00e7a cient\u00edfica e resultados realmente vis\u00edveis, mas que respeitem sua identidade. Hoje, existe uma valoriza\u00e7\u00e3o muito maior da qualidade da pele, do rejuvenescimento global e da preven\u00e7\u00e3o do envelhecimento do que simplesmente da corre\u00e7\u00e3o de uma ruga espec\u00edfica.<\/span><\/p>\n<blockquote><p><strong><span style=\"font-family: verdana, sans-serif\">Quais tend\u00eancias acredita que devem transformar a dermatologia est\u00e9tica nos pr\u00f3ximos anos?<\/span><\/strong><\/p><\/blockquote>\n<p><span style=\"font-family: verdana, sans-serif\">Acredito que a dermatologia caminhar\u00e1 cada vez mais para protocolos integrados, combinando diferentes tecnologias, medicina regenerativa e intelig\u00eancia artificial para personalizar tratamentos. A Coreia do Sul continuar\u00e1 sendo uma das maiores fontes de inova\u00e7\u00e3o mundial, principalmente em equipamentos, bioestimuladores e produtos regenerativos.\u00a0Vejo tamb\u00e9m uma tend\u00eancia muito forte na redu\u00e7\u00e3o do tempo de recupera\u00e7\u00e3o. O futuro pertence aos tratamentos capazes de oferecer resultados cada vez mais expressivos, com maior conforto, r\u00e1pida recupera\u00e7\u00e3o e apar\u00eancia absolutamente natural.<\/span><\/p>\n","protected":false},"excerpt":{"rendered":"<p>A busca por tratamentos dermatol\u00f3gicos cada vez mais tecnol\u00f3gicos e personalizados ganha um novo endere\u00e7o em Bras\u00edlia. Localizada no Lago Sul, a Dermatech foi inaugurada com a proposta de reunir ci\u00eancia, inova\u00e7\u00e3o e medicina regenerativa em um \u00fanico espa\u00e7o, oferecendo protocolos voltados ao rejuvenescimento facial e aos cuidados com a pele. \u00c0 frente da cl\u00ednica est\u00e1 o dermatologista Guilherme Machado, [&hellip;]<\/p>\n","protected":false},"author":138,"featured_media":890,"comment_status":"open","ping_status":"open","sticky":false,"template":"","format":"standard","meta":{"footnotes":""},"categories":[1],"tags":[],"class_list":["post-889","post","type-post","status-publish","format-standard","has-post-thumbnail","hentry","category-sem-categoria"],"_links":{"self":[{"href":"https:\/\/blogs.correiobraziliense.com.br\/marcas-e-negocios\/wp-json\/wp\/v2\/posts\/889","targetHints":{"allow":["GET"]}}],"collection":[{"href":"https:\/\/blogs.correiobraziliense.com.br\/marcas-e-negocios\/wp-json\/wp\/v2\/posts"}],"about":[{"href":"https:\/\/blogs.correiobraziliense.com.br\/marcas-e-negocios\/wp-json\/wp\/v2\/types\/post"}],"author":[{"embeddable":true,"href":"https:\/\/blogs.correiobraziliense.com.br\/marcas-e-negocios\/wp-json\/wp\/v2\/users\/138"}],"replies":[{"embeddable":true,"href":"https:\/\/blogs.correiobraziliense.com.br\/marcas-e-negocios\/wp-json\/wp\/v2\/comments?post=889"}],"version-history":[{"count":1,"href":"https:\/\/blogs.correiobraziliense.com.br\/marcas-e-negocios\/wp-json\/wp\/v2\/posts\/889\/revisions"}],"predecessor-version":[{"id":891,"href":"https:\/\/blogs.correiobraziliense.com.br\/marcas-e-negocios\/wp-json\/wp\/v2\/posts\/889\/revisions\/891"}],"wp:featuredmedia":[{"embeddable":true,"href":"https:\/\/blogs.correiobraziliense.com.br\/marcas-e-negocios\/wp-json\/wp\/v2\/media\/890"}],"wp:attachment":[{"href":"https:\/\/blogs.correiobraziliense.com.br\/marcas-e-negocios\/wp-json\/wp\/v2\/media?parent=889"}],"wp:term":[{"taxonomy":"category","embeddable":true,"href":"https:\/\/blogs.correiobraziliense.com.br\/marcas-e-negocios\/wp-json\/wp\/v2\/categories?post=889"},{"taxonomy":"post_tag","embeddable":true,"href":"https:\/\/blogs.correiobraziliense.com.br\/marcas-e-negocios\/wp-json\/wp\/v2\/tags?post=889"}],"curies":[{"name":"wp","href":"https:\/\/api.w.org\/{rel}","templated":true}]}}